{"id":6597,"date":"2021-12-13T09:13:03","date_gmt":"2021-12-13T09:13:03","guid":{"rendered":"https:\/\/wecreatedesign.co\/dev\/WP\/amec\/?p=5677"},"modified":"2021-12-13T09:13:03","modified_gmt":"2021-12-13T09:13:03","slug":"els-plans-de-recuperacio-i-la-reindustrialitzacio-a-tot-el-mon-marquen-el-ranking-de-mercats-2022-damec","status":"publish","type":"post","link":"https:\/\/amec.es\/ca\/notes-de-premsa\/els-plans-de-recuperacio-i-la-reindustrialitzacio-a-tot-el-mon-marquen-el-ranking-de-mercats-2022-damec\/","title":{"rendered":"Els plans de recuperaci\u00f3 i la reindustrialitzaci\u00f3 a tot el m\u00f3n marquen el R\u00e0nking de Mercats 2022 d\u2019amec"},"content":{"rendered":"<ul>\n<li><strong>Els Estats Units, Fran\u00e7a, Xina i el Regne Unit encap\u00e7alen el r\u00e0nquing de pa\u00efsos amb m\u00e9s oportunitat comercial per a les empreses industrials espanyoles per al proper any.<\/strong><\/li>\n<li><strong>No obstant aix\u00f2, es multipliquen les oportunitats a tot el m\u00f3n a causa de l&#8217;escenari tan diferent obert com a conseq\u00fc\u00e8ncia de la irrupci\u00f3 de la pand\u00e8mia, els seus efectes als mercats i a la cadena de valor global, i de les ingents inversions que s&#8217;han impulsat per sortir de la crisi.<\/strong><\/li>\n<\/ul>\n<p><strong>Barcelona, 13 de desembre de 2021.<\/strong>\u00a0L&#8217;<strong>Informe de Prospectiva 2022\u00a0<\/strong>d&#8217;<strong><em>amec<\/em><\/strong>, que inclou el\u00a0<strong>R\u00e0nquing de Mercats<\/strong>, indica que la gran oportunitat per a les empreses industrials espanyoles el proper any es troba en els plans de recuperaci\u00f3 i l&#8217;aposta per la industrialitzaci\u00f3 a tot el m\u00f3n: tant els pa\u00efsos m\u00e9s avan\u00e7ats com els que es troben en vies de desenvolupament estan donant un impuls al sector productiu i a la modernitzaci\u00f3 i necessiten equipar-se amb nova tecnologia. L&#8217;<strong>Observatori\u00a0<em>amec<\/em>\u00a0<\/strong>publica des de fa cinc anys l&#8217;<strong>Informe de Prospectiva<\/strong>\u00a0per detectar on es trobaran les oportunitats per a les empreses industrials espanyoles el seg\u00fcent any, i que inclou el R\u00e0nquing de Mercats, un r\u00e0nquing de pa\u00efsos amb m\u00e9s oportunitat comercial, diferent per a cada sector industrial, perqu\u00e8 els serveixi com a eina a l&#8217;hora d&#8217;elaborar les seves estrat\u00e8gies. Els Estats Units, Fran\u00e7a i el Regne Unit encap\u00e7alen el r\u00e0nquing de Mercats 2022. No obstant, l&#8217;<strong>Observatori\u00a0<em>amec<\/em>\u00a0<\/strong>incideix que l&#8217;escenari tan diferent que s&#8217;ha obert com a conseq\u00fc\u00e8ncia de la irrupci\u00f3 de la pand\u00e8mia, els seus efectes als mercats i sobre la cadena de valor global, i de les inversions ingents que s&#8217;han impulsat per sortir de la crisi han marcat la detecci\u00f3 dels nous punts d&#8217;inter\u00e8s comercial. \u00c9s per aix\u00f2 que en aquesta ocasi\u00f3 l&#8217;informe destaca que, per sobre d&#8217;oportunitats en determinats mercats, hi ha cinc factors que estan funcionant com a impulsors de moltes microoportunitats en sectors concrets: les pol\u00edtiques d&#8217;industrialitzaci\u00f3 a pa\u00efsos en desenvolupament i de reindustrialitzaci\u00f3 a pa\u00efsos avan\u00e7ats; la diversificaci\u00f3 i relocalitzaci\u00f3 de les cadenes de valor; la modernitzaci\u00f3 de les infraestructures a pa\u00efsos en desenvolupament; la regulaci\u00f3 i normativa al voltant de la circularitat i la sostenibilitat, impulsades pels governs i per una demanda social cada cop m\u00e9s en\u00e8rgica; i l&#8217;impuls de l&#8217;e-commerce.\u00a0<strong>\u201cLes oportunitats es troben sobretot en aquests factors m\u00e9s que en pa\u00efsos, i cal identificar-los de manera anticipada per prendre avantatge. Les empreses es poden presentar com a v\u00edctimes d&#8217;aquests canvis o b\u00e9 aprofitar-los com a palanca per modernitzar-se, innovar i avan\u00e7ar la compet\u00e8ncia\u201d<\/strong>, explica el director general d&#8217;<strong><em>amec<\/em><\/strong>, Joan Tristany.<\/p>\n<p>&nbsp;<\/p>\n<p>&nbsp;<\/p>\n<p>&nbsp;<\/p>\n<p>&nbsp;<\/p>\n<p>L&#8217;exist\u00e8ncia de plans de recuperaci\u00f3 en gran quantitat de pa\u00efsos despr\u00e9s de la pand\u00e8mia, ben dotats i centrats en bona part en la ind\u00fastria, obren m\u00faltiples oportunitats en molts indrets. En general, als pa\u00efsos avan\u00e7ats hi ha programes d&#8217;ajudes a l&#8217;adquisici\u00f3 de maquin\u00e0ria 4.0 que poden proveir les empreses industrials espanyoles. Aix\u00ed mateix, estan duent a terme un proc\u00e9s de diversificaci\u00f3 i reshoring que tamb\u00e9 comportar\u00e0 oportunitats per a aquelles activitats que es vulguin implantar en un mercat. Tanmateix, els mercats emergents tamb\u00e9 estan invertint de manera decidida per passar d&#8217;economies agr\u00e0ries a industrials, i necessiten equipament industrial en camps com el t\u00e8xtil, l&#8217;alimentaci\u00f3, en construcci\u00f3 i infraestructures per a ciutats.\u00a0<strong>\u201cCal estar alerta i pensar no nom\u00e9s en els fons i ajudes que es donaran a Catalunya i a l\u2019Estat, sin\u00f3 tamb\u00e9 a la resta dels pa\u00efsos. Hi haur\u00e0 moltes noves inversions tant als mercats europeus, com als americans i els asi\u00e0tics\u201d<\/strong>, alerta Tristany.<\/p>\n<ul>\n<li>&nbsp;\n<p>Per obtenir el\u00a0<strong>R\u00e0nquing de Mercats<\/strong>\u00a0es calcula l&#8217;<strong>\u00cdndex\u00a0<em>amec<\/em><\/strong>, format per un ampli ventall d&#8217;indicadors agrupats en cinc pilars:\u00a0<strong>Facilitat de Negocis, Governan\u00e7a i Resili\u00e8ncia, Projecci\u00f3 Econ\u00f2mica, Entorn Comercial i Capacitat del Mercat<\/strong>. A aquests s&#8217;uneix un sis\u00e8 pilar, el d&#8217;<strong>Oportunitat Sectorial<\/strong>, que dona lloc a r\u00e0nquings diferents per a cada sector industrial.<\/li>\n<li>&nbsp;\n<p>El r\u00e0nquing inclou aix\u00ed mercats consolidats i fiables i mercats emergents amb una alta oportunitat.<\/li>\n<\/ul>\n<p>&nbsp;<\/p>\n<p><img fetchpriority=\"high\" decoding=\"async\" src=\"http:\/\/wecreatedesign.co\/dev\/WP\/amec\/wp-content\/uploads\/2023\/03\/raking-mercados-2022-redim-w900-h448.jpg\" alt=\"Raking-Mercados-2022.JPG\" width=\"900\" height=\"448\" \/><\/p>\n<p>&nbsp;<\/p>\n<p>&nbsp;<\/p>\n<p><strong>R\u00e0nquing de mercats 2022: EUA, pa\u00efsos europeus i asi\u00e0tics<\/strong><\/p>\n<p>&nbsp;<\/p>\n<p>Els Estats Units encap\u00e7alen el r\u00e0nquing per tractar-se d&#8217;un mercat de grans dimensions i dinamisme, refermat per l&#8217;acord de lliure comer\u00e7 T-MEC. El r\u00e0nquing situa a la part alta els pa\u00efsos europeus, que segueixen sent els principals socis per la facilitat de fer negocis i la governan\u00e7a. Els pa\u00efsos asi\u00e0tics destaquen per la seva gran projecci\u00f3 econ\u00f2mica i capacitat de mercat. La Xina, malgrat els dubtes que genera la bombolla immobili\u00e0ria,\u00a0<strong>\u201c\u00e9s un pa\u00eds que segueix sense poder obviar-se, sobretot en determinats sectors\u201d<\/strong>, i l&#8217;\u00cdndia es distingeix per la seva dimensi\u00f3, una nova classe mitjana creixent i el desig de modernitzar-se i industrialitzar-se.<\/p>\n<p>El valor de l&#8217;informe que emet l&#8217;<strong>Observatori\u00a0<em>amec<\/em><\/strong>\u00a0rau en els \u00edndexs d&#8217;oportunitat sectorial i les seves valoracions qualitatives, ja que cada sector compta amb un r\u00e0nquing de pa\u00efsos propi on es detallen a m\u00e9s les oportunitats concretes a cada mercat.\u00a0<strong>\u201cFins i tot en un mateix sector, a cada empresa li pot interessar, segons la seva estrat\u00e8gia, un mercat diferent\u201d<\/strong>, explica el director general d\u2019<strong><em>amec<\/em><\/strong>.<\/p>\n<p>&nbsp;<\/p>\n<p><strong><em>amec\u00a0<\/em><\/strong><strong>impulsa els nous factors clau de competitivitat en les empreses<\/strong><\/p>\n<p>&nbsp;<\/p>\n<p>La comunitat de les empreses industrials internacionalitzades\u00a0<strong><em>amec<\/em><\/strong>\u00a0impulsa els nous factors clau de competitivitat en les empreses de tot l\u2019Estat:\u00a0<a href=\"https:\/\/www.amec.es\/pl14\/amecnews\/actualidad\/id139\/nueva-mision-y-proposito-de-amec.htm?fcat_14=558\" data-href=\"https:\/\/www.amec.es\/pl14\/amecnews\/actualidad\/id139\/nueva-mision-y-proposito-de-amec.htm?fcat_14=558\"><strong>anticipaci\u00f3, adaptabilitat, col<\/strong><strong>\u00b7<\/strong><strong>laboraci<\/strong><strong>\u00f3<\/strong><strong>, glocalitzaci<\/strong><strong>\u00f3<\/strong><strong>\u00a0i sostenibilitat<\/strong><\/a>. Les empreses que formen part d\u2019<strong><em>amec<\/em><\/strong>\u00a0generen un volum d&#8217;exportaci\u00f3 superior als 6.200 milions d&#8217;euros, exporten una mitjana del 53,6% de la seva facturaci\u00f3 i inverteixen el 3,9% en innovaci\u00f3.<\/p>\n<p>&nbsp;<\/p>\n<p><strong>Per a m\u00e9s informaci\u00f3:<\/strong><\/p>\n<p>Gl\u00f2ria Ayuso<\/p>\n<p><a href=\"mailto:Gloria.ayuso@ga-binet.com\">Gloria.ayuso@ga-binet.com<\/a>\u00a0Tel. 654 60 95 18<\/p>\n<div class=\"registre-accions amplada-pagina\">\n<div class=\"addthis_inline_share_toolbox\" style=\"margin: 0px; padding: 0px; border: 0px; outline: 0px; font-weight: inherit; font-style: inherit; clear: both;\" data-url=\"https:\/\/www.amec.es\/ca\/pl191\/amecnews\/notas-de-prensa\/id871\/los-planes-de-recuperacion-y-la-reindustrializacion-en-todo-el-mundo-marcan-el-ranking-de-mercados-2022-de-amec.htm?fcat_191=378\" data-title=\"Els plans de recuperaci\u00f3 i la  reindustrialitzaci\u00f3 a tot el m\u00f3n marquen el  R\u00e0nking de Mercats 2022 d\u2019&lt;em&gt;amec&lt;\/em&gt;\" data-description=\"Els Estats Units, Fran\u00e7a, Xina i el Regne Unit encap\u00e7alen el r\u00e0nquing de pa\u00efsos amb m\u00e9s oportunitat comercial per a les empreses industrials espanyoles per al proper any.\nNo obstant aix\u00f2, es multipliquen les oportunitats a tot el m\u00f3n a causa de l'escenari tan diferent obert com a conseq\u00fc\u00e8ncia de la irrupci\u00f3 de la pand\u00e8mia, els seus efectes als mercats i a la cadena de valor global, i de les ingents inversions que s'han impulsat per sortir de la crisi.\"><\/p>\n<div id=\"atstbx\" class=\"at-resp-share-element at-style-responsive addthis-smartlayers addthis-animated at4-show\" role=\"region\" aria-labelledby=\"at-5b9ce29d-db28-4f9d-8604-5e93969de111\"><span id=\"at-5b9ce29d-db28-4f9d-8604-5e93969de111\" class=\"at4-visually-hidden\"><\/span><\/p>\n<div class=\"at-share-btn-elements\"><\/div>\n<h2 class=\"main_title\">Not\u00edcies relacionades<\/h2>\n<p><a name=\"portlet199\"><\/a><\/p>\n<div class=\"amplada-pagina amplada-pagina-marges \">\n<ul id=\"portlet-199\" class=\"infinite-scroll llista-portada-amb-imatges interior tres_columnes\" data-pl=\"199\" data-pageid=\"184\" data-topicid=\"0\">\n<li>\n<div class=\"llista-img-sup\"><a title=\"amec publica l'Informe de Prospectiva de Mercats 2022\" href=\"https:\/\/www.amec.es\/ca\/pl199\/amecnews\/noticias\/id873\/amec-publica-el-informe-de-prospectiva-de-mercados-2022.htm\" data-href=\"\/ca\/pl199\/amecnews\/noticias\/id873\/amec-publica-el-informe-de-prospectiva-de-mercados-2022.htm\"><img decoding=\"async\" src=\"http:\/\/wecreatedesign.co\/dev\/WP\/amec\/wp-content\/uploads\/2023\/03\/raking-mercados-2022-redim-prop66-enc-w480-h320.jpg\" alt=\"Raking-Mercados-2022\" width=\"480\" height=\"320\" \/><\/a><\/div>\n<div class=\"llista-contingut\">\n<p class=\"categoria\">\u00daLTIMES PUBLICACIONS<\/p>\n<p><a class=\"titolblau21\" title=\"amec publica l'Informe de Prospectiva de Mercats 2022\" href=\"https:\/\/www.amec.es\/ca\/pl199\/amecnews\/noticias\/id873\/amec-publica-el-informe-de-prospectiva-de-mercados-2022.htm\" data-href=\"\/ca\/pl199\/amecnews\/noticias\/id873\/amec-publica-el-informe-de-prospectiva-de-mercados-2022.htm\">amec publica l&#8217;Informe de Prospectiva de Mercats 2022<\/a><\/p>\n<p><a class=\"textegrisfosc14\" title=\"amec publica l'Informe de Prospectiva de Mercats 2022\" href=\"https:\/\/www.amec.es\/ca\/pl199\/amecnews\/noticias\/id873\/amec-publica-el-informe-de-prospectiva-de-mercados-2022.htm\" data-href=\"\/ca\/pl199\/amecnews\/noticias\/id873\/amec-publica-el-informe-de-prospectiva-de-mercados-2022.htm\">15 de desembre de 2021<\/a><\/p>\n<\/div>\n<\/li>\n<\/ul>\n","protected":false},"excerpt":{"rendered":"<p>Els Estats Units, Fran\u00e7a, Xina i el Regne Unit encap\u00e7alen el r\u00e0nquing de pa\u00efsos amb m\u00e9s oportunitat comercial per a les empreses industrials espanyoles per al proper any. No obstant aix\u00f2, es multipliquen les oportunitats a tot el m\u00f3n a causa de l&#8217;escenari tan diferent obert com a conseq\u00fc\u00e8ncia de la irrupci\u00f3 de la pand\u00e8mia, [&hellip;]<\/p>\n","protected":false},"author":1,"featured_media":0,"comment_status":"open","ping_status":"open","sticky":false,"template":"","format":"standard","meta":{"inline_featured_image":false,"footnotes":""},"categories":[28],"tags":[],"class_list":["post-6597","post","type-post","status-publish","format-standard","hentry","category-notes-de-premsa"],"yoast_head":"<!-- This site is optimized with the Yoast SEO plugin v27.3 - https:\/\/yoast.com\/product\/yoast-seo-wordpress\/ -->\n<title>Els plans de recuperaci\u00f3 i la reindustrialitzaci\u00f3 a tot el m\u00f3n marquen el R\u00e0nking de Mercats 2022 d\u2019amec | amec Positive Industry<\/title>\n<meta name=\"robots\" content=\"index, follow, max-snippet:-1, max-image-preview:large, max-video-preview:-1\" \/>\n<link rel=\"canonical\" href=\"https:\/\/amec.es\/ca\/notes-de-premsa\/els-plans-de-recuperacio-i-la-reindustrialitzacio-a-tot-el-mon-marquen-el-ranking-de-mercats-2022-damec\/\" \/>\n<meta property=\"og:locale\" content=\"ca_ES\" \/>\n<meta property=\"og:type\" content=\"article\" \/>\n<meta property=\"og:title\" content=\"Els plans de recuperaci\u00f3 i la reindustrialitzaci\u00f3 a tot el m\u00f3n marquen el R\u00e0nking de Mercats 2022 d\u2019amec | amec Positive Industry\" \/>\n<meta property=\"og:description\" content=\"Els Estats Units, Fran\u00e7a, Xina i el Regne Unit encap\u00e7alen el r\u00e0nquing de pa\u00efsos amb m\u00e9s oportunitat comercial per a les empreses industrials espanyoles per al proper any. No obstant aix\u00f2, es multipliquen les oportunitats a tot el m\u00f3n a causa de l&#8217;escenari tan diferent obert com a conseq\u00fc\u00e8ncia de la irrupci\u00f3 de la pand\u00e8mia, [&hellip;]\" \/>\n<meta property=\"og:url\" content=\"https:\/\/amec.es\/ca\/notes-de-premsa\/els-plans-de-recuperacio-i-la-reindustrialitzacio-a-tot-el-mon-marquen-el-ranking-de-mercats-2022-damec\/\" \/>\n<meta property=\"og:site_name\" content=\"amec Positive Industry\" \/>\n<meta property=\"article:published_time\" content=\"2021-12-13T09:13:03+00:00\" \/>\n<meta property=\"og:image\" content=\"http:\/\/wecreatedesign.co\/dev\/WP\/amec\/wp-content\/uploads\/2023\/03\/raking-mercados-2022-redim-w900-h448.jpg\" \/>\n<meta name=\"author\" content=\"webmaster\" \/>\n<meta name=\"twitter:card\" content=\"summary_large_image\" \/>\n<meta name=\"twitter:label1\" content=\"Escrit per\" \/>\n\t<meta name=\"twitter:data1\" content=\"webmaster\" \/>\n\t<meta name=\"twitter:label2\" content=\"Temps estimat de lectura\" \/>\n\t<meta name=\"twitter:data2\" content=\"5 minuts\" \/>\n<script type=\"application\/ld+json\" class=\"yoast-schema-graph\">{\"@context\":\"https:\\\/\\\/schema.org\",\"@graph\":[{\"@type\":\"Article\",\"@id\":\"https:\\\/\\\/amec.es\\\/ca\\\/notes-de-premsa\\\/els-plans-de-recuperacio-i-la-reindustrialitzacio-a-tot-el-mon-marquen-el-ranking-de-mercats-2022-damec\\\/#article\",\"isPartOf\":{\"@id\":\"https:\\\/\\\/amec.es\\\/ca\\\/notes-de-premsa\\\/els-plans-de-recuperacio-i-la-reindustrialitzacio-a-tot-el-mon-marquen-el-ranking-de-mercats-2022-damec\\\/\"},\"author\":{\"name\":\"webmaster\",\"@id\":\"https:\\\/\\\/amec.es\\\/#\\\/schema\\\/person\\\/377e1e145733915506a55297ad2fc830\"},\"headline\":\"Els plans de recuperaci\u00f3 i la reindustrialitzaci\u00f3 a tot el m\u00f3n marquen el R\u00e0nking de Mercats 2022 d\u2019amec\",\"datePublished\":\"2021-12-13T09:13:03+00:00\",\"mainEntityOfPage\":{\"@id\":\"https:\\\/\\\/amec.es\\\/ca\\\/notes-de-premsa\\\/els-plans-de-recuperacio-i-la-reindustrialitzacio-a-tot-el-mon-marquen-el-ranking-de-mercats-2022-damec\\\/\"},\"wordCount\":1070,\"commentCount\":0,\"publisher\":{\"@id\":\"https:\\\/\\\/amec.es\\\/#organization\"},\"image\":{\"@id\":\"https:\\\/\\\/amec.es\\\/ca\\\/notes-de-premsa\\\/els-plans-de-recuperacio-i-la-reindustrialitzacio-a-tot-el-mon-marquen-el-ranking-de-mercats-2022-damec\\\/#primaryimage\"},\"thumbnailUrl\":\"http:\\\/\\\/wecreatedesign.co\\\/dev\\\/WP\\\/amec\\\/wp-content\\\/uploads\\\/2023\\\/03\\\/raking-mercados-2022-redim-w900-h448.jpg\",\"articleSection\":[\"Notes de premsa\"],\"inLanguage\":\"ca\",\"potentialAction\":[{\"@type\":\"CommentAction\",\"name\":\"Comment\",\"target\":[\"https:\\\/\\\/amec.es\\\/ca\\\/notes-de-premsa\\\/els-plans-de-recuperacio-i-la-reindustrialitzacio-a-tot-el-mon-marquen-el-ranking-de-mercats-2022-damec\\\/#respond\"]}]},{\"@type\":\"WebPage\",\"@id\":\"https:\\\/\\\/amec.es\\\/ca\\\/notes-de-premsa\\\/els-plans-de-recuperacio-i-la-reindustrialitzacio-a-tot-el-mon-marquen-el-ranking-de-mercats-2022-damec\\\/\",\"url\":\"https:\\\/\\\/amec.es\\\/ca\\\/notes-de-premsa\\\/els-plans-de-recuperacio-i-la-reindustrialitzacio-a-tot-el-mon-marquen-el-ranking-de-mercats-2022-damec\\\/\",\"name\":\"Els plans de recuperaci\u00f3 i la reindustrialitzaci\u00f3 a tot el m\u00f3n marquen el R\u00e0nking de Mercats 2022 d\u2019amec | amec Positive Industry\",\"isPartOf\":{\"@id\":\"https:\\\/\\\/amec.es\\\/#website\"},\"primaryImageOfPage\":{\"@id\":\"https:\\\/\\\/amec.es\\\/ca\\\/notes-de-premsa\\\/els-plans-de-recuperacio-i-la-reindustrialitzacio-a-tot-el-mon-marquen-el-ranking-de-mercats-2022-damec\\\/#primaryimage\"},\"image\":{\"@id\":\"https:\\\/\\\/amec.es\\\/ca\\\/notes-de-premsa\\\/els-plans-de-recuperacio-i-la-reindustrialitzacio-a-tot-el-mon-marquen-el-ranking-de-mercats-2022-damec\\\/#primaryimage\"},\"thumbnailUrl\":\"http:\\\/\\\/wecreatedesign.co\\\/dev\\\/WP\\\/amec\\\/wp-content\\\/uploads\\\/2023\\\/03\\\/raking-mercados-2022-redim-w900-h448.jpg\",\"datePublished\":\"2021-12-13T09:13:03+00:00\",\"breadcrumb\":{\"@id\":\"https:\\\/\\\/amec.es\\\/ca\\\/notes-de-premsa\\\/els-plans-de-recuperacio-i-la-reindustrialitzacio-a-tot-el-mon-marquen-el-ranking-de-mercats-2022-damec\\\/#breadcrumb\"},\"inLanguage\":\"ca\",\"potentialAction\":[{\"@type\":\"ReadAction\",\"target\":[\"https:\\\/\\\/amec.es\\\/ca\\\/notes-de-premsa\\\/els-plans-de-recuperacio-i-la-reindustrialitzacio-a-tot-el-mon-marquen-el-ranking-de-mercats-2022-damec\\\/\"]}]},{\"@type\":\"ImageObject\",\"inLanguage\":\"ca\",\"@id\":\"https:\\\/\\\/amec.es\\\/ca\\\/notes-de-premsa\\\/els-plans-de-recuperacio-i-la-reindustrialitzacio-a-tot-el-mon-marquen-el-ranking-de-mercats-2022-damec\\\/#primaryimage\",\"url\":\"http:\\\/\\\/wecreatedesign.co\\\/dev\\\/WP\\\/amec\\\/wp-content\\\/uploads\\\/2023\\\/03\\\/raking-mercados-2022-redim-w900-h448.jpg\",\"contentUrl\":\"http:\\\/\\\/wecreatedesign.co\\\/dev\\\/WP\\\/amec\\\/wp-content\\\/uploads\\\/2023\\\/03\\\/raking-mercados-2022-redim-w900-h448.jpg\"},{\"@type\":\"BreadcrumbList\",\"@id\":\"https:\\\/\\\/amec.es\\\/ca\\\/notes-de-premsa\\\/els-plans-de-recuperacio-i-la-reindustrialitzacio-a-tot-el-mon-marquen-el-ranking-de-mercats-2022-damec\\\/#breadcrumb\",\"itemListElement\":[{\"@type\":\"ListItem\",\"position\":1,\"name\":\"Portada\",\"item\":\"https:\\\/\\\/amec.es\\\/ca\\\/home-new\\\/\"},{\"@type\":\"ListItem\",\"position\":2,\"name\":\"Els plans de recuperaci\u00f3 i la reindustrialitzaci\u00f3 a tot el m\u00f3n marquen el R\u00e0nking de Mercats 2022 d\u2019amec\"}]},{\"@type\":\"WebSite\",\"@id\":\"https:\\\/\\\/amec.es\\\/#website\",\"url\":\"https:\\\/\\\/amec.es\\\/\",\"name\":\"amec Positive Industry\",\"description\":\"\",\"publisher\":{\"@id\":\"https:\\\/\\\/amec.es\\\/#organization\"},\"potentialAction\":[{\"@type\":\"SearchAction\",\"target\":{\"@type\":\"EntryPoint\",\"urlTemplate\":\"https:\\\/\\\/amec.es\\\/?s={search_term_string}\"},\"query-input\":{\"@type\":\"PropertyValueSpecification\",\"valueRequired\":true,\"valueName\":\"search_term_string\"}}],\"inLanguage\":\"ca\"},{\"@type\":\"Organization\",\"@id\":\"https:\\\/\\\/amec.es\\\/#organization\",\"name\":\"amec Positive Industry\",\"url\":\"https:\\\/\\\/amec.es\\\/\",\"logo\":{\"@type\":\"ImageObject\",\"inLanguage\":\"ca\",\"@id\":\"https:\\\/\\\/amec.es\\\/#\\\/schema\\\/logo\\\/image\\\/\",\"url\":\"https:\\\/\\\/amec.es\\\/wp-content\\\/uploads\\\/2023\\\/07\\\/logoamec.png\",\"contentUrl\":\"https:\\\/\\\/amec.es\\\/wp-content\\\/uploads\\\/2023\\\/07\\\/logoamec.png\",\"width\":200,\"height\":48,\"caption\":\"amec Positive Industry\"},\"image\":{\"@id\":\"https:\\\/\\\/amec.es\\\/#\\\/schema\\\/logo\\\/image\\\/\"}},{\"@type\":\"Person\",\"@id\":\"https:\\\/\\\/amec.es\\\/#\\\/schema\\\/person\\\/377e1e145733915506a55297ad2fc830\",\"name\":\"webmaster\",\"image\":{\"@type\":\"ImageObject\",\"inLanguage\":\"ca\",\"@id\":\"https:\\\/\\\/secure.gravatar.com\\\/avatar\\\/1122ff7c82efe2079ddb19cd256fc39ab150caee9b258eeae8928e7f703c39f3?s=96&d=mm&r=g\",\"url\":\"https:\\\/\\\/secure.gravatar.com\\\/avatar\\\/1122ff7c82efe2079ddb19cd256fc39ab150caee9b258eeae8928e7f703c39f3?s=96&d=mm&r=g\",\"contentUrl\":\"https:\\\/\\\/secure.gravatar.com\\\/avatar\\\/1122ff7c82efe2079ddb19cd256fc39ab150caee9b258eeae8928e7f703c39f3?s=96&d=mm&r=g\",\"caption\":\"webmaster\"}}]}<\/script>\n<!-- \/ Yoast SEO plugin. -->","yoast_head_json":{"title":"Els plans de recuperaci\u00f3 i la reindustrialitzaci\u00f3 a tot el m\u00f3n marquen el R\u00e0nking de Mercats 2022 d\u2019amec | amec Positive Industry","robots":{"index":"index","follow":"follow","max-snippet":"max-snippet:-1","max-image-preview":"max-image-preview:large","max-video-preview":"max-video-preview:-1"},"canonical":"https:\/\/amec.es\/ca\/notes-de-premsa\/els-plans-de-recuperacio-i-la-reindustrialitzacio-a-tot-el-mon-marquen-el-ranking-de-mercats-2022-damec\/","og_locale":"ca_ES","og_type":"article","og_title":"Els plans de recuperaci\u00f3 i la reindustrialitzaci\u00f3 a tot el m\u00f3n marquen el R\u00e0nking de Mercats 2022 d\u2019amec | amec Positive Industry","og_description":"Els Estats Units, Fran\u00e7a, Xina i el Regne Unit encap\u00e7alen el r\u00e0nquing de pa\u00efsos amb m\u00e9s oportunitat comercial per a les empreses industrials espanyoles per al proper any. No obstant aix\u00f2, es multipliquen les oportunitats a tot el m\u00f3n a causa de l&#8217;escenari tan diferent obert com a conseq\u00fc\u00e8ncia de la irrupci\u00f3 de la pand\u00e8mia, [&hellip;]","og_url":"https:\/\/amec.es\/ca\/notes-de-premsa\/els-plans-de-recuperacio-i-la-reindustrialitzacio-a-tot-el-mon-marquen-el-ranking-de-mercats-2022-damec\/","og_site_name":"amec Positive Industry","article_published_time":"2021-12-13T09:13:03+00:00","og_image":[{"url":"http:\/\/wecreatedesign.co\/dev\/WP\/amec\/wp-content\/uploads\/2023\/03\/raking-mercados-2022-redim-w900-h448.jpg","type":"","width":"","height":""}],"author":"webmaster","twitter_card":"summary_large_image","twitter_misc":{"Escrit per":"webmaster","Temps estimat de lectura":"5 minuts"},"schema":{"@context":"https:\/\/schema.org","@graph":[{"@type":"Article","@id":"https:\/\/amec.es\/ca\/notes-de-premsa\/els-plans-de-recuperacio-i-la-reindustrialitzacio-a-tot-el-mon-marquen-el-ranking-de-mercats-2022-damec\/#article","isPartOf":{"@id":"https:\/\/amec.es\/ca\/notes-de-premsa\/els-plans-de-recuperacio-i-la-reindustrialitzacio-a-tot-el-mon-marquen-el-ranking-de-mercats-2022-damec\/"},"author":{"name":"webmaster","@id":"https:\/\/amec.es\/#\/schema\/person\/377e1e145733915506a55297ad2fc830"},"headline":"Els plans de recuperaci\u00f3 i la reindustrialitzaci\u00f3 a tot el m\u00f3n marquen el R\u00e0nking de Mercats 2022 d\u2019amec","datePublished":"2021-12-13T09:13:03+00:00","mainEntityOfPage":{"@id":"https:\/\/amec.es\/ca\/notes-de-premsa\/els-plans-de-recuperacio-i-la-reindustrialitzacio-a-tot-el-mon-marquen-el-ranking-de-mercats-2022-damec\/"},"wordCount":1070,"commentCount":0,"publisher":{"@id":"https:\/\/amec.es\/#organization"},"image":{"@id":"https:\/\/amec.es\/ca\/notes-de-premsa\/els-plans-de-recuperacio-i-la-reindustrialitzacio-a-tot-el-mon-marquen-el-ranking-de-mercats-2022-damec\/#primaryimage"},"thumbnailUrl":"http:\/\/wecreatedesign.co\/dev\/WP\/amec\/wp-content\/uploads\/2023\/03\/raking-mercados-2022-redim-w900-h448.jpg","articleSection":["Notes de premsa"],"inLanguage":"ca","potentialAction":[{"@type":"CommentAction","name":"Comment","target":["https:\/\/amec.es\/ca\/notes-de-premsa\/els-plans-de-recuperacio-i-la-reindustrialitzacio-a-tot-el-mon-marquen-el-ranking-de-mercats-2022-damec\/#respond"]}]},{"@type":"WebPage","@id":"https:\/\/amec.es\/ca\/notes-de-premsa\/els-plans-de-recuperacio-i-la-reindustrialitzacio-a-tot-el-mon-marquen-el-ranking-de-mercats-2022-damec\/","url":"https:\/\/amec.es\/ca\/notes-de-premsa\/els-plans-de-recuperacio-i-la-reindustrialitzacio-a-tot-el-mon-marquen-el-ranking-de-mercats-2022-damec\/","name":"Els plans de recuperaci\u00f3 i la reindustrialitzaci\u00f3 a tot el m\u00f3n marquen el R\u00e0nking de Mercats 2022 d\u2019amec | amec Positive Industry","isPartOf":{"@id":"https:\/\/amec.es\/#website"},"primaryImageOfPage":{"@id":"https:\/\/amec.es\/ca\/notes-de-premsa\/els-plans-de-recuperacio-i-la-reindustrialitzacio-a-tot-el-mon-marquen-el-ranking-de-mercats-2022-damec\/#primaryimage"},"image":{"@id":"https:\/\/amec.es\/ca\/notes-de-premsa\/els-plans-de-recuperacio-i-la-reindustrialitzacio-a-tot-el-mon-marquen-el-ranking-de-mercats-2022-damec\/#primaryimage"},"thumbnailUrl":"http:\/\/wecreatedesign.co\/dev\/WP\/amec\/wp-content\/uploads\/2023\/03\/raking-mercados-2022-redim-w900-h448.jpg","datePublished":"2021-12-13T09:13:03+00:00","breadcrumb":{"@id":"https:\/\/amec.es\/ca\/notes-de-premsa\/els-plans-de-recuperacio-i-la-reindustrialitzacio-a-tot-el-mon-marquen-el-ranking-de-mercats-2022-damec\/#breadcrumb"},"inLanguage":"ca","potentialAction":[{"@type":"ReadAction","target":["https:\/\/amec.es\/ca\/notes-de-premsa\/els-plans-de-recuperacio-i-la-reindustrialitzacio-a-tot-el-mon-marquen-el-ranking-de-mercats-2022-damec\/"]}]},{"@type":"ImageObject","inLanguage":"ca","@id":"https:\/\/amec.es\/ca\/notes-de-premsa\/els-plans-de-recuperacio-i-la-reindustrialitzacio-a-tot-el-mon-marquen-el-ranking-de-mercats-2022-damec\/#primaryimage","url":"http:\/\/wecreatedesign.co\/dev\/WP\/amec\/wp-content\/uploads\/2023\/03\/raking-mercados-2022-redim-w900-h448.jpg","contentUrl":"http:\/\/wecreatedesign.co\/dev\/WP\/amec\/wp-content\/uploads\/2023\/03\/raking-mercados-2022-redim-w900-h448.jpg"},{"@type":"BreadcrumbList","@id":"https:\/\/amec.es\/ca\/notes-de-premsa\/els-plans-de-recuperacio-i-la-reindustrialitzacio-a-tot-el-mon-marquen-el-ranking-de-mercats-2022-damec\/#breadcrumb","itemListElement":[{"@type":"ListItem","position":1,"name":"Portada","item":"https:\/\/amec.es\/ca\/home-new\/"},{"@type":"ListItem","position":2,"name":"Els plans de recuperaci\u00f3 i la reindustrialitzaci\u00f3 a tot el m\u00f3n marquen el R\u00e0nking de Mercats 2022 d\u2019amec"}]},{"@type":"WebSite","@id":"https:\/\/amec.es\/#website","url":"https:\/\/amec.es\/","name":"amec Positive Industry","description":"","publisher":{"@id":"https:\/\/amec.es\/#organization"},"potentialAction":[{"@type":"SearchAction","target":{"@type":"EntryPoint","urlTemplate":"https:\/\/amec.es\/?s={search_term_string}"},"query-input":{"@type":"PropertyValueSpecification","valueRequired":true,"valueName":"search_term_string"}}],"inLanguage":"ca"},{"@type":"Organization","@id":"https:\/\/amec.es\/#organization","name":"amec Positive Industry","url":"https:\/\/amec.es\/","logo":{"@type":"ImageObject","inLanguage":"ca","@id":"https:\/\/amec.es\/#\/schema\/logo\/image\/","url":"https:\/\/amec.es\/wp-content\/uploads\/2023\/07\/logoamec.png","contentUrl":"https:\/\/amec.es\/wp-content\/uploads\/2023\/07\/logoamec.png","width":200,"height":48,"caption":"amec Positive Industry"},"image":{"@id":"https:\/\/amec.es\/#\/schema\/logo\/image\/"}},{"@type":"Person","@id":"https:\/\/amec.es\/#\/schema\/person\/377e1e145733915506a55297ad2fc830","name":"webmaster","image":{"@type":"ImageObject","inLanguage":"ca","@id":"https:\/\/secure.gravatar.com\/avatar\/1122ff7c82efe2079ddb19cd256fc39ab150caee9b258eeae8928e7f703c39f3?s=96&d=mm&r=g","url":"https:\/\/secure.gravatar.com\/avatar\/1122ff7c82efe2079ddb19cd256fc39ab150caee9b258eeae8928e7f703c39f3?s=96&d=mm&r=g","contentUrl":"https:\/\/secure.gravatar.com\/avatar\/1122ff7c82efe2079ddb19cd256fc39ab150caee9b258eeae8928e7f703c39f3?s=96&d=mm&r=g","caption":"webmaster"}}]}},"_links":{"self":[{"href":"https:\/\/amec.es\/ca\/wp-json\/wp\/v2\/posts\/6597","targetHints":{"allow":["GET"]}}],"collection":[{"href":"https:\/\/amec.es\/ca\/wp-json\/wp\/v2\/posts"}],"about":[{"href":"https:\/\/amec.es\/ca\/wp-json\/wp\/v2\/types\/post"}],"author":[{"embeddable":true,"href":"https:\/\/amec.es\/ca\/wp-json\/wp\/v2\/users\/1"}],"replies":[{"embeddable":true,"href":"https:\/\/amec.es\/ca\/wp-json\/wp\/v2\/comments?post=6597"}],"version-history":[{"count":0,"href":"https:\/\/amec.es\/ca\/wp-json\/wp\/v2\/posts\/6597\/revisions"}],"wp:attachment":[{"href":"https:\/\/amec.es\/ca\/wp-json\/wp\/v2\/media?parent=6597"}],"wp:term":[{"taxonomy":"category","embeddable":true,"href":"https:\/\/amec.es\/ca\/wp-json\/wp\/v2\/categories?post=6597"},{"taxonomy":"post_tag","embeddable":true,"href":"https:\/\/amec.es\/ca\/wp-json\/wp\/v2\/tags?post=6597"}],"curies":[{"name":"wp","href":"https:\/\/api.w.org\/{rel}","templated":true}]}}