{"id":6602,"date":"2022-01-27T04:24:08","date_gmt":"2022-01-27T04:24:08","guid":{"rendered":"https:\/\/wecreatedesign.co\/dev\/WP\/amec\/?p=5131"},"modified":"2022-01-27T04:24:08","modified_gmt":"2022-01-27T04:24:08","slug":"amec-estreny-les-relacions-amb-la-secretaria-destat-de-comerc-per-donar-respostes-a-les-necessitats-de-les-empreses-industrials","status":"publish","type":"post","link":"https:\/\/amec.es\/ca\/actualitat\/amec-estreny-les-relacions-amb-la-secretaria-destat-de-comerc-per-donar-respostes-a-les-necessitats-de-les-empreses-industrials\/","title":{"rendered":"amec estreny les relacions amb la Secret\u00e0ria d&#8217;Estat de Comer\u00e7 per donar respostes a les necessitats de les empreses industrials"},"content":{"rendered":"<div class=\"amplada-pagina descripcion\">\n<p><img fetchpriority=\"high\" decoding=\"async\" src=\"http:\/\/wecreatedesign.co\/dev\/WP\/amec\/wp-content\/uploads\/2023\/03\/xiana-mendez-2-redim-w500-h281.jpg\" alt=\"Xiana-mendez-2.jpg\" width=\"500\" height=\"281\" \/><strong>El president d&#8217;\u00a0<em>amec<\/em>\u00a0, Pere Relats, i el director general, Joan Tristany, s&#8217;han reunit recentment amb la Secretaria d&#8217;Estat de Comer\u00e7, Xiana M\u00e9ndez<\/strong>\u00a0, en un contacte que ha servit per\u00a0<strong>estr\u00e8nyer les vies de col\u00b7laboraci\u00f3<\/strong>\u00a0entre les dues institucions.<\/p>\n<p>La reuni\u00f3 va servir per presentar a la Secret\u00e0ria d&#8217;Estat el moviment\u00a0<a href=\"https:\/\/positiveindustry.org\/\" target=\"_blank\" rel=\"noopener\">Positive Industry<\/a>\u00a0de\u00a0<em><strong>Amec<\/strong><\/em>\u00a0i per compartir la situaci\u00f3 del comer\u00e7 exterior i tractar com estan operant les empreses. Relats va transmetre la preocupaci\u00f3 de les empreses industrials per les limitacions a la mobilitat i el trencament de les cadenes de valor log\u00edstiques.<\/p>\n<p>Tamb\u00e9 es va tractar el\u00a0<strong>Pla d&#8217;Acci\u00f3 per a la Internacionalitzaci\u00f3 de l&#8217;Economia Espanyola 2021-22<\/strong>\u00a0que conforma l&#8217;acci\u00f3 del Govern en suport a la internacionalitzaci\u00f3. Aquest pla comparteix els\u00a0<a href=\"https:\/\/www.amec.es\/es\/mercado-internacional.htm\" target=\"_blank\" rel=\"noopener\">objectius pels quals treballa intensament\u00a0<em><strong>amec<\/strong><\/em><\/a>\u00a0, ja que es proposa impulsar la internacionalitzaci\u00f3 de l&#8217;economia espanyola i posicionar el sector exterior com a pilar de la recuperaci\u00f3 econ\u00f2mica i generador d&#8217;ocupaci\u00f3 a trav\u00e9s de la millora de la competitivitat i la pres\u00e8ncia m\u00e9s gran empreses espanyoles a l&#8217;exterior. En aquesta l\u00ednia,\u00a0<em><strong>amec<\/strong><\/em>\u00a0i M\u00e9ndez van compartir les noves necessitats que tenen les empreses per adre\u00e7ar-se als mercats exteriors, a causa de les\u00a0<strong>noves formes de pres\u00e8ncia global<\/strong>\u00a0, que \u00e9s ara tant presencial com a digital.<\/p>\n<p>En aquest sentit, la Secret\u00e0ria d&#8217;Estat de Comer\u00e7 i el President i el Director General de\u00a0<em><strong>Amec<\/strong><\/em>\u00a0van convenir a\u00a0<strong>obrir nous \u00e0mbits de col\u00b7laboraci\u00f3<\/strong>\u00a0. \u00c9s per aix\u00f2 que es portaran a terme nous contactes per tal de fer accions que permetin que els t\u00e8cnics de comer\u00e7 coneguin la situaci\u00f3 i l&#8217;estat de l&#8217;operativa de les empreses industrials per treballar conjuntament a favor de donar respostes a les necessitats.<\/p>\n<p>&nbsp;<\/p>\n<p><a href=\"https:\/\/www.amec.es\/es\/mercado-internacional.htm\" target=\"_blank\" rel=\"noopener\">Consulta aqu\u00ed tot el que\u00a0<em><strong>faig<\/strong><\/em>\u00a0perqu\u00e8 arribis als mercats internacionals del teu m\u00e0xim inter\u00e8s<\/a>\u00a0.<\/p>\n<\/div>\n","protected":false},"excerpt":{"rendered":"<p>El president d&#8217;\u00a0amec\u00a0, Pere Relats, i el director general, Joan Tristany, s&#8217;han reunit recentment amb la Secretaria d&#8217;Estat de Comer\u00e7, Xiana M\u00e9ndez\u00a0, en un contacte que ha servit per\u00a0estr\u00e8nyer les vies de col\u00b7laboraci\u00f3\u00a0entre les dues institucions. La reuni\u00f3 va servir per presentar a la Secret\u00e0ria d&#8217;Estat el moviment\u00a0Positive Industry\u00a0de\u00a0Amec\u00a0i per compartir la situaci\u00f3 del comer\u00e7 [&hellip;]<\/p>\n","protected":false},"author":1,"featured_media":5132,"comment_status":"open","ping_status":"open","sticky":false,"template":"","format":"standard","meta":{"inline_featured_image":false,"footnotes":""},"categories":[27],"tags":[],"class_list":["post-6602","post","type-post","status-publish","format-standard","has-post-thumbnail","hentry","category-actualitat"],"yoast_head":"<!-- This site is optimized with the Yoast SEO plugin v27.3 - https:\/\/yoast.com\/product\/yoast-seo-wordpress\/ -->\n<title>amec estreny les relacions amb la Secret\u00e0ria d&#039;Estat de Comer\u00e7 per donar respostes a les necessitats de les empreses industrials | amec Positive Industry<\/title>\n<meta name=\"robots\" content=\"index, follow, max-snippet:-1, max-image-preview:large, max-video-preview:-1\" \/>\n<link rel=\"canonical\" href=\"https:\/\/amec.es\/ca\/actualitat\/amec-estreny-les-relacions-amb-la-secretaria-destat-de-comerc-per-donar-respostes-a-les-necessitats-de-les-empreses-industrials\/\" \/>\n<meta property=\"og:locale\" content=\"ca_ES\" \/>\n<meta property=\"og:type\" content=\"article\" \/>\n<meta property=\"og:title\" content=\"amec estreny les relacions amb la Secret\u00e0ria d&#039;Estat de Comer\u00e7 per donar respostes a les necessitats de les empreses industrials | amec Positive Industry\" \/>\n<meta property=\"og:description\" content=\"El president d&#8217;\u00a0amec\u00a0, Pere Relats, i el director general, Joan Tristany, s&#8217;han reunit recentment amb la Secretaria d&#8217;Estat de Comer\u00e7, Xiana M\u00e9ndez\u00a0, en un contacte que ha servit per\u00a0estr\u00e8nyer les vies de col\u00b7laboraci\u00f3\u00a0entre les dues institucions. La reuni\u00f3 va servir per presentar a la Secret\u00e0ria d&#8217;Estat el moviment\u00a0Positive Industry\u00a0de\u00a0Amec\u00a0i per compartir la situaci\u00f3 del comer\u00e7 [&hellip;]\" \/>\n<meta property=\"og:url\" content=\"https:\/\/amec.es\/ca\/actualitat\/amec-estreny-les-relacions-amb-la-secretaria-destat-de-comerc-per-donar-respostes-a-les-necessitats-de-les-empreses-industrials\/\" \/>\n<meta property=\"og:site_name\" content=\"amec Positive Industry\" \/>\n<meta property=\"article:published_time\" content=\"2022-01-27T04:24:08+00:00\" \/>\n<meta property=\"og:image\" content=\"https:\/\/amec.es\/wp-content\/uploads\/2023\/08\/sercobe.jpg\" \/>\n\t<meta property=\"og:image:width\" content=\"380\" \/>\n\t<meta property=\"og:image:height\" content=\"225\" \/>\n\t<meta property=\"og:image:type\" content=\"image\/jpeg\" \/>\n<meta name=\"author\" content=\"webmaster\" \/>\n<meta name=\"twitter:card\" content=\"summary_large_image\" \/>\n<meta name=\"twitter:label1\" content=\"Escrit per\" \/>\n\t<meta name=\"twitter:data1\" content=\"webmaster\" \/>\n\t<meta name=\"twitter:label2\" content=\"Temps estimat de lectura\" \/>\n\t<meta name=\"twitter:data2\" content=\"2 minuts\" \/>\n<script type=\"application\/ld+json\" class=\"yoast-schema-graph\">{\"@context\":\"https:\\\/\\\/schema.org\",\"@graph\":[{\"@type\":\"Article\",\"@id\":\"https:\\\/\\\/amec.es\\\/ca\\\/actualitat\\\/amec-estreny-les-relacions-amb-la-secretaria-destat-de-comerc-per-donar-respostes-a-les-necessitats-de-les-empreses-industrials\\\/#article\",\"isPartOf\":{\"@id\":\"https:\\\/\\\/amec.es\\\/ca\\\/actualitat\\\/amec-estreny-les-relacions-amb-la-secretaria-destat-de-comerc-per-donar-respostes-a-les-necessitats-de-les-empreses-industrials\\\/\"},\"author\":{\"name\":\"webmaster\",\"@id\":\"https:\\\/\\\/amec.es\\\/#\\\/schema\\\/person\\\/377e1e145733915506a55297ad2fc830\"},\"headline\":\"amec estreny les relacions amb la Secret\u00e0ria d&#8217;Estat de Comer\u00e7 per donar respostes a les necessitats de les empreses industrials\",\"datePublished\":\"2022-01-27T04:24:08+00:00\",\"mainEntityOfPage\":{\"@id\":\"https:\\\/\\\/amec.es\\\/ca\\\/actualitat\\\/amec-estreny-les-relacions-amb-la-secretaria-destat-de-comerc-per-donar-respostes-a-les-necessitats-de-les-empreses-industrials\\\/\"},\"wordCount\":345,\"commentCount\":0,\"publisher\":{\"@id\":\"https:\\\/\\\/amec.es\\\/#organization\"},\"image\":{\"@id\":\"https:\\\/\\\/amec.es\\\/ca\\\/actualitat\\\/amec-estreny-les-relacions-amb-la-secretaria-destat-de-comerc-per-donar-respostes-a-les-necessitats-de-les-empreses-industrials\\\/#primaryimage\"},\"thumbnailUrl\":\"https:\\\/\\\/amec.es\\\/wp-content\\\/uploads\\\/2023\\\/08\\\/sercobe.jpg\",\"articleSection\":[\"Actualitat\"],\"inLanguage\":\"ca\",\"potentialAction\":[{\"@type\":\"CommentAction\",\"name\":\"Comment\",\"target\":[\"https:\\\/\\\/amec.es\\\/ca\\\/actualitat\\\/amec-estreny-les-relacions-amb-la-secretaria-destat-de-comerc-per-donar-respostes-a-les-necessitats-de-les-empreses-industrials\\\/#respond\"]}]},{\"@type\":\"WebPage\",\"@id\":\"https:\\\/\\\/amec.es\\\/ca\\\/actualitat\\\/amec-estreny-les-relacions-amb-la-secretaria-destat-de-comerc-per-donar-respostes-a-les-necessitats-de-les-empreses-industrials\\\/\",\"url\":\"https:\\\/\\\/amec.es\\\/ca\\\/actualitat\\\/amec-estreny-les-relacions-amb-la-secretaria-destat-de-comerc-per-donar-respostes-a-les-necessitats-de-les-empreses-industrials\\\/\",\"name\":\"amec estreny les relacions amb la Secret\u00e0ria d'Estat de Comer\u00e7 per donar respostes a les necessitats de les empreses industrials | amec Positive Industry\",\"isPartOf\":{\"@id\":\"https:\\\/\\\/amec.es\\\/#website\"},\"primaryImageOfPage\":{\"@id\":\"https:\\\/\\\/amec.es\\\/ca\\\/actualitat\\\/amec-estreny-les-relacions-amb-la-secretaria-destat-de-comerc-per-donar-respostes-a-les-necessitats-de-les-empreses-industrials\\\/#primaryimage\"},\"image\":{\"@id\":\"https:\\\/\\\/amec.es\\\/ca\\\/actualitat\\\/amec-estreny-les-relacions-amb-la-secretaria-destat-de-comerc-per-donar-respostes-a-les-necessitats-de-les-empreses-industrials\\\/#primaryimage\"},\"thumbnailUrl\":\"https:\\\/\\\/amec.es\\\/wp-content\\\/uploads\\\/2023\\\/08\\\/sercobe.jpg\",\"datePublished\":\"2022-01-27T04:24:08+00:00\",\"breadcrumb\":{\"@id\":\"https:\\\/\\\/amec.es\\\/ca\\\/actualitat\\\/amec-estreny-les-relacions-amb-la-secretaria-destat-de-comerc-per-donar-respostes-a-les-necessitats-de-les-empreses-industrials\\\/#breadcrumb\"},\"inLanguage\":\"ca\",\"potentialAction\":[{\"@type\":\"ReadAction\",\"target\":[\"https:\\\/\\\/amec.es\\\/ca\\\/actualitat\\\/amec-estreny-les-relacions-amb-la-secretaria-destat-de-comerc-per-donar-respostes-a-les-necessitats-de-les-empreses-industrials\\\/\"]}]},{\"@type\":\"ImageObject\",\"inLanguage\":\"ca\",\"@id\":\"https:\\\/\\\/amec.es\\\/ca\\\/actualitat\\\/amec-estreny-les-relacions-amb-la-secretaria-destat-de-comerc-per-donar-respostes-a-les-necessitats-de-les-empreses-industrials\\\/#primaryimage\",\"url\":\"https:\\\/\\\/amec.es\\\/wp-content\\\/uploads\\\/2023\\\/08\\\/sercobe.jpg\",\"contentUrl\":\"https:\\\/\\\/amec.es\\\/wp-content\\\/uploads\\\/2023\\\/08\\\/sercobe.jpg\",\"width\":380,\"height\":225},{\"@type\":\"BreadcrumbList\",\"@id\":\"https:\\\/\\\/amec.es\\\/ca\\\/actualitat\\\/amec-estreny-les-relacions-amb-la-secretaria-destat-de-comerc-per-donar-respostes-a-les-necessitats-de-les-empreses-industrials\\\/#breadcrumb\",\"itemListElement\":[{\"@type\":\"ListItem\",\"position\":1,\"name\":\"Portada\",\"item\":\"https:\\\/\\\/amec.es\\\/ca\\\/home-new\\\/\"},{\"@type\":\"ListItem\",\"position\":2,\"name\":\"amec estreny les relacions amb la Secret\u00e0ria d&#8217;Estat de Comer\u00e7 per donar respostes a les necessitats de les empreses industrials\"}]},{\"@type\":\"WebSite\",\"@id\":\"https:\\\/\\\/amec.es\\\/#website\",\"url\":\"https:\\\/\\\/amec.es\\\/\",\"name\":\"amec Positive Industry\",\"description\":\"\",\"publisher\":{\"@id\":\"https:\\\/\\\/amec.es\\\/#organization\"},\"potentialAction\":[{\"@type\":\"SearchAction\",\"target\":{\"@type\":\"EntryPoint\",\"urlTemplate\":\"https:\\\/\\\/amec.es\\\/?s={search_term_string}\"},\"query-input\":{\"@type\":\"PropertyValueSpecification\",\"valueRequired\":true,\"valueName\":\"search_term_string\"}}],\"inLanguage\":\"ca\"},{\"@type\":\"Organization\",\"@id\":\"https:\\\/\\\/amec.es\\\/#organization\",\"name\":\"amec Positive Industry\",\"url\":\"https:\\\/\\\/amec.es\\\/\",\"logo\":{\"@type\":\"ImageObject\",\"inLanguage\":\"ca\",\"@id\":\"https:\\\/\\\/amec.es\\\/#\\\/schema\\\/logo\\\/image\\\/\",\"url\":\"https:\\\/\\\/amec.es\\\/wp-content\\\/uploads\\\/2023\\\/07\\\/logoamec.png\",\"contentUrl\":\"https:\\\/\\\/amec.es\\\/wp-content\\\/uploads\\\/2023\\\/07\\\/logoamec.png\",\"width\":200,\"height\":48,\"caption\":\"amec Positive Industry\"},\"image\":{\"@id\":\"https:\\\/\\\/amec.es\\\/#\\\/schema\\\/logo\\\/image\\\/\"}},{\"@type\":\"Person\",\"@id\":\"https:\\\/\\\/amec.es\\\/#\\\/schema\\\/person\\\/377e1e145733915506a55297ad2fc830\",\"name\":\"webmaster\",\"image\":{\"@type\":\"ImageObject\",\"inLanguage\":\"ca\",\"@id\":\"https:\\\/\\\/secure.gravatar.com\\\/avatar\\\/1122ff7c82efe2079ddb19cd256fc39ab150caee9b258eeae8928e7f703c39f3?s=96&d=mm&r=g\",\"url\":\"https:\\\/\\\/secure.gravatar.com\\\/avatar\\\/1122ff7c82efe2079ddb19cd256fc39ab150caee9b258eeae8928e7f703c39f3?s=96&d=mm&r=g\",\"contentUrl\":\"https:\\\/\\\/secure.gravatar.com\\\/avatar\\\/1122ff7c82efe2079ddb19cd256fc39ab150caee9b258eeae8928e7f703c39f3?s=96&d=mm&r=g\",\"caption\":\"webmaster\"}}]}<\/script>\n<!-- \/ Yoast SEO plugin. -->","yoast_head_json":{"title":"amec estreny les relacions amb la Secret\u00e0ria d'Estat de Comer\u00e7 per donar respostes a les necessitats de les empreses industrials | amec Positive Industry","robots":{"index":"index","follow":"follow","max-snippet":"max-snippet:-1","max-image-preview":"max-image-preview:large","max-video-preview":"max-video-preview:-1"},"canonical":"https:\/\/amec.es\/ca\/actualitat\/amec-estreny-les-relacions-amb-la-secretaria-destat-de-comerc-per-donar-respostes-a-les-necessitats-de-les-empreses-industrials\/","og_locale":"ca_ES","og_type":"article","og_title":"amec estreny les relacions amb la Secret\u00e0ria d'Estat de Comer\u00e7 per donar respostes a les necessitats de les empreses industrials | amec Positive Industry","og_description":"El president d&#8217;\u00a0amec\u00a0, Pere Relats, i el director general, Joan Tristany, s&#8217;han reunit recentment amb la Secretaria d&#8217;Estat de Comer\u00e7, Xiana M\u00e9ndez\u00a0, en un contacte que ha servit per\u00a0estr\u00e8nyer les vies de col\u00b7laboraci\u00f3\u00a0entre les dues institucions. La reuni\u00f3 va servir per presentar a la Secret\u00e0ria d&#8217;Estat el moviment\u00a0Positive Industry\u00a0de\u00a0Amec\u00a0i per compartir la situaci\u00f3 del comer\u00e7 [&hellip;]","og_url":"https:\/\/amec.es\/ca\/actualitat\/amec-estreny-les-relacions-amb-la-secretaria-destat-de-comerc-per-donar-respostes-a-les-necessitats-de-les-empreses-industrials\/","og_site_name":"amec Positive Industry","article_published_time":"2022-01-27T04:24:08+00:00","og_image":[{"width":380,"height":225,"url":"https:\/\/amec.es\/wp-content\/uploads\/2023\/08\/sercobe.jpg","type":"image\/jpeg"}],"author":"webmaster","twitter_card":"summary_large_image","twitter_misc":{"Escrit per":"webmaster","Temps estimat de lectura":"2 minuts"},"schema":{"@context":"https:\/\/schema.org","@graph":[{"@type":"Article","@id":"https:\/\/amec.es\/ca\/actualitat\/amec-estreny-les-relacions-amb-la-secretaria-destat-de-comerc-per-donar-respostes-a-les-necessitats-de-les-empreses-industrials\/#article","isPartOf":{"@id":"https:\/\/amec.es\/ca\/actualitat\/amec-estreny-les-relacions-amb-la-secretaria-destat-de-comerc-per-donar-respostes-a-les-necessitats-de-les-empreses-industrials\/"},"author":{"name":"webmaster","@id":"https:\/\/amec.es\/#\/schema\/person\/377e1e145733915506a55297ad2fc830"},"headline":"amec estreny les relacions amb la Secret\u00e0ria d&#8217;Estat de Comer\u00e7 per donar respostes a les necessitats de les empreses industrials","datePublished":"2022-01-27T04:24:08+00:00","mainEntityOfPage":{"@id":"https:\/\/amec.es\/ca\/actualitat\/amec-estreny-les-relacions-amb-la-secretaria-destat-de-comerc-per-donar-respostes-a-les-necessitats-de-les-empreses-industrials\/"},"wordCount":345,"commentCount":0,"publisher":{"@id":"https:\/\/amec.es\/#organization"},"image":{"@id":"https:\/\/amec.es\/ca\/actualitat\/amec-estreny-les-relacions-amb-la-secretaria-destat-de-comerc-per-donar-respostes-a-les-necessitats-de-les-empreses-industrials\/#primaryimage"},"thumbnailUrl":"https:\/\/amec.es\/wp-content\/uploads\/2023\/08\/sercobe.jpg","articleSection":["Actualitat"],"inLanguage":"ca","potentialAction":[{"@type":"CommentAction","name":"Comment","target":["https:\/\/amec.es\/ca\/actualitat\/amec-estreny-les-relacions-amb-la-secretaria-destat-de-comerc-per-donar-respostes-a-les-necessitats-de-les-empreses-industrials\/#respond"]}]},{"@type":"WebPage","@id":"https:\/\/amec.es\/ca\/actualitat\/amec-estreny-les-relacions-amb-la-secretaria-destat-de-comerc-per-donar-respostes-a-les-necessitats-de-les-empreses-industrials\/","url":"https:\/\/amec.es\/ca\/actualitat\/amec-estreny-les-relacions-amb-la-secretaria-destat-de-comerc-per-donar-respostes-a-les-necessitats-de-les-empreses-industrials\/","name":"amec estreny les relacions amb la Secret\u00e0ria d'Estat de Comer\u00e7 per donar respostes a les necessitats de les empreses industrials | amec Positive Industry","isPartOf":{"@id":"https:\/\/amec.es\/#website"},"primaryImageOfPage":{"@id":"https:\/\/amec.es\/ca\/actualitat\/amec-estreny-les-relacions-amb-la-secretaria-destat-de-comerc-per-donar-respostes-a-les-necessitats-de-les-empreses-industrials\/#primaryimage"},"image":{"@id":"https:\/\/amec.es\/ca\/actualitat\/amec-estreny-les-relacions-amb-la-secretaria-destat-de-comerc-per-donar-respostes-a-les-necessitats-de-les-empreses-industrials\/#primaryimage"},"thumbnailUrl":"https:\/\/amec.es\/wp-content\/uploads\/2023\/08\/sercobe.jpg","datePublished":"2022-01-27T04:24:08+00:00","breadcrumb":{"@id":"https:\/\/amec.es\/ca\/actualitat\/amec-estreny-les-relacions-amb-la-secretaria-destat-de-comerc-per-donar-respostes-a-les-necessitats-de-les-empreses-industrials\/#breadcrumb"},"inLanguage":"ca","potentialAction":[{"@type":"ReadAction","target":["https:\/\/amec.es\/ca\/actualitat\/amec-estreny-les-relacions-amb-la-secretaria-destat-de-comerc-per-donar-respostes-a-les-necessitats-de-les-empreses-industrials\/"]}]},{"@type":"ImageObject","inLanguage":"ca","@id":"https:\/\/amec.es\/ca\/actualitat\/amec-estreny-les-relacions-amb-la-secretaria-destat-de-comerc-per-donar-respostes-a-les-necessitats-de-les-empreses-industrials\/#primaryimage","url":"https:\/\/amec.es\/wp-content\/uploads\/2023\/08\/sercobe.jpg","contentUrl":"https:\/\/amec.es\/wp-content\/uploads\/2023\/08\/sercobe.jpg","width":380,"height":225},{"@type":"BreadcrumbList","@id":"https:\/\/amec.es\/ca\/actualitat\/amec-estreny-les-relacions-amb-la-secretaria-destat-de-comerc-per-donar-respostes-a-les-necessitats-de-les-empreses-industrials\/#breadcrumb","itemListElement":[{"@type":"ListItem","position":1,"name":"Portada","item":"https:\/\/amec.es\/ca\/home-new\/"},{"@type":"ListItem","position":2,"name":"amec estreny les relacions amb la Secret\u00e0ria d&#8217;Estat de Comer\u00e7 per donar respostes a les necessitats de les empreses industrials"}]},{"@type":"WebSite","@id":"https:\/\/amec.es\/#website","url":"https:\/\/amec.es\/","name":"amec Positive Industry","description":"","publisher":{"@id":"https:\/\/amec.es\/#organization"},"potentialAction":[{"@type":"SearchAction","target":{"@type":"EntryPoint","urlTemplate":"https:\/\/amec.es\/?s={search_term_string}"},"query-input":{"@type":"PropertyValueSpecification","valueRequired":true,"valueName":"search_term_string"}}],"inLanguage":"ca"},{"@type":"Organization","@id":"https:\/\/amec.es\/#organization","name":"amec Positive Industry","url":"https:\/\/amec.es\/","logo":{"@type":"ImageObject","inLanguage":"ca","@id":"https:\/\/amec.es\/#\/schema\/logo\/image\/","url":"https:\/\/amec.es\/wp-content\/uploads\/2023\/07\/logoamec.png","contentUrl":"https:\/\/amec.es\/wp-content\/uploads\/2023\/07\/logoamec.png","width":200,"height":48,"caption":"amec Positive Industry"},"image":{"@id":"https:\/\/amec.es\/#\/schema\/logo\/image\/"}},{"@type":"Person","@id":"https:\/\/amec.es\/#\/schema\/person\/377e1e145733915506a55297ad2fc830","name":"webmaster","image":{"@type":"ImageObject","inLanguage":"ca","@id":"https:\/\/secure.gravatar.com\/avatar\/1122ff7c82efe2079ddb19cd256fc39ab150caee9b258eeae8928e7f703c39f3?s=96&d=mm&r=g","url":"https:\/\/secure.gravatar.com\/avatar\/1122ff7c82efe2079ddb19cd256fc39ab150caee9b258eeae8928e7f703c39f3?s=96&d=mm&r=g","contentUrl":"https:\/\/secure.gravatar.com\/avatar\/1122ff7c82efe2079ddb19cd256fc39ab150caee9b258eeae8928e7f703c39f3?s=96&d=mm&r=g","caption":"webmaster"}}]}},"_links":{"self":[{"href":"https:\/\/amec.es\/ca\/wp-json\/wp\/v2\/posts\/6602","targetHints":{"allow":["GET"]}}],"collection":[{"href":"https:\/\/amec.es\/ca\/wp-json\/wp\/v2\/posts"}],"about":[{"href":"https:\/\/amec.es\/ca\/wp-json\/wp\/v2\/types\/post"}],"author":[{"embeddable":true,"href":"https:\/\/amec.es\/ca\/wp-json\/wp\/v2\/users\/1"}],"replies":[{"embeddable":true,"href":"https:\/\/amec.es\/ca\/wp-json\/wp\/v2\/comments?post=6602"}],"version-history":[{"count":0,"href":"https:\/\/amec.es\/ca\/wp-json\/wp\/v2\/posts\/6602\/revisions"}],"wp:featuredmedia":[{"embeddable":true,"href":"https:\/\/amec.es\/ca\/wp-json\/wp\/v2\/media\/5132"}],"wp:attachment":[{"href":"https:\/\/amec.es\/ca\/wp-json\/wp\/v2\/media?parent=6602"}],"wp:term":[{"taxonomy":"category","embeddable":true,"href":"https:\/\/amec.es\/ca\/wp-json\/wp\/v2\/categories?post=6602"},{"taxonomy":"post_tag","embeddable":true,"href":"https:\/\/amec.es\/ca\/wp-json\/wp\/v2\/tags?post=6602"}],"curies":[{"name":"wp","href":"https:\/\/api.w.org\/{rel}","templated":true}]}}