{"id":6603,"date":"2022-01-27T04:25:22","date_gmt":"2022-01-27T04:25:22","guid":{"rendered":"https:\/\/wecreatedesign.co\/dev\/WP\/amec\/?p=5136"},"modified":"2022-01-27T04:25:22","modified_gmt":"2022-01-27T04:25:22","slug":"amec-i-la-cambra-de-comerc-despanya-amplien-els-ambits-de-col%c2%b7laboracio","status":"publish","type":"post","link":"https:\/\/amec.es\/ca\/actualitat\/amec-i-la-cambra-de-comerc-despanya-amplien-els-ambits-de-col%c2%b7laboracio\/","title":{"rendered":"amec i la Cambra de Comer\u00e7 d&#8217;Espanya amplien els \u00e0mbits de col\u00b7laboraci\u00f3"},"content":{"rendered":"<div class=\"amplada-pagina descripcion\">\n<p><img fetchpriority=\"high\" decoding=\"async\" src=\"http:\/\/wecreatedesign.co\/dev\/WP\/amec\/wp-content\/uploads\/2023\/03\/bonet-riera-redim-w600-h333.jpg\" alt=\"bonet-riera.jpg\" width=\"600\" height=\"333\" \/>El president d&#8217;\u00a0<em><strong>amec<\/strong><\/em>\u00a0,\u00a0<strong>Pere Relats, i el director general, Joan Tristany, s&#8217;han reunit recentment amb el president de la Cambra de Comer\u00e7 d&#8217;Espanya, Jos\u00e9 Luis Bonet, la directora general, Immaculada Riera, i el director de l&#8217;\u00c0rea Internacional, Jaume Montalvo<\/strong>\u00a0, per tal d&#8217;\u00a0<strong>ampliar els eixos actuals de col \u00b7 laboraci\u00f3 a favor de la competitivitat de les empreses industrials<\/strong>\u00a0.<\/p>\n<p>Durant la trobada, el President i el Director General de\u00a0<em><strong>Amec van<\/strong><\/em>\u00a0explicar com l&#8217;entitat ha\u00a0<strong>obert el seu focus<\/strong>\u00a0i, a m\u00e9s de treballar a favor de la internacionalitzaci\u00f3 de les empreses, est\u00e0 plenament dedicada a\u00a0<a href=\"https:\/\/www.youtube.com\/watch?v=SDztjgsQdBk\" target=\"_blank\" rel=\"noopener\">impulsar els nous factors clau de competitivitat a les empreses: la anticipaci\u00f3, adaptabilitat, col\u00b7laboraci\u00f3, glocalitzaci\u00f3 i sostenibilitat<\/a>\u00a0. Aix\u00ed mateix, van presentar el moviment\u00a0<em><a href=\"https:\/\/positiveindustry.org\/\" target=\"_blank\" rel=\"noopener\">Positive Industry<\/a><\/em>\u00a0, que impulsen les empreses industrials\u00a0<strong>compromeses amb un progr\u00e9s sostenible<\/strong>\u00a0, i que busca el suport de tots els agents i la societat per posar en valor l&#8217;important paper que desenvolupa la ind\u00fastria a favor d&#8217;una economia s\u00f2lida i diversificada i, amb ella, de m\u00e9s benestar i progr\u00e9s.<\/p>\n<p>L&#8217;obertura del focus d&#8217;acci\u00f3 d&#8217;\u00a0<em><strong>amec<\/strong><\/em>\u00a0possibilita aix\u00ed que la\u00a0<strong>col\u00b7laboraci\u00f3 entre l&#8217;entitat i la Cambra de Comer\u00e7 vagi molt m\u00e9s enll\u00e0 de l&#8217;\u00e0mbit de la internacionalitzaci\u00f3<\/strong>\u00a0i abordi altres temes com, per exemple, el de la formaci\u00f3. En aquest sentit, es van compartir les l\u00ednies d&#8217;actuaci\u00f3 de les dues organitzacions i es van tractar els grans reptes que s&#8217;afronten actualment. Aix\u00ed, es van intercanviar opinions sobre l&#8217;abast de l&#8217;aplicaci\u00f3 dels\u00a0<a href=\"https:\/\/www.amec.es\/es\/competitividad\/tramitacion-de-ayudas.htm\" target=\"_blank\" rel=\"noopener\"><strong>Fons Next Generation EU<\/strong><\/a>\u00a0, per corroborar que aquest 2022 es podr\u00e0 comprovar com aquests ajuts van fluint cap a les empreses. Tamb\u00e9 es van tractar quines s\u00f3n les expectatives sobre la inflaci\u00f3 i el seu possible impacte a les empreses ia l&#8217;economia.<\/p>\n<p>Assentades les bases d&#8217;aquesta nova col\u00b7laboraci\u00f3 m\u00e9s profunda, les dues organitzacions s&#8217;han empla\u00e7at a una nova reuni\u00f3 les properes setmanes per concretar les noves l\u00ednies de treball conjuntes.<\/p>\n<p>&nbsp;<\/p>\n<p>Coneix\u00a0<a href=\"https:\/\/www.amec.es\/es\/competitividad.htm\" target=\"_blank\" rel=\"noopener\">aqu\u00ed qu\u00e8 fa\u00a0<em><strong>amec<\/strong><\/em>\u00a0per impulsar els factors clau de competitivitat a les empreses industrials<\/a>\u00a0.<\/p>\n<\/div>\n","protected":false},"excerpt":{"rendered":"<p>El president d&#8217;\u00a0amec\u00a0,\u00a0Pere Relats, i el director general, Joan Tristany, s&#8217;han reunit recentment amb el president de la Cambra de Comer\u00e7 d&#8217;Espanya, Jos\u00e9 Luis Bonet, la directora general, Immaculada Riera, i el director de l&#8217;\u00c0rea Internacional, Jaume Montalvo\u00a0, per tal d&#8217;\u00a0ampliar els eixos actuals de col \u00b7 laboraci\u00f3 a favor de la competitivitat de les [&hellip;]<\/p>\n","protected":false},"author":1,"featured_media":5137,"comment_status":"open","ping_status":"open","sticky":false,"template":"","format":"standard","meta":{"inline_featured_image":false,"footnotes":""},"categories":[27],"tags":[],"class_list":["post-6603","post","type-post","status-publish","format-standard","has-post-thumbnail","hentry","category-actualitat"],"yoast_head":"<!-- This site is optimized with the Yoast SEO plugin v27.3 - https:\/\/yoast.com\/product\/yoast-seo-wordpress\/ -->\n<title>amec i la Cambra de Comer\u00e7 d&#039;Espanya amplien els \u00e0mbits de col\u00b7laboraci\u00f3 | amec Positive Industry<\/title>\n<meta name=\"robots\" content=\"index, follow, max-snippet:-1, max-image-preview:large, max-video-preview:-1\" \/>\n<link rel=\"canonical\" href=\"https:\/\/amec.es\/ca\/actualitat\/amec-i-la-cambra-de-comerc-despanya-amplien-els-ambits-de-col\u00b7laboracio\/\" \/>\n<meta property=\"og:locale\" content=\"ca_ES\" \/>\n<meta property=\"og:type\" content=\"article\" \/>\n<meta property=\"og:title\" content=\"amec i la Cambra de Comer\u00e7 d&#039;Espanya amplien els \u00e0mbits de col\u00b7laboraci\u00f3 | amec Positive Industry\" \/>\n<meta property=\"og:description\" content=\"El president d&#8217;\u00a0amec\u00a0,\u00a0Pere Relats, i el director general, Joan Tristany, s&#8217;han reunit recentment amb el president de la Cambra de Comer\u00e7 d&#8217;Espanya, Jos\u00e9 Luis Bonet, la directora general, Immaculada Riera, i el director de l&#8217;\u00c0rea Internacional, Jaume Montalvo\u00a0, per tal d&#8217;\u00a0ampliar els eixos actuals de col \u00b7 laboraci\u00f3 a favor de la competitivitat de les [&hellip;]\" \/>\n<meta property=\"og:url\" content=\"https:\/\/amec.es\/ca\/actualitat\/amec-i-la-cambra-de-comerc-despanya-amplien-els-ambits-de-col\u00b7laboracio\/\" \/>\n<meta property=\"og:site_name\" content=\"amec Positive Industry\" \/>\n<meta property=\"article:published_time\" content=\"2022-01-27T04:25:22+00:00\" \/>\n<meta property=\"og:image\" content=\"https:\/\/amec.es\/wp-content\/uploads\/2024\/02\/Logo_AMEC.png\" \/>\n\t<meta property=\"og:image:width\" content=\"1827\" \/>\n\t<meta property=\"og:image:height\" content=\"438\" \/>\n\t<meta property=\"og:image:type\" content=\"image\/png\" \/>\n<meta name=\"author\" content=\"webmaster\" \/>\n<meta name=\"twitter:card\" content=\"summary_large_image\" \/>\n<meta name=\"twitter:label1\" content=\"Escrit per\" \/>\n\t<meta name=\"twitter:data1\" content=\"webmaster\" \/>\n\t<meta name=\"twitter:label2\" content=\"Temps estimat de lectura\" \/>\n\t<meta name=\"twitter:data2\" content=\"2 minuts\" \/>\n<script type=\"application\/ld+json\" class=\"yoast-schema-graph\">{\"@context\":\"https:\\\/\\\/schema.org\",\"@graph\":[{\"@type\":\"Article\",\"@id\":\"https:\\\/\\\/amec.es\\\/ca\\\/actualitat\\\/amec-i-la-cambra-de-comerc-despanya-amplien-els-ambits-de-col%c2%b7laboracio\\\/#article\",\"isPartOf\":{\"@id\":\"https:\\\/\\\/amec.es\\\/ca\\\/actualitat\\\/amec-i-la-cambra-de-comerc-despanya-amplien-els-ambits-de-col%c2%b7laboracio\\\/\"},\"author\":{\"name\":\"webmaster\",\"@id\":\"https:\\\/\\\/amec.es\\\/#\\\/schema\\\/person\\\/377e1e145733915506a55297ad2fc830\"},\"headline\":\"amec i la Cambra de Comer\u00e7 d&#8217;Espanya amplien els \u00e0mbits de col\u00b7laboraci\u00f3\",\"datePublished\":\"2022-01-27T04:25:22+00:00\",\"mainEntityOfPage\":{\"@id\":\"https:\\\/\\\/amec.es\\\/ca\\\/actualitat\\\/amec-i-la-cambra-de-comerc-despanya-amplien-els-ambits-de-col%c2%b7laboracio\\\/\"},\"wordCount\":371,\"commentCount\":0,\"publisher\":{\"@id\":\"https:\\\/\\\/amec.es\\\/#organization\"},\"image\":{\"@id\":\"https:\\\/\\\/amec.es\\\/ca\\\/actualitat\\\/amec-i-la-cambra-de-comerc-despanya-amplien-els-ambits-de-col%c2%b7laboracio\\\/#primaryimage\"},\"thumbnailUrl\":\"\",\"articleSection\":[\"Actualitat\"],\"inLanguage\":\"ca\",\"potentialAction\":[{\"@type\":\"CommentAction\",\"name\":\"Comment\",\"target\":[\"https:\\\/\\\/amec.es\\\/ca\\\/actualitat\\\/amec-i-la-cambra-de-comerc-despanya-amplien-els-ambits-de-col%c2%b7laboracio\\\/#respond\"]}]},{\"@type\":\"WebPage\",\"@id\":\"https:\\\/\\\/amec.es\\\/ca\\\/actualitat\\\/amec-i-la-cambra-de-comerc-despanya-amplien-els-ambits-de-col%c2%b7laboracio\\\/\",\"url\":\"https:\\\/\\\/amec.es\\\/ca\\\/actualitat\\\/amec-i-la-cambra-de-comerc-despanya-amplien-els-ambits-de-col%c2%b7laboracio\\\/\",\"name\":\"amec i la Cambra de Comer\u00e7 d'Espanya amplien els \u00e0mbits de col\u00b7laboraci\u00f3 | amec Positive Industry\",\"isPartOf\":{\"@id\":\"https:\\\/\\\/amec.es\\\/#website\"},\"primaryImageOfPage\":{\"@id\":\"https:\\\/\\\/amec.es\\\/ca\\\/actualitat\\\/amec-i-la-cambra-de-comerc-despanya-amplien-els-ambits-de-col%c2%b7laboracio\\\/#primaryimage\"},\"image\":{\"@id\":\"https:\\\/\\\/amec.es\\\/ca\\\/actualitat\\\/amec-i-la-cambra-de-comerc-despanya-amplien-els-ambits-de-col%c2%b7laboracio\\\/#primaryimage\"},\"thumbnailUrl\":\"\",\"datePublished\":\"2022-01-27T04:25:22+00:00\",\"breadcrumb\":{\"@id\":\"https:\\\/\\\/amec.es\\\/ca\\\/actualitat\\\/amec-i-la-cambra-de-comerc-despanya-amplien-els-ambits-de-col%c2%b7laboracio\\\/#breadcrumb\"},\"inLanguage\":\"ca\",\"potentialAction\":[{\"@type\":\"ReadAction\",\"target\":[\"https:\\\/\\\/amec.es\\\/ca\\\/actualitat\\\/amec-i-la-cambra-de-comerc-despanya-amplien-els-ambits-de-col%c2%b7laboracio\\\/\"]}]},{\"@type\":\"ImageObject\",\"inLanguage\":\"ca\",\"@id\":\"https:\\\/\\\/amec.es\\\/ca\\\/actualitat\\\/amec-i-la-cambra-de-comerc-despanya-amplien-els-ambits-de-col%c2%b7laboracio\\\/#primaryimage\",\"url\":\"\",\"contentUrl\":\"\"},{\"@type\":\"BreadcrumbList\",\"@id\":\"https:\\\/\\\/amec.es\\\/ca\\\/actualitat\\\/amec-i-la-cambra-de-comerc-despanya-amplien-els-ambits-de-col%c2%b7laboracio\\\/#breadcrumb\",\"itemListElement\":[{\"@type\":\"ListItem\",\"position\":1,\"name\":\"Portada\",\"item\":\"https:\\\/\\\/amec.es\\\/ca\\\/home-new\\\/\"},{\"@type\":\"ListItem\",\"position\":2,\"name\":\"amec i la Cambra de Comer\u00e7 d&#8217;Espanya amplien els \u00e0mbits de col\u00b7laboraci\u00f3\"}]},{\"@type\":\"WebSite\",\"@id\":\"https:\\\/\\\/amec.es\\\/#website\",\"url\":\"https:\\\/\\\/amec.es\\\/\",\"name\":\"amec Positive Industry\",\"description\":\"\",\"publisher\":{\"@id\":\"https:\\\/\\\/amec.es\\\/#organization\"},\"potentialAction\":[{\"@type\":\"SearchAction\",\"target\":{\"@type\":\"EntryPoint\",\"urlTemplate\":\"https:\\\/\\\/amec.es\\\/?s={search_term_string}\"},\"query-input\":{\"@type\":\"PropertyValueSpecification\",\"valueRequired\":true,\"valueName\":\"search_term_string\"}}],\"inLanguage\":\"ca\"},{\"@type\":\"Organization\",\"@id\":\"https:\\\/\\\/amec.es\\\/#organization\",\"name\":\"amec Positive Industry\",\"url\":\"https:\\\/\\\/amec.es\\\/\",\"logo\":{\"@type\":\"ImageObject\",\"inLanguage\":\"ca\",\"@id\":\"https:\\\/\\\/amec.es\\\/#\\\/schema\\\/logo\\\/image\\\/\",\"url\":\"https:\\\/\\\/amec.es\\\/wp-content\\\/uploads\\\/2023\\\/07\\\/logoamec.png\",\"contentUrl\":\"https:\\\/\\\/amec.es\\\/wp-content\\\/uploads\\\/2023\\\/07\\\/logoamec.png\",\"width\":200,\"height\":48,\"caption\":\"amec Positive Industry\"},\"image\":{\"@id\":\"https:\\\/\\\/amec.es\\\/#\\\/schema\\\/logo\\\/image\\\/\"}},{\"@type\":\"Person\",\"@id\":\"https:\\\/\\\/amec.es\\\/#\\\/schema\\\/person\\\/377e1e145733915506a55297ad2fc830\",\"name\":\"webmaster\",\"image\":{\"@type\":\"ImageObject\",\"inLanguage\":\"ca\",\"@id\":\"https:\\\/\\\/secure.gravatar.com\\\/avatar\\\/1122ff7c82efe2079ddb19cd256fc39ab150caee9b258eeae8928e7f703c39f3?s=96&d=mm&r=g\",\"url\":\"https:\\\/\\\/secure.gravatar.com\\\/avatar\\\/1122ff7c82efe2079ddb19cd256fc39ab150caee9b258eeae8928e7f703c39f3?s=96&d=mm&r=g\",\"contentUrl\":\"https:\\\/\\\/secure.gravatar.com\\\/avatar\\\/1122ff7c82efe2079ddb19cd256fc39ab150caee9b258eeae8928e7f703c39f3?s=96&d=mm&r=g\",\"caption\":\"webmaster\"}}]}<\/script>\n<!-- \/ Yoast SEO plugin. -->","yoast_head_json":{"title":"amec i la Cambra de Comer\u00e7 d'Espanya amplien els \u00e0mbits de col\u00b7laboraci\u00f3 | amec Positive Industry","robots":{"index":"index","follow":"follow","max-snippet":"max-snippet:-1","max-image-preview":"max-image-preview:large","max-video-preview":"max-video-preview:-1"},"canonical":"https:\/\/amec.es\/ca\/actualitat\/amec-i-la-cambra-de-comerc-despanya-amplien-els-ambits-de-col\u00b7laboracio\/","og_locale":"ca_ES","og_type":"article","og_title":"amec i la Cambra de Comer\u00e7 d'Espanya amplien els \u00e0mbits de col\u00b7laboraci\u00f3 | amec Positive Industry","og_description":"El president d&#8217;\u00a0amec\u00a0,\u00a0Pere Relats, i el director general, Joan Tristany, s&#8217;han reunit recentment amb el president de la Cambra de Comer\u00e7 d&#8217;Espanya, Jos\u00e9 Luis Bonet, la directora general, Immaculada Riera, i el director de l&#8217;\u00c0rea Internacional, Jaume Montalvo\u00a0, per tal d&#8217;\u00a0ampliar els eixos actuals de col \u00b7 laboraci\u00f3 a favor de la competitivitat de les [&hellip;]","og_url":"https:\/\/amec.es\/ca\/actualitat\/amec-i-la-cambra-de-comerc-despanya-amplien-els-ambits-de-col\u00b7laboracio\/","og_site_name":"amec Positive Industry","article_published_time":"2022-01-27T04:25:22+00:00","og_image":[{"width":1827,"height":438,"url":"https:\/\/amec.es\/wp-content\/uploads\/2024\/02\/Logo_AMEC.png","type":"image\/png"}],"author":"webmaster","twitter_card":"summary_large_image","twitter_misc":{"Escrit per":"webmaster","Temps estimat de lectura":"2 minuts"},"schema":{"@context":"https:\/\/schema.org","@graph":[{"@type":"Article","@id":"https:\/\/amec.es\/ca\/actualitat\/amec-i-la-cambra-de-comerc-despanya-amplien-els-ambits-de-col%c2%b7laboracio\/#article","isPartOf":{"@id":"https:\/\/amec.es\/ca\/actualitat\/amec-i-la-cambra-de-comerc-despanya-amplien-els-ambits-de-col%c2%b7laboracio\/"},"author":{"name":"webmaster","@id":"https:\/\/amec.es\/#\/schema\/person\/377e1e145733915506a55297ad2fc830"},"headline":"amec i la Cambra de Comer\u00e7 d&#8217;Espanya amplien els \u00e0mbits de col\u00b7laboraci\u00f3","datePublished":"2022-01-27T04:25:22+00:00","mainEntityOfPage":{"@id":"https:\/\/amec.es\/ca\/actualitat\/amec-i-la-cambra-de-comerc-despanya-amplien-els-ambits-de-col%c2%b7laboracio\/"},"wordCount":371,"commentCount":0,"publisher":{"@id":"https:\/\/amec.es\/#organization"},"image":{"@id":"https:\/\/amec.es\/ca\/actualitat\/amec-i-la-cambra-de-comerc-despanya-amplien-els-ambits-de-col%c2%b7laboracio\/#primaryimage"},"thumbnailUrl":"","articleSection":["Actualitat"],"inLanguage":"ca","potentialAction":[{"@type":"CommentAction","name":"Comment","target":["https:\/\/amec.es\/ca\/actualitat\/amec-i-la-cambra-de-comerc-despanya-amplien-els-ambits-de-col%c2%b7laboracio\/#respond"]}]},{"@type":"WebPage","@id":"https:\/\/amec.es\/ca\/actualitat\/amec-i-la-cambra-de-comerc-despanya-amplien-els-ambits-de-col%c2%b7laboracio\/","url":"https:\/\/amec.es\/ca\/actualitat\/amec-i-la-cambra-de-comerc-despanya-amplien-els-ambits-de-col%c2%b7laboracio\/","name":"amec i la Cambra de Comer\u00e7 d'Espanya amplien els \u00e0mbits de col\u00b7laboraci\u00f3 | amec Positive Industry","isPartOf":{"@id":"https:\/\/amec.es\/#website"},"primaryImageOfPage":{"@id":"https:\/\/amec.es\/ca\/actualitat\/amec-i-la-cambra-de-comerc-despanya-amplien-els-ambits-de-col%c2%b7laboracio\/#primaryimage"},"image":{"@id":"https:\/\/amec.es\/ca\/actualitat\/amec-i-la-cambra-de-comerc-despanya-amplien-els-ambits-de-col%c2%b7laboracio\/#primaryimage"},"thumbnailUrl":"","datePublished":"2022-01-27T04:25:22+00:00","breadcrumb":{"@id":"https:\/\/amec.es\/ca\/actualitat\/amec-i-la-cambra-de-comerc-despanya-amplien-els-ambits-de-col%c2%b7laboracio\/#breadcrumb"},"inLanguage":"ca","potentialAction":[{"@type":"ReadAction","target":["https:\/\/amec.es\/ca\/actualitat\/amec-i-la-cambra-de-comerc-despanya-amplien-els-ambits-de-col%c2%b7laboracio\/"]}]},{"@type":"ImageObject","inLanguage":"ca","@id":"https:\/\/amec.es\/ca\/actualitat\/amec-i-la-cambra-de-comerc-despanya-amplien-els-ambits-de-col%c2%b7laboracio\/#primaryimage","url":"","contentUrl":""},{"@type":"BreadcrumbList","@id":"https:\/\/amec.es\/ca\/actualitat\/amec-i-la-cambra-de-comerc-despanya-amplien-els-ambits-de-col%c2%b7laboracio\/#breadcrumb","itemListElement":[{"@type":"ListItem","position":1,"name":"Portada","item":"https:\/\/amec.es\/ca\/home-new\/"},{"@type":"ListItem","position":2,"name":"amec i la Cambra de Comer\u00e7 d&#8217;Espanya amplien els \u00e0mbits de col\u00b7laboraci\u00f3"}]},{"@type":"WebSite","@id":"https:\/\/amec.es\/#website","url":"https:\/\/amec.es\/","name":"amec Positive Industry","description":"","publisher":{"@id":"https:\/\/amec.es\/#organization"},"potentialAction":[{"@type":"SearchAction","target":{"@type":"EntryPoint","urlTemplate":"https:\/\/amec.es\/?s={search_term_string}"},"query-input":{"@type":"PropertyValueSpecification","valueRequired":true,"valueName":"search_term_string"}}],"inLanguage":"ca"},{"@type":"Organization","@id":"https:\/\/amec.es\/#organization","name":"amec Positive Industry","url":"https:\/\/amec.es\/","logo":{"@type":"ImageObject","inLanguage":"ca","@id":"https:\/\/amec.es\/#\/schema\/logo\/image\/","url":"https:\/\/amec.es\/wp-content\/uploads\/2023\/07\/logoamec.png","contentUrl":"https:\/\/amec.es\/wp-content\/uploads\/2023\/07\/logoamec.png","width":200,"height":48,"caption":"amec Positive Industry"},"image":{"@id":"https:\/\/amec.es\/#\/schema\/logo\/image\/"}},{"@type":"Person","@id":"https:\/\/amec.es\/#\/schema\/person\/377e1e145733915506a55297ad2fc830","name":"webmaster","image":{"@type":"ImageObject","inLanguage":"ca","@id":"https:\/\/secure.gravatar.com\/avatar\/1122ff7c82efe2079ddb19cd256fc39ab150caee9b258eeae8928e7f703c39f3?s=96&d=mm&r=g","url":"https:\/\/secure.gravatar.com\/avatar\/1122ff7c82efe2079ddb19cd256fc39ab150caee9b258eeae8928e7f703c39f3?s=96&d=mm&r=g","contentUrl":"https:\/\/secure.gravatar.com\/avatar\/1122ff7c82efe2079ddb19cd256fc39ab150caee9b258eeae8928e7f703c39f3?s=96&d=mm&r=g","caption":"webmaster"}}]}},"_links":{"self":[{"href":"https:\/\/amec.es\/ca\/wp-json\/wp\/v2\/posts\/6603","targetHints":{"allow":["GET"]}}],"collection":[{"href":"https:\/\/amec.es\/ca\/wp-json\/wp\/v2\/posts"}],"about":[{"href":"https:\/\/amec.es\/ca\/wp-json\/wp\/v2\/types\/post"}],"author":[{"embeddable":true,"href":"https:\/\/amec.es\/ca\/wp-json\/wp\/v2\/users\/1"}],"replies":[{"embeddable":true,"href":"https:\/\/amec.es\/ca\/wp-json\/wp\/v2\/comments?post=6603"}],"version-history":[{"count":0,"href":"https:\/\/amec.es\/ca\/wp-json\/wp\/v2\/posts\/6603\/revisions"}],"wp:featuredmedia":[{"embeddable":true,"href":"https:\/\/amec.es\/ca\/wp-json\/"}],"wp:attachment":[{"href":"https:\/\/amec.es\/ca\/wp-json\/wp\/v2\/media?parent=6603"}],"wp:term":[{"taxonomy":"category","embeddable":true,"href":"https:\/\/amec.es\/ca\/wp-json\/wp\/v2\/categories?post=6603"},{"taxonomy":"post_tag","embeddable":true,"href":"https:\/\/amec.es\/ca\/wp-json\/wp\/v2\/tags?post=6603"}],"curies":[{"name":"wp","href":"https:\/\/api.w.org\/{rel}","templated":true}]}}