{"id":6606,"date":"2022-01-28T04:30:11","date_gmt":"2022-01-28T04:30:11","guid":{"rendered":"https:\/\/wecreatedesign.co\/dev\/WP\/amec\/?p=5153"},"modified":"2022-01-28T04:30:11","modified_gmt":"2022-01-28T04:30:11","slug":"amec-i-deutsche-bank-amplien-lacord-de-partenariat-per-oferir-nous-serveis-a-les-empreses-industrials","status":"publish","type":"post","link":"https:\/\/amec.es\/ca\/actualitat\/amec-i-deutsche-bank-amplien-lacord-de-partenariat-per-oferir-nous-serveis-a-les-empreses-industrials\/","title":{"rendered":"amec i Deutsche Bank amplien l&#8217;acord de partenariat per oferir nous serveis a les empreses industrials"},"content":{"rendered":"<div class=\"amplada-pagina descripcion\">\n<p><em><strong><img fetchpriority=\"high\" decoding=\"async\" src=\"http:\/\/wecreatedesign.co\/dev\/WP\/amec\/wp-content\/uploads\/2023\/03\/amec-deutsche-bank-3-redim-w600-h414.png\" alt=\"amec-deutsche-bank-3.png\" width=\"600\" height=\"414\" \/>Amec<\/strong><\/em>\u00a0i Deutsche Bank han renovat i ampliat l&#8217;acord de partenariat que ja mantenien per augmentar els serveis adre\u00e7ats a les empreses industrials.<\/p>\n<p>&nbsp;<\/p>\n<p>Pel que fa al finan\u00e7ament, obre diverses l\u00ednies. D&#8217;una banda, realitzar\u00e0\u00a0<strong>acompanyament i assessorament a grans projectes<\/strong>\u00a0(a partir d&#8217;1 mili\u00f3 d&#8217;euros), especialment per a aquelles empreses amb facturaci\u00f3 superior a 20 milions d&#8217;euros i m\u00e9s concretament en estructuraci\u00f3 d&#8217;operacions amb avals. Tamb\u00e9 es proposa liderar\u00a0<strong>operacions sindicats<\/strong>\u00a0(avals, assessorament, finan\u00e7ament, etc.) en la participaci\u00f3 en projectes internacionals. L&#8217;entitat ofereix a m\u00e9s\u00a0<strong>finan\u00e7ament d&#8217;infraestructures<\/strong>\u00a0(inversi\u00f3, identificaci\u00f3, etc&#8230;), tenint un bon posicionament en\u00a0<strong>operacions a \u00c0frica<\/strong>\u00a0.<\/p>\n<p>&nbsp;<\/p>\n<p>Altres l\u00ednies espec\u00edfiques de finan\u00e7ament que ofereix Deutsche Bank als nostres membres s\u00f3n les destinades a millorar l&#8217;\u00a0<strong>efici\u00e8ncia energ\u00e8tica en edificis<\/strong>\u00a0mitjan\u00e7ant Avanza Credit. Aix\u00ed mateix, l&#8217;acord inclou per a les empreses de la comunitat la possibilitat d&#8217;obtenir acompanyament i assessorament a l&#8217;exposici\u00f3 al risc tipus de canvi (FX).<\/p>\n<p>&nbsp;<\/p>\n<p>Aix\u00ed mateix, duu a terme la gesti\u00f3 patrimonial, incloent-hi el\u00a0<strong>canvi generacional<\/strong>\u00a0a l&#8217;empresa familiar.<\/p>\n<p>&nbsp;<\/p>\n<p><a href=\"https:\/\/www.amec.es\/es\/ecosistemaamec\/partners.htm\" target=\"_blank\" rel=\"noopener\">Consulta aqu\u00ed els serveis que ofereixen tots els nostres partners a la comunitat industrial<\/a>\u00a0.<\/p>\n<\/div>\n","protected":false},"excerpt":{"rendered":"<p>Amec\u00a0i Deutsche Bank han renovat i ampliat l&#8217;acord de partenariat que ja mantenien per augmentar els serveis adre\u00e7ats a les empreses industrials. &nbsp; Pel que fa al finan\u00e7ament, obre diverses l\u00ednies. D&#8217;una banda, realitzar\u00e0\u00a0acompanyament i assessorament a grans projectes\u00a0(a partir d&#8217;1 mili\u00f3 d&#8217;euros), especialment per a aquelles empreses amb facturaci\u00f3 superior a 20 milions d&#8217;euros [&hellip;]<\/p>\n","protected":false},"author":1,"featured_media":5155,"comment_status":"open","ping_status":"open","sticky":false,"template":"","format":"standard","meta":{"inline_featured_image":false,"footnotes":""},"categories":[27],"tags":[],"class_list":["post-6606","post","type-post","status-publish","format-standard","has-post-thumbnail","hentry","category-actualitat"],"yoast_head":"<!-- This site is optimized with the Yoast SEO plugin v27.3 - https:\/\/yoast.com\/product\/yoast-seo-wordpress\/ -->\n<title>amec i Deutsche Bank amplien l&#039;acord de partenariat per oferir nous serveis a les empreses industrials | amec Positive Industry<\/title>\n<meta name=\"robots\" content=\"index, follow, max-snippet:-1, max-image-preview:large, max-video-preview:-1\" \/>\n<link rel=\"canonical\" href=\"https:\/\/amec.es\/ca\/actualitat\/amec-i-deutsche-bank-amplien-lacord-de-partenariat-per-oferir-nous-serveis-a-les-empreses-industrials\/\" \/>\n<meta property=\"og:locale\" content=\"ca_ES\" \/>\n<meta property=\"og:type\" content=\"article\" \/>\n<meta property=\"og:title\" content=\"amec i Deutsche Bank amplien l&#039;acord de partenariat per oferir nous serveis a les empreses industrials | amec Positive Industry\" \/>\n<meta property=\"og:description\" content=\"Amec\u00a0i Deutsche Bank han renovat i ampliat l&#8217;acord de partenariat que ja mantenien per augmentar els serveis adre\u00e7ats a les empreses industrials. &nbsp; Pel que fa al finan\u00e7ament, obre diverses l\u00ednies. D&#8217;una banda, realitzar\u00e0\u00a0acompanyament i assessorament a grans projectes\u00a0(a partir d&#8217;1 mili\u00f3 d&#8217;euros), especialment per a aquelles empreses amb facturaci\u00f3 superior a 20 milions d&#8217;euros [&hellip;]\" \/>\n<meta property=\"og:url\" content=\"https:\/\/amec.es\/ca\/actualitat\/amec-i-deutsche-bank-amplien-lacord-de-partenariat-per-oferir-nous-serveis-a-les-empreses-industrials\/\" \/>\n<meta property=\"og:site_name\" content=\"amec Positive Industry\" \/>\n<meta property=\"article:published_time\" content=\"2022-01-28T04:30:11+00:00\" \/>\n<meta property=\"og:image\" content=\"https:\/\/amec.es\/wp-content\/uploads\/2024\/02\/Logo_AMEC.png\" \/>\n\t<meta property=\"og:image:width\" content=\"1827\" \/>\n\t<meta property=\"og:image:height\" content=\"438\" \/>\n\t<meta property=\"og:image:type\" content=\"image\/png\" \/>\n<meta name=\"author\" content=\"webmaster\" \/>\n<meta name=\"twitter:card\" content=\"summary_large_image\" \/>\n<meta name=\"twitter:label1\" content=\"Escrit per\" \/>\n\t<meta name=\"twitter:data1\" content=\"webmaster\" \/>\n\t<meta name=\"twitter:label2\" content=\"Temps estimat de lectura\" \/>\n\t<meta name=\"twitter:data2\" content=\"1 minut\" \/>\n<script type=\"application\/ld+json\" class=\"yoast-schema-graph\">{\"@context\":\"https:\\\/\\\/schema.org\",\"@graph\":[{\"@type\":\"Article\",\"@id\":\"https:\\\/\\\/amec.es\\\/ca\\\/actualitat\\\/amec-i-deutsche-bank-amplien-lacord-de-partenariat-per-oferir-nous-serveis-a-les-empreses-industrials\\\/#article\",\"isPartOf\":{\"@id\":\"https:\\\/\\\/amec.es\\\/ca\\\/actualitat\\\/amec-i-deutsche-bank-amplien-lacord-de-partenariat-per-oferir-nous-serveis-a-les-empreses-industrials\\\/\"},\"author\":{\"name\":\"webmaster\",\"@id\":\"https:\\\/\\\/amec.es\\\/#\\\/schema\\\/person\\\/377e1e145733915506a55297ad2fc830\"},\"headline\":\"amec i Deutsche Bank amplien l&#8217;acord de partenariat per oferir nous serveis a les empreses industrials\",\"datePublished\":\"2022-01-28T04:30:11+00:00\",\"mainEntityOfPage\":{\"@id\":\"https:\\\/\\\/amec.es\\\/ca\\\/actualitat\\\/amec-i-deutsche-bank-amplien-lacord-de-partenariat-per-oferir-nous-serveis-a-les-empreses-industrials\\\/\"},\"wordCount\":222,\"commentCount\":0,\"publisher\":{\"@id\":\"https:\\\/\\\/amec.es\\\/#organization\"},\"image\":{\"@id\":\"https:\\\/\\\/amec.es\\\/ca\\\/actualitat\\\/amec-i-deutsche-bank-amplien-lacord-de-partenariat-per-oferir-nous-serveis-a-les-empreses-industrials\\\/#primaryimage\"},\"thumbnailUrl\":\"\",\"articleSection\":[\"Actualitat\"],\"inLanguage\":\"ca\",\"potentialAction\":[{\"@type\":\"CommentAction\",\"name\":\"Comment\",\"target\":[\"https:\\\/\\\/amec.es\\\/ca\\\/actualitat\\\/amec-i-deutsche-bank-amplien-lacord-de-partenariat-per-oferir-nous-serveis-a-les-empreses-industrials\\\/#respond\"]}]},{\"@type\":\"WebPage\",\"@id\":\"https:\\\/\\\/amec.es\\\/ca\\\/actualitat\\\/amec-i-deutsche-bank-amplien-lacord-de-partenariat-per-oferir-nous-serveis-a-les-empreses-industrials\\\/\",\"url\":\"https:\\\/\\\/amec.es\\\/ca\\\/actualitat\\\/amec-i-deutsche-bank-amplien-lacord-de-partenariat-per-oferir-nous-serveis-a-les-empreses-industrials\\\/\",\"name\":\"amec i Deutsche Bank amplien l'acord de partenariat per oferir nous serveis a les empreses industrials | amec Positive Industry\",\"isPartOf\":{\"@id\":\"https:\\\/\\\/amec.es\\\/#website\"},\"primaryImageOfPage\":{\"@id\":\"https:\\\/\\\/amec.es\\\/ca\\\/actualitat\\\/amec-i-deutsche-bank-amplien-lacord-de-partenariat-per-oferir-nous-serveis-a-les-empreses-industrials\\\/#primaryimage\"},\"image\":{\"@id\":\"https:\\\/\\\/amec.es\\\/ca\\\/actualitat\\\/amec-i-deutsche-bank-amplien-lacord-de-partenariat-per-oferir-nous-serveis-a-les-empreses-industrials\\\/#primaryimage\"},\"thumbnailUrl\":\"\",\"datePublished\":\"2022-01-28T04:30:11+00:00\",\"breadcrumb\":{\"@id\":\"https:\\\/\\\/amec.es\\\/ca\\\/actualitat\\\/amec-i-deutsche-bank-amplien-lacord-de-partenariat-per-oferir-nous-serveis-a-les-empreses-industrials\\\/#breadcrumb\"},\"inLanguage\":\"ca\",\"potentialAction\":[{\"@type\":\"ReadAction\",\"target\":[\"https:\\\/\\\/amec.es\\\/ca\\\/actualitat\\\/amec-i-deutsche-bank-amplien-lacord-de-partenariat-per-oferir-nous-serveis-a-les-empreses-industrials\\\/\"]}]},{\"@type\":\"ImageObject\",\"inLanguage\":\"ca\",\"@id\":\"https:\\\/\\\/amec.es\\\/ca\\\/actualitat\\\/amec-i-deutsche-bank-amplien-lacord-de-partenariat-per-oferir-nous-serveis-a-les-empreses-industrials\\\/#primaryimage\",\"url\":\"\",\"contentUrl\":\"\"},{\"@type\":\"BreadcrumbList\",\"@id\":\"https:\\\/\\\/amec.es\\\/ca\\\/actualitat\\\/amec-i-deutsche-bank-amplien-lacord-de-partenariat-per-oferir-nous-serveis-a-les-empreses-industrials\\\/#breadcrumb\",\"itemListElement\":[{\"@type\":\"ListItem\",\"position\":1,\"name\":\"Portada\",\"item\":\"https:\\\/\\\/amec.es\\\/ca\\\/home-new\\\/\"},{\"@type\":\"ListItem\",\"position\":2,\"name\":\"amec i Deutsche Bank amplien l&#8217;acord de partenariat per oferir nous serveis a les empreses industrials\"}]},{\"@type\":\"WebSite\",\"@id\":\"https:\\\/\\\/amec.es\\\/#website\",\"url\":\"https:\\\/\\\/amec.es\\\/\",\"name\":\"amec Positive Industry\",\"description\":\"\",\"publisher\":{\"@id\":\"https:\\\/\\\/amec.es\\\/#organization\"},\"potentialAction\":[{\"@type\":\"SearchAction\",\"target\":{\"@type\":\"EntryPoint\",\"urlTemplate\":\"https:\\\/\\\/amec.es\\\/?s={search_term_string}\"},\"query-input\":{\"@type\":\"PropertyValueSpecification\",\"valueRequired\":true,\"valueName\":\"search_term_string\"}}],\"inLanguage\":\"ca\"},{\"@type\":\"Organization\",\"@id\":\"https:\\\/\\\/amec.es\\\/#organization\",\"name\":\"amec Positive Industry\",\"url\":\"https:\\\/\\\/amec.es\\\/\",\"logo\":{\"@type\":\"ImageObject\",\"inLanguage\":\"ca\",\"@id\":\"https:\\\/\\\/amec.es\\\/#\\\/schema\\\/logo\\\/image\\\/\",\"url\":\"https:\\\/\\\/amec.es\\\/wp-content\\\/uploads\\\/2023\\\/07\\\/logoamec.png\",\"contentUrl\":\"https:\\\/\\\/amec.es\\\/wp-content\\\/uploads\\\/2023\\\/07\\\/logoamec.png\",\"width\":200,\"height\":48,\"caption\":\"amec Positive Industry\"},\"image\":{\"@id\":\"https:\\\/\\\/amec.es\\\/#\\\/schema\\\/logo\\\/image\\\/\"}},{\"@type\":\"Person\",\"@id\":\"https:\\\/\\\/amec.es\\\/#\\\/schema\\\/person\\\/377e1e145733915506a55297ad2fc830\",\"name\":\"webmaster\",\"image\":{\"@type\":\"ImageObject\",\"inLanguage\":\"ca\",\"@id\":\"https:\\\/\\\/secure.gravatar.com\\\/avatar\\\/1122ff7c82efe2079ddb19cd256fc39ab150caee9b258eeae8928e7f703c39f3?s=96&d=mm&r=g\",\"url\":\"https:\\\/\\\/secure.gravatar.com\\\/avatar\\\/1122ff7c82efe2079ddb19cd256fc39ab150caee9b258eeae8928e7f703c39f3?s=96&d=mm&r=g\",\"contentUrl\":\"https:\\\/\\\/secure.gravatar.com\\\/avatar\\\/1122ff7c82efe2079ddb19cd256fc39ab150caee9b258eeae8928e7f703c39f3?s=96&d=mm&r=g\",\"caption\":\"webmaster\"}}]}<\/script>\n<!-- \/ Yoast SEO plugin. -->","yoast_head_json":{"title":"amec i Deutsche Bank amplien l'acord de partenariat per oferir nous serveis a les empreses industrials | amec Positive Industry","robots":{"index":"index","follow":"follow","max-snippet":"max-snippet:-1","max-image-preview":"max-image-preview:large","max-video-preview":"max-video-preview:-1"},"canonical":"https:\/\/amec.es\/ca\/actualitat\/amec-i-deutsche-bank-amplien-lacord-de-partenariat-per-oferir-nous-serveis-a-les-empreses-industrials\/","og_locale":"ca_ES","og_type":"article","og_title":"amec i Deutsche Bank amplien l'acord de partenariat per oferir nous serveis a les empreses industrials | amec Positive Industry","og_description":"Amec\u00a0i Deutsche Bank han renovat i ampliat l&#8217;acord de partenariat que ja mantenien per augmentar els serveis adre\u00e7ats a les empreses industrials. &nbsp; Pel que fa al finan\u00e7ament, obre diverses l\u00ednies. D&#8217;una banda, realitzar\u00e0\u00a0acompanyament i assessorament a grans projectes\u00a0(a partir d&#8217;1 mili\u00f3 d&#8217;euros), especialment per a aquelles empreses amb facturaci\u00f3 superior a 20 milions d&#8217;euros [&hellip;]","og_url":"https:\/\/amec.es\/ca\/actualitat\/amec-i-deutsche-bank-amplien-lacord-de-partenariat-per-oferir-nous-serveis-a-les-empreses-industrials\/","og_site_name":"amec Positive Industry","article_published_time":"2022-01-28T04:30:11+00:00","og_image":[{"width":1827,"height":438,"url":"https:\/\/amec.es\/wp-content\/uploads\/2024\/02\/Logo_AMEC.png","type":"image\/png"}],"author":"webmaster","twitter_card":"summary_large_image","twitter_misc":{"Escrit per":"webmaster","Temps estimat de lectura":"1 minut"},"schema":{"@context":"https:\/\/schema.org","@graph":[{"@type":"Article","@id":"https:\/\/amec.es\/ca\/actualitat\/amec-i-deutsche-bank-amplien-lacord-de-partenariat-per-oferir-nous-serveis-a-les-empreses-industrials\/#article","isPartOf":{"@id":"https:\/\/amec.es\/ca\/actualitat\/amec-i-deutsche-bank-amplien-lacord-de-partenariat-per-oferir-nous-serveis-a-les-empreses-industrials\/"},"author":{"name":"webmaster","@id":"https:\/\/amec.es\/#\/schema\/person\/377e1e145733915506a55297ad2fc830"},"headline":"amec i Deutsche Bank amplien l&#8217;acord de partenariat per oferir nous serveis a les empreses industrials","datePublished":"2022-01-28T04:30:11+00:00","mainEntityOfPage":{"@id":"https:\/\/amec.es\/ca\/actualitat\/amec-i-deutsche-bank-amplien-lacord-de-partenariat-per-oferir-nous-serveis-a-les-empreses-industrials\/"},"wordCount":222,"commentCount":0,"publisher":{"@id":"https:\/\/amec.es\/#organization"},"image":{"@id":"https:\/\/amec.es\/ca\/actualitat\/amec-i-deutsche-bank-amplien-lacord-de-partenariat-per-oferir-nous-serveis-a-les-empreses-industrials\/#primaryimage"},"thumbnailUrl":"","articleSection":["Actualitat"],"inLanguage":"ca","potentialAction":[{"@type":"CommentAction","name":"Comment","target":["https:\/\/amec.es\/ca\/actualitat\/amec-i-deutsche-bank-amplien-lacord-de-partenariat-per-oferir-nous-serveis-a-les-empreses-industrials\/#respond"]}]},{"@type":"WebPage","@id":"https:\/\/amec.es\/ca\/actualitat\/amec-i-deutsche-bank-amplien-lacord-de-partenariat-per-oferir-nous-serveis-a-les-empreses-industrials\/","url":"https:\/\/amec.es\/ca\/actualitat\/amec-i-deutsche-bank-amplien-lacord-de-partenariat-per-oferir-nous-serveis-a-les-empreses-industrials\/","name":"amec i Deutsche Bank amplien l'acord de partenariat per oferir nous serveis a les empreses industrials | amec Positive Industry","isPartOf":{"@id":"https:\/\/amec.es\/#website"},"primaryImageOfPage":{"@id":"https:\/\/amec.es\/ca\/actualitat\/amec-i-deutsche-bank-amplien-lacord-de-partenariat-per-oferir-nous-serveis-a-les-empreses-industrials\/#primaryimage"},"image":{"@id":"https:\/\/amec.es\/ca\/actualitat\/amec-i-deutsche-bank-amplien-lacord-de-partenariat-per-oferir-nous-serveis-a-les-empreses-industrials\/#primaryimage"},"thumbnailUrl":"","datePublished":"2022-01-28T04:30:11+00:00","breadcrumb":{"@id":"https:\/\/amec.es\/ca\/actualitat\/amec-i-deutsche-bank-amplien-lacord-de-partenariat-per-oferir-nous-serveis-a-les-empreses-industrials\/#breadcrumb"},"inLanguage":"ca","potentialAction":[{"@type":"ReadAction","target":["https:\/\/amec.es\/ca\/actualitat\/amec-i-deutsche-bank-amplien-lacord-de-partenariat-per-oferir-nous-serveis-a-les-empreses-industrials\/"]}]},{"@type":"ImageObject","inLanguage":"ca","@id":"https:\/\/amec.es\/ca\/actualitat\/amec-i-deutsche-bank-amplien-lacord-de-partenariat-per-oferir-nous-serveis-a-les-empreses-industrials\/#primaryimage","url":"","contentUrl":""},{"@type":"BreadcrumbList","@id":"https:\/\/amec.es\/ca\/actualitat\/amec-i-deutsche-bank-amplien-lacord-de-partenariat-per-oferir-nous-serveis-a-les-empreses-industrials\/#breadcrumb","itemListElement":[{"@type":"ListItem","position":1,"name":"Portada","item":"https:\/\/amec.es\/ca\/home-new\/"},{"@type":"ListItem","position":2,"name":"amec i Deutsche Bank amplien l&#8217;acord de partenariat per oferir nous serveis a les empreses industrials"}]},{"@type":"WebSite","@id":"https:\/\/amec.es\/#website","url":"https:\/\/amec.es\/","name":"amec Positive Industry","description":"","publisher":{"@id":"https:\/\/amec.es\/#organization"},"potentialAction":[{"@type":"SearchAction","target":{"@type":"EntryPoint","urlTemplate":"https:\/\/amec.es\/?s={search_term_string}"},"query-input":{"@type":"PropertyValueSpecification","valueRequired":true,"valueName":"search_term_string"}}],"inLanguage":"ca"},{"@type":"Organization","@id":"https:\/\/amec.es\/#organization","name":"amec Positive Industry","url":"https:\/\/amec.es\/","logo":{"@type":"ImageObject","inLanguage":"ca","@id":"https:\/\/amec.es\/#\/schema\/logo\/image\/","url":"https:\/\/amec.es\/wp-content\/uploads\/2023\/07\/logoamec.png","contentUrl":"https:\/\/amec.es\/wp-content\/uploads\/2023\/07\/logoamec.png","width":200,"height":48,"caption":"amec Positive Industry"},"image":{"@id":"https:\/\/amec.es\/#\/schema\/logo\/image\/"}},{"@type":"Person","@id":"https:\/\/amec.es\/#\/schema\/person\/377e1e145733915506a55297ad2fc830","name":"webmaster","image":{"@type":"ImageObject","inLanguage":"ca","@id":"https:\/\/secure.gravatar.com\/avatar\/1122ff7c82efe2079ddb19cd256fc39ab150caee9b258eeae8928e7f703c39f3?s=96&d=mm&r=g","url":"https:\/\/secure.gravatar.com\/avatar\/1122ff7c82efe2079ddb19cd256fc39ab150caee9b258eeae8928e7f703c39f3?s=96&d=mm&r=g","contentUrl":"https:\/\/secure.gravatar.com\/avatar\/1122ff7c82efe2079ddb19cd256fc39ab150caee9b258eeae8928e7f703c39f3?s=96&d=mm&r=g","caption":"webmaster"}}]}},"_links":{"self":[{"href":"https:\/\/amec.es\/ca\/wp-json\/wp\/v2\/posts\/6606","targetHints":{"allow":["GET"]}}],"collection":[{"href":"https:\/\/amec.es\/ca\/wp-json\/wp\/v2\/posts"}],"about":[{"href":"https:\/\/amec.es\/ca\/wp-json\/wp\/v2\/types\/post"}],"author":[{"embeddable":true,"href":"https:\/\/amec.es\/ca\/wp-json\/wp\/v2\/users\/1"}],"replies":[{"embeddable":true,"href":"https:\/\/amec.es\/ca\/wp-json\/wp\/v2\/comments?post=6606"}],"version-history":[{"count":0,"href":"https:\/\/amec.es\/ca\/wp-json\/wp\/v2\/posts\/6606\/revisions"}],"wp:featuredmedia":[{"embeddable":true,"href":"https:\/\/amec.es\/ca\/wp-json\/"}],"wp:attachment":[{"href":"https:\/\/amec.es\/ca\/wp-json\/wp\/v2\/media?parent=6606"}],"wp:term":[{"taxonomy":"category","embeddable":true,"href":"https:\/\/amec.es\/ca\/wp-json\/wp\/v2\/categories?post=6606"},{"taxonomy":"post_tag","embeddable":true,"href":"https:\/\/amec.es\/ca\/wp-json\/wp\/v2\/tags?post=6606"}],"curies":[{"name":"wp","href":"https:\/\/api.w.org\/{rel}","templated":true}]}}