{"id":6609,"date":"2022-01-28T04:33:40","date_gmt":"2022-01-28T04:33:40","guid":{"rendered":"https:\/\/wecreatedesign.co\/dev\/WP\/amec\/?p=5170"},"modified":"2022-01-28T04:33:40","modified_gmt":"2022-01-28T04:33:40","slug":"amec-tramita-els-ajuts-per-als-projectes-de-digitalitzacio-de-les-pimes","status":"publish","type":"post","link":"https:\/\/amec.es\/ca\/actualitat\/amec-tramita-els-ajuts-per-als-projectes-de-digitalitzacio-de-les-pimes\/","title":{"rendered":"amec tramita els ajuts per als projectes de digitalitzaci\u00f3 de les pimes"},"content":{"rendered":"<div class=\"amplada-pagina descripcion\">\n<p><a href=\"https:\/\/www.youtube.com\/watch?v=oJmTtCF-2Fs\" target=\"_blank\" rel=\"noopener\"><img fetchpriority=\"high\" decoding=\"async\" src=\"http:\/\/wecreatedesign.co\/dev\/WP\/amec\/wp-content\/uploads\/2023\/03\/ayudas-publicas-toolkit-redim-w500-h281.jpg\" alt=\"ajudes-publices-toolkit.JPG\" width=\"500\" height=\"281\" \/><\/a>El Ministeri d&#8217;Afers Econ\u00f2mics i Transformaci\u00f3 Digital obrir\u00e0 al febrer la primera convocat\u00f2ria del programa Digital Toolkit. Aquest programa s&#8217;adre\u00e7a a empreses que tinguin entre 3 i 49 treballadors i preveu atorgar subvencions de fins a 12.000 euros en projectes d&#8217;iniciaci\u00f3 digital. Aquests projectes poden ser dels seg\u00fcents \u00e0mbits:<\/p>\n<p>&nbsp;<\/p>\n<ul>\n<li>Disseny web.<\/li>\n<li>Gesti\u00f3 de xarxes socials.<\/li>\n<li>Ecommerce.<\/li>\n<li>Gesti\u00f3 de prove\u00efdors o clients.<\/li>\n<li>Ciberseguretat.<\/li>\n<\/ul>\n<p>&nbsp;<\/p>\n<p><em><strong>amec<\/strong><\/em>\u00a0ajuda a les empreses a tota la tamitaci\u00f3 per optar a aquestes ajudes i facilita l&#8217;execuci\u00f3 de tots els projectes relacionats amb aquests \u00e0mbits.\u00a0<em><strong>amec<\/strong><\/em>\u00a0ja est\u00e0 recollint les sol\u00b7licituds de les empreses interessades, per tal de facilitar-ne els tr\u00e0mits i acompanyar-les en la realitzaci\u00f3 del test de digitalitzaci\u00f3, un tr\u00e0mit previ i necessari per poder rebre l&#8217;ajut. Alhora, en cas que l&#8217;empresa realitzi els projectes amb prove\u00efdors oficials,\u00a0<em><strong>amec<\/strong><\/em>\u00a0tamb\u00e9 s&#8217;encarrega d&#8217;acreditar-los per poder accedir a les ajudes.<\/p>\n<p>&nbsp;<\/p>\n<p>Si ets una empresa de 3 a 49 treballadors, pots optar a ajudar! Demana&#8217;ns\u00a0<a href=\"mailto:hola@amec.es\" target=\"_blank\" rel=\"noopener\">aqu\u00ed<\/a>\u00a0assessorament.<\/p>\n<p>&nbsp;<\/p>\n<p>Coneix\u00a0<a href=\"https:\/\/www.youtube.com\/watch?v=oJmTtCF-2Fs\" target=\"_blank\" rel=\"noopener\">aqu\u00ed en 1 minut com\u00a0<em><strong>Amec<\/strong><\/em>\u00a0t&#8217;ajuda a optar a aquestes ajudes<\/a>\u00a0.<\/p>\n<p>Coneix\u00a0<a href=\"https:\/\/www.amec.es\/es\/competitividad\/tramitacion-de-ayudas.htm\" target=\"_blank\" rel=\"noopener\">aqu\u00ed el Servei Integral d&#8217;Ajuts de\u00a0<em><strong>Amec<\/strong><\/em><\/a>\u00a0.<\/p>\n<\/div>\n","protected":false},"excerpt":{"rendered":"<p>El Ministeri d&#8217;Afers Econ\u00f2mics i Transformaci\u00f3 Digital obrir\u00e0 al febrer la primera convocat\u00f2ria del programa Digital Toolkit. Aquest programa s&#8217;adre\u00e7a a empreses que tinguin entre 3 i 49 treballadors i preveu atorgar subvencions de fins a 12.000 euros en projectes d&#8217;iniciaci\u00f3 digital. Aquests projectes poden ser dels seg\u00fcents \u00e0mbits: &nbsp; Disseny web. Gesti\u00f3 de xarxes [&hellip;]<\/p>\n","protected":false},"author":1,"featured_media":5171,"comment_status":"open","ping_status":"open","sticky":false,"template":"","format":"standard","meta":{"inline_featured_image":false,"footnotes":""},"categories":[27],"tags":[],"class_list":["post-6609","post","type-post","status-publish","format-standard","has-post-thumbnail","hentry","category-actualitat"],"yoast_head":"<!-- This site is optimized with the Yoast SEO plugin v27.3 - https:\/\/yoast.com\/product\/yoast-seo-wordpress\/ -->\n<title>amec tramita els ajuts per als projectes de digitalitzaci\u00f3 de les pimes | amec Positive Industry<\/title>\n<meta name=\"robots\" content=\"index, follow, max-snippet:-1, max-image-preview:large, max-video-preview:-1\" \/>\n<link rel=\"canonical\" href=\"https:\/\/amec.es\/ca\/actualitat\/amec-tramita-els-ajuts-per-als-projectes-de-digitalitzacio-de-les-pimes\/\" \/>\n<meta property=\"og:locale\" content=\"ca_ES\" \/>\n<meta property=\"og:type\" content=\"article\" \/>\n<meta property=\"og:title\" content=\"amec tramita els ajuts per als projectes de digitalitzaci\u00f3 de les pimes | amec Positive Industry\" \/>\n<meta property=\"og:description\" content=\"El Ministeri d&#8217;Afers Econ\u00f2mics i Transformaci\u00f3 Digital obrir\u00e0 al febrer la primera convocat\u00f2ria del programa Digital Toolkit. Aquest programa s&#8217;adre\u00e7a a empreses que tinguin entre 3 i 49 treballadors i preveu atorgar subvencions de fins a 12.000 euros en projectes d&#8217;iniciaci\u00f3 digital. Aquests projectes poden ser dels seg\u00fcents \u00e0mbits: &nbsp; Disseny web. Gesti\u00f3 de xarxes [&hellip;]\" \/>\n<meta property=\"og:url\" content=\"https:\/\/amec.es\/ca\/actualitat\/amec-tramita-els-ajuts-per-als-projectes-de-digitalitzacio-de-les-pimes\/\" \/>\n<meta property=\"og:site_name\" content=\"amec Positive Industry\" \/>\n<meta property=\"article:published_time\" content=\"2022-01-28T04:33:40+00:00\" \/>\n<meta property=\"og:image\" content=\"https:\/\/amec.es\/wp-content\/uploads\/2023\/08\/iese-2.jpg\" \/>\n\t<meta property=\"og:image:width\" content=\"380\" \/>\n\t<meta property=\"og:image:height\" content=\"225\" \/>\n\t<meta property=\"og:image:type\" content=\"image\/jpeg\" \/>\n<meta name=\"author\" content=\"webmaster\" \/>\n<meta name=\"twitter:card\" content=\"summary_large_image\" \/>\n<meta name=\"twitter:label1\" content=\"Escrit per\" \/>\n\t<meta name=\"twitter:data1\" content=\"webmaster\" \/>\n\t<meta name=\"twitter:label2\" content=\"Temps estimat de lectura\" \/>\n\t<meta name=\"twitter:data2\" content=\"1 minut\" \/>\n<script type=\"application\/ld+json\" class=\"yoast-schema-graph\">{\"@context\":\"https:\\\/\\\/schema.org\",\"@graph\":[{\"@type\":\"Article\",\"@id\":\"https:\\\/\\\/amec.es\\\/ca\\\/actualitat\\\/amec-tramita-els-ajuts-per-als-projectes-de-digitalitzacio-de-les-pimes\\\/#article\",\"isPartOf\":{\"@id\":\"https:\\\/\\\/amec.es\\\/ca\\\/actualitat\\\/amec-tramita-els-ajuts-per-als-projectes-de-digitalitzacio-de-les-pimes\\\/\"},\"author\":{\"name\":\"webmaster\",\"@id\":\"https:\\\/\\\/amec.es\\\/#\\\/schema\\\/person\\\/377e1e145733915506a55297ad2fc830\"},\"headline\":\"amec tramita els ajuts per als projectes de digitalitzaci\u00f3 de les pimes\",\"datePublished\":\"2022-01-28T04:33:40+00:00\",\"mainEntityOfPage\":{\"@id\":\"https:\\\/\\\/amec.es\\\/ca\\\/actualitat\\\/amec-tramita-els-ajuts-per-als-projectes-de-digitalitzacio-de-les-pimes\\\/\"},\"wordCount\":209,\"commentCount\":0,\"publisher\":{\"@id\":\"https:\\\/\\\/amec.es\\\/#organization\"},\"image\":{\"@id\":\"https:\\\/\\\/amec.es\\\/ca\\\/actualitat\\\/amec-tramita-els-ajuts-per-als-projectes-de-digitalitzacio-de-les-pimes\\\/#primaryimage\"},\"thumbnailUrl\":\"https:\\\/\\\/amec.es\\\/wp-content\\\/uploads\\\/2023\\\/08\\\/iese-2.jpg\",\"articleSection\":[\"Actualitat\"],\"inLanguage\":\"ca\",\"potentialAction\":[{\"@type\":\"CommentAction\",\"name\":\"Comment\",\"target\":[\"https:\\\/\\\/amec.es\\\/ca\\\/actualitat\\\/amec-tramita-els-ajuts-per-als-projectes-de-digitalitzacio-de-les-pimes\\\/#respond\"]}]},{\"@type\":\"WebPage\",\"@id\":\"https:\\\/\\\/amec.es\\\/ca\\\/actualitat\\\/amec-tramita-els-ajuts-per-als-projectes-de-digitalitzacio-de-les-pimes\\\/\",\"url\":\"https:\\\/\\\/amec.es\\\/ca\\\/actualitat\\\/amec-tramita-els-ajuts-per-als-projectes-de-digitalitzacio-de-les-pimes\\\/\",\"name\":\"amec tramita els ajuts per als projectes de digitalitzaci\u00f3 de les pimes | amec Positive Industry\",\"isPartOf\":{\"@id\":\"https:\\\/\\\/amec.es\\\/#website\"},\"primaryImageOfPage\":{\"@id\":\"https:\\\/\\\/amec.es\\\/ca\\\/actualitat\\\/amec-tramita-els-ajuts-per-als-projectes-de-digitalitzacio-de-les-pimes\\\/#primaryimage\"},\"image\":{\"@id\":\"https:\\\/\\\/amec.es\\\/ca\\\/actualitat\\\/amec-tramita-els-ajuts-per-als-projectes-de-digitalitzacio-de-les-pimes\\\/#primaryimage\"},\"thumbnailUrl\":\"https:\\\/\\\/amec.es\\\/wp-content\\\/uploads\\\/2023\\\/08\\\/iese-2.jpg\",\"datePublished\":\"2022-01-28T04:33:40+00:00\",\"breadcrumb\":{\"@id\":\"https:\\\/\\\/amec.es\\\/ca\\\/actualitat\\\/amec-tramita-els-ajuts-per-als-projectes-de-digitalitzacio-de-les-pimes\\\/#breadcrumb\"},\"inLanguage\":\"ca\",\"potentialAction\":[{\"@type\":\"ReadAction\",\"target\":[\"https:\\\/\\\/amec.es\\\/ca\\\/actualitat\\\/amec-tramita-els-ajuts-per-als-projectes-de-digitalitzacio-de-les-pimes\\\/\"]}]},{\"@type\":\"ImageObject\",\"inLanguage\":\"ca\",\"@id\":\"https:\\\/\\\/amec.es\\\/ca\\\/actualitat\\\/amec-tramita-els-ajuts-per-als-projectes-de-digitalitzacio-de-les-pimes\\\/#primaryimage\",\"url\":\"https:\\\/\\\/amec.es\\\/wp-content\\\/uploads\\\/2023\\\/08\\\/iese-2.jpg\",\"contentUrl\":\"https:\\\/\\\/amec.es\\\/wp-content\\\/uploads\\\/2023\\\/08\\\/iese-2.jpg\",\"width\":380,\"height\":225},{\"@type\":\"BreadcrumbList\",\"@id\":\"https:\\\/\\\/amec.es\\\/ca\\\/actualitat\\\/amec-tramita-els-ajuts-per-als-projectes-de-digitalitzacio-de-les-pimes\\\/#breadcrumb\",\"itemListElement\":[{\"@type\":\"ListItem\",\"position\":1,\"name\":\"Portada\",\"item\":\"https:\\\/\\\/amec.es\\\/ca\\\/home-new\\\/\"},{\"@type\":\"ListItem\",\"position\":2,\"name\":\"amec tramita els ajuts per als projectes de digitalitzaci\u00f3 de les pimes\"}]},{\"@type\":\"WebSite\",\"@id\":\"https:\\\/\\\/amec.es\\\/#website\",\"url\":\"https:\\\/\\\/amec.es\\\/\",\"name\":\"amec Positive Industry\",\"description\":\"\",\"publisher\":{\"@id\":\"https:\\\/\\\/amec.es\\\/#organization\"},\"potentialAction\":[{\"@type\":\"SearchAction\",\"target\":{\"@type\":\"EntryPoint\",\"urlTemplate\":\"https:\\\/\\\/amec.es\\\/?s={search_term_string}\"},\"query-input\":{\"@type\":\"PropertyValueSpecification\",\"valueRequired\":true,\"valueName\":\"search_term_string\"}}],\"inLanguage\":\"ca\"},{\"@type\":\"Organization\",\"@id\":\"https:\\\/\\\/amec.es\\\/#organization\",\"name\":\"amec Positive Industry\",\"url\":\"https:\\\/\\\/amec.es\\\/\",\"logo\":{\"@type\":\"ImageObject\",\"inLanguage\":\"ca\",\"@id\":\"https:\\\/\\\/amec.es\\\/#\\\/schema\\\/logo\\\/image\\\/\",\"url\":\"https:\\\/\\\/amec.es\\\/wp-content\\\/uploads\\\/2023\\\/07\\\/logoamec.png\",\"contentUrl\":\"https:\\\/\\\/amec.es\\\/wp-content\\\/uploads\\\/2023\\\/07\\\/logoamec.png\",\"width\":200,\"height\":48,\"caption\":\"amec Positive Industry\"},\"image\":{\"@id\":\"https:\\\/\\\/amec.es\\\/#\\\/schema\\\/logo\\\/image\\\/\"}},{\"@type\":\"Person\",\"@id\":\"https:\\\/\\\/amec.es\\\/#\\\/schema\\\/person\\\/377e1e145733915506a55297ad2fc830\",\"name\":\"webmaster\",\"image\":{\"@type\":\"ImageObject\",\"inLanguage\":\"ca\",\"@id\":\"https:\\\/\\\/secure.gravatar.com\\\/avatar\\\/1122ff7c82efe2079ddb19cd256fc39ab150caee9b258eeae8928e7f703c39f3?s=96&d=mm&r=g\",\"url\":\"https:\\\/\\\/secure.gravatar.com\\\/avatar\\\/1122ff7c82efe2079ddb19cd256fc39ab150caee9b258eeae8928e7f703c39f3?s=96&d=mm&r=g\",\"contentUrl\":\"https:\\\/\\\/secure.gravatar.com\\\/avatar\\\/1122ff7c82efe2079ddb19cd256fc39ab150caee9b258eeae8928e7f703c39f3?s=96&d=mm&r=g\",\"caption\":\"webmaster\"}}]}<\/script>\n<!-- \/ Yoast SEO plugin. -->","yoast_head_json":{"title":"amec tramita els ajuts per als projectes de digitalitzaci\u00f3 de les pimes | amec Positive Industry","robots":{"index":"index","follow":"follow","max-snippet":"max-snippet:-1","max-image-preview":"max-image-preview:large","max-video-preview":"max-video-preview:-1"},"canonical":"https:\/\/amec.es\/ca\/actualitat\/amec-tramita-els-ajuts-per-als-projectes-de-digitalitzacio-de-les-pimes\/","og_locale":"ca_ES","og_type":"article","og_title":"amec tramita els ajuts per als projectes de digitalitzaci\u00f3 de les pimes | amec Positive Industry","og_description":"El Ministeri d&#8217;Afers Econ\u00f2mics i Transformaci\u00f3 Digital obrir\u00e0 al febrer la primera convocat\u00f2ria del programa Digital Toolkit. Aquest programa s&#8217;adre\u00e7a a empreses que tinguin entre 3 i 49 treballadors i preveu atorgar subvencions de fins a 12.000 euros en projectes d&#8217;iniciaci\u00f3 digital. Aquests projectes poden ser dels seg\u00fcents \u00e0mbits: &nbsp; Disseny web. Gesti\u00f3 de xarxes [&hellip;]","og_url":"https:\/\/amec.es\/ca\/actualitat\/amec-tramita-els-ajuts-per-als-projectes-de-digitalitzacio-de-les-pimes\/","og_site_name":"amec Positive Industry","article_published_time":"2022-01-28T04:33:40+00:00","og_image":[{"width":380,"height":225,"url":"https:\/\/amec.es\/wp-content\/uploads\/2023\/08\/iese-2.jpg","type":"image\/jpeg"}],"author":"webmaster","twitter_card":"summary_large_image","twitter_misc":{"Escrit per":"webmaster","Temps estimat de lectura":"1 minut"},"schema":{"@context":"https:\/\/schema.org","@graph":[{"@type":"Article","@id":"https:\/\/amec.es\/ca\/actualitat\/amec-tramita-els-ajuts-per-als-projectes-de-digitalitzacio-de-les-pimes\/#article","isPartOf":{"@id":"https:\/\/amec.es\/ca\/actualitat\/amec-tramita-els-ajuts-per-als-projectes-de-digitalitzacio-de-les-pimes\/"},"author":{"name":"webmaster","@id":"https:\/\/amec.es\/#\/schema\/person\/377e1e145733915506a55297ad2fc830"},"headline":"amec tramita els ajuts per als projectes de digitalitzaci\u00f3 de les pimes","datePublished":"2022-01-28T04:33:40+00:00","mainEntityOfPage":{"@id":"https:\/\/amec.es\/ca\/actualitat\/amec-tramita-els-ajuts-per-als-projectes-de-digitalitzacio-de-les-pimes\/"},"wordCount":209,"commentCount":0,"publisher":{"@id":"https:\/\/amec.es\/#organization"},"image":{"@id":"https:\/\/amec.es\/ca\/actualitat\/amec-tramita-els-ajuts-per-als-projectes-de-digitalitzacio-de-les-pimes\/#primaryimage"},"thumbnailUrl":"https:\/\/amec.es\/wp-content\/uploads\/2023\/08\/iese-2.jpg","articleSection":["Actualitat"],"inLanguage":"ca","potentialAction":[{"@type":"CommentAction","name":"Comment","target":["https:\/\/amec.es\/ca\/actualitat\/amec-tramita-els-ajuts-per-als-projectes-de-digitalitzacio-de-les-pimes\/#respond"]}]},{"@type":"WebPage","@id":"https:\/\/amec.es\/ca\/actualitat\/amec-tramita-els-ajuts-per-als-projectes-de-digitalitzacio-de-les-pimes\/","url":"https:\/\/amec.es\/ca\/actualitat\/amec-tramita-els-ajuts-per-als-projectes-de-digitalitzacio-de-les-pimes\/","name":"amec tramita els ajuts per als projectes de digitalitzaci\u00f3 de les pimes | amec Positive Industry","isPartOf":{"@id":"https:\/\/amec.es\/#website"},"primaryImageOfPage":{"@id":"https:\/\/amec.es\/ca\/actualitat\/amec-tramita-els-ajuts-per-als-projectes-de-digitalitzacio-de-les-pimes\/#primaryimage"},"image":{"@id":"https:\/\/amec.es\/ca\/actualitat\/amec-tramita-els-ajuts-per-als-projectes-de-digitalitzacio-de-les-pimes\/#primaryimage"},"thumbnailUrl":"https:\/\/amec.es\/wp-content\/uploads\/2023\/08\/iese-2.jpg","datePublished":"2022-01-28T04:33:40+00:00","breadcrumb":{"@id":"https:\/\/amec.es\/ca\/actualitat\/amec-tramita-els-ajuts-per-als-projectes-de-digitalitzacio-de-les-pimes\/#breadcrumb"},"inLanguage":"ca","potentialAction":[{"@type":"ReadAction","target":["https:\/\/amec.es\/ca\/actualitat\/amec-tramita-els-ajuts-per-als-projectes-de-digitalitzacio-de-les-pimes\/"]}]},{"@type":"ImageObject","inLanguage":"ca","@id":"https:\/\/amec.es\/ca\/actualitat\/amec-tramita-els-ajuts-per-als-projectes-de-digitalitzacio-de-les-pimes\/#primaryimage","url":"https:\/\/amec.es\/wp-content\/uploads\/2023\/08\/iese-2.jpg","contentUrl":"https:\/\/amec.es\/wp-content\/uploads\/2023\/08\/iese-2.jpg","width":380,"height":225},{"@type":"BreadcrumbList","@id":"https:\/\/amec.es\/ca\/actualitat\/amec-tramita-els-ajuts-per-als-projectes-de-digitalitzacio-de-les-pimes\/#breadcrumb","itemListElement":[{"@type":"ListItem","position":1,"name":"Portada","item":"https:\/\/amec.es\/ca\/home-new\/"},{"@type":"ListItem","position":2,"name":"amec tramita els ajuts per als projectes de digitalitzaci\u00f3 de les pimes"}]},{"@type":"WebSite","@id":"https:\/\/amec.es\/#website","url":"https:\/\/amec.es\/","name":"amec Positive Industry","description":"","publisher":{"@id":"https:\/\/amec.es\/#organization"},"potentialAction":[{"@type":"SearchAction","target":{"@type":"EntryPoint","urlTemplate":"https:\/\/amec.es\/?s={search_term_string}"},"query-input":{"@type":"PropertyValueSpecification","valueRequired":true,"valueName":"search_term_string"}}],"inLanguage":"ca"},{"@type":"Organization","@id":"https:\/\/amec.es\/#organization","name":"amec Positive Industry","url":"https:\/\/amec.es\/","logo":{"@type":"ImageObject","inLanguage":"ca","@id":"https:\/\/amec.es\/#\/schema\/logo\/image\/","url":"https:\/\/amec.es\/wp-content\/uploads\/2023\/07\/logoamec.png","contentUrl":"https:\/\/amec.es\/wp-content\/uploads\/2023\/07\/logoamec.png","width":200,"height":48,"caption":"amec Positive Industry"},"image":{"@id":"https:\/\/amec.es\/#\/schema\/logo\/image\/"}},{"@type":"Person","@id":"https:\/\/amec.es\/#\/schema\/person\/377e1e145733915506a55297ad2fc830","name":"webmaster","image":{"@type":"ImageObject","inLanguage":"ca","@id":"https:\/\/secure.gravatar.com\/avatar\/1122ff7c82efe2079ddb19cd256fc39ab150caee9b258eeae8928e7f703c39f3?s=96&d=mm&r=g","url":"https:\/\/secure.gravatar.com\/avatar\/1122ff7c82efe2079ddb19cd256fc39ab150caee9b258eeae8928e7f703c39f3?s=96&d=mm&r=g","contentUrl":"https:\/\/secure.gravatar.com\/avatar\/1122ff7c82efe2079ddb19cd256fc39ab150caee9b258eeae8928e7f703c39f3?s=96&d=mm&r=g","caption":"webmaster"}}]}},"_links":{"self":[{"href":"https:\/\/amec.es\/ca\/wp-json\/wp\/v2\/posts\/6609","targetHints":{"allow":["GET"]}}],"collection":[{"href":"https:\/\/amec.es\/ca\/wp-json\/wp\/v2\/posts"}],"about":[{"href":"https:\/\/amec.es\/ca\/wp-json\/wp\/v2\/types\/post"}],"author":[{"embeddable":true,"href":"https:\/\/amec.es\/ca\/wp-json\/wp\/v2\/users\/1"}],"replies":[{"embeddable":true,"href":"https:\/\/amec.es\/ca\/wp-json\/wp\/v2\/comments?post=6609"}],"version-history":[{"count":0,"href":"https:\/\/amec.es\/ca\/wp-json\/wp\/v2\/posts\/6609\/revisions"}],"wp:featuredmedia":[{"embeddable":true,"href":"https:\/\/amec.es\/ca\/wp-json\/wp\/v2\/media\/5171"}],"wp:attachment":[{"href":"https:\/\/amec.es\/ca\/wp-json\/wp\/v2\/media?parent=6609"}],"wp:term":[{"taxonomy":"category","embeddable":true,"href":"https:\/\/amec.es\/ca\/wp-json\/wp\/v2\/categories?post=6609"},{"taxonomy":"post_tag","embeddable":true,"href":"https:\/\/amec.es\/ca\/wp-json\/wp\/v2\/tags?post=6609"}],"curies":[{"name":"wp","href":"https:\/\/api.w.org\/{rel}","templated":true}]}}