{"id":6613,"date":"2022-02-10T04:38:11","date_gmt":"2022-02-10T04:38:11","guid":{"rendered":"https:\/\/wecreatedesign.co\/dev\/WP\/amec\/?p=5194"},"modified":"2022-02-10T04:38:11","modified_gmt":"2022-02-10T04:38:11","slug":"amec-interve-al-forum-de-mons-mediterranis-organitzat-pel-president-de-la-republica-francesa-emmanuel-macron","status":"publish","type":"post","link":"https:\/\/amec.es\/ca\/actualitat\/amec-interve-al-forum-de-mons-mediterranis-organitzat-pel-president-de-la-republica-francesa-emmanuel-macron\/","title":{"rendered":"amec interv\u00e9 al F\u00f2rum de M\u00f3ns Mediterranis, organitzat pel president de la Rep\u00fablica Francesa, Emmanuel Macron"},"content":{"rendered":"<div class=\"amplada-pagina descripcion\">\n<p><em><strong><img fetchpriority=\"high\" decoding=\"async\" src=\"http:\/\/wecreatedesign.co\/dev\/WP\/amec\/wp-content\/uploads\/2023\/03\/forum-anima-amec-oscarpuig-2-redim-w560-h589.jpg\" alt=\"Forum-anima-amec-oscarpuig.jpg\" width=\"560\" height=\"589\" \/>amec<\/strong><\/em>\u00a0ha participat al\u00a0<a href=\"https:\/\/www.mondesmediterraneens.org\/\" target=\"_blank\" rel=\"noopener\">F\u00f2rum de M\u00f3ns Mediterranis<\/a>\u00a0, organitzat per iniciativa del president de la Rep\u00fablica Francesa, Emmanuel Macron, i que ha tingut lloc els dies 7 i 8 de febrer a Marsella. El subdirector d&#8217;\u00a0<em><strong>amec<\/strong><\/em>\u00a0\u00d3scar Puig va intervenir en el debat sobre els\u00a0<strong>nous sectors innovadors i sostenibles<\/strong>\u00a0, en una taula que va tractar sobre\u00a0<em>Com accelerar l&#8217;aparici\u00f3 de sectors del futur afavorits per la crisi sanit\u00e0ria?<\/em><\/p>\n<p>&nbsp;<\/p>\n<p><strong>&#8220;La innovaci\u00f3 i la prospectiva, que permeten no nom\u00e9s adaptar-se sin\u00f3 avan\u00e7ar-se als canvis, s\u00f3n claus per impulsar una ind\u00fastria competitiva. En aquest repte \u00e9s essencial la col\u00b7laboraci\u00f3 entre les empreses i tot l&#8217;ecosistema amb qu\u00e8 comptem, que \u00e9s molt potent a la conca del mediterrani&#8221;<\/strong>\u00a0, tal com va destacar Puig en la seva intervenci\u00f3.<\/p>\n<p>&nbsp;<\/p>\n<p>Amb Puig van participar en el debat el president de Novation City, Noomane Fehru; la directora del cl\u00faster Mecaytonique Leila Zmantar; el cap d&#8217;emprenedoria d&#8217;ITIDA, Rasha Tantawy; el director general de NEEDE M\u00e9diterran\u00e9e, Cyprien Fonvielle; i la coordinadora Interregional de la Comunitat Green Growth de la Universitat de Vic, Merc\u00e8 Boy.<\/p>\n<p>&nbsp;<\/p>\n<p>Precisament, i despr\u00e9s de la seva pres\u00e8ncia al f\u00f2rum, on tamb\u00e9 va assistir la responsable de l&#8217;\u00c0rea de Projectes i Partenariat de\u00a0<em><strong>Amec<\/strong><\/em>\u00a0, Sonia Fern\u00e1ndez, l&#8217;entitat far\u00e0 un seguiment a les relacions amb algunes entitats participants en aquesta destacada cita internacional, amb l&#8217;objectiu impulsar projectes d&#8217;inter\u00e8s per a les empreses industrials de la comunitat.<\/p>\n<p>&nbsp;<\/p>\n<p>Sobre la base dels compromisos assumits a la Cimera de les Dues Ribes el 2019, el F\u00f2rum va reunir actors de la societat civil, de l&#8217;administraci\u00f3 i organitzacions empresarials de tota la Mediterr\u00e0nia per debatre al voltant de solucions concretes per fer front als nostres reptes comuns en mat\u00e8ria dinnovaci\u00f3 empresarial, medi ambient, cultura, immigraci\u00f3, sostenibilitat i educaci\u00f3.<\/p>\n<p>&nbsp;<\/p>\n<p><em><strong>amec<\/strong><\/em>\u00a0participa al f\u00f2rum com a membre d&#8217;Anima, la plataforma per a la cooperaci\u00f3 entre Europa Orient Mitj\u00e0 i \u00c0frica, a trav\u00e9s de la qual recentment\u00a0<a href=\"https:\/\/www.amec.es\/es\/pl199\/amecnews\/noticias\/id894\/amec-asesora-a-la-confederacion-de-empresas-tunecinas-conect.htm\" target=\"_blank\" rel=\"noopener\">va realitzar una formaci\u00f3 a organitzacions empresarials tunisines<\/a>\u00a0, alguna representants dels clients dels nostres socis.<\/p>\n<p>&nbsp;<\/p>\n<p>El F\u00f2rum de M\u00f3ns Mediterranis, ideat en col\u00b7laboraci\u00f3 amb una cinquantena d&#8217;actors institucionals i de la societat civil, persegueix crear un espai de di\u00e0leg i debat amb la finalitat de respondre als desafiaments que s\u00f3n comuns a tota la conca mediterr\u00e0nia.<\/p>\n<\/div>\n","protected":false},"excerpt":{"rendered":"<p>amec\u00a0ha participat al\u00a0F\u00f2rum de M\u00f3ns Mediterranis\u00a0, organitzat per iniciativa del president de la Rep\u00fablica Francesa, Emmanuel Macron, i que ha tingut lloc els dies 7 i 8 de febrer a Marsella. El subdirector d&#8217;\u00a0amec\u00a0\u00d3scar Puig va intervenir en el debat sobre els\u00a0nous sectors innovadors i sostenibles\u00a0, en una taula que va tractar sobre\u00a0Com accelerar l&#8217;aparici\u00f3 [&hellip;]<\/p>\n","protected":false},"author":1,"featured_media":5200,"comment_status":"open","ping_status":"open","sticky":false,"template":"","format":"standard","meta":{"inline_featured_image":false,"footnotes":""},"categories":[27],"tags":[],"class_list":["post-6613","post","type-post","status-publish","format-standard","has-post-thumbnail","hentry","category-actualitat"],"yoast_head":"<!-- This site is optimized with the Yoast SEO plugin v27.3 - https:\/\/yoast.com\/product\/yoast-seo-wordpress\/ -->\n<title>amec interv\u00e9 al F\u00f2rum de M\u00f3ns Mediterranis, organitzat pel president de la Rep\u00fablica Francesa, Emmanuel Macron | amec Positive Industry<\/title>\n<meta name=\"robots\" content=\"index, follow, max-snippet:-1, max-image-preview:large, max-video-preview:-1\" \/>\n<link rel=\"canonical\" href=\"https:\/\/amec.es\/ca\/actualitat\/amec-interve-al-forum-de-mons-mediterranis-organitzat-pel-president-de-la-republica-francesa-emmanuel-macron\/\" \/>\n<meta property=\"og:locale\" content=\"ca_ES\" \/>\n<meta property=\"og:type\" content=\"article\" \/>\n<meta property=\"og:title\" content=\"amec interv\u00e9 al F\u00f2rum de M\u00f3ns Mediterranis, organitzat pel president de la Rep\u00fablica Francesa, Emmanuel Macron | amec Positive Industry\" \/>\n<meta property=\"og:description\" content=\"amec\u00a0ha participat al\u00a0F\u00f2rum de M\u00f3ns Mediterranis\u00a0, organitzat per iniciativa del president de la Rep\u00fablica Francesa, Emmanuel Macron, i que ha tingut lloc els dies 7 i 8 de febrer a Marsella. El subdirector d&#8217;\u00a0amec\u00a0\u00d3scar Puig va intervenir en el debat sobre els\u00a0nous sectors innovadors i sostenibles\u00a0, en una taula que va tractar sobre\u00a0Com accelerar l&#8217;aparici\u00f3 [&hellip;]\" \/>\n<meta property=\"og:url\" content=\"https:\/\/amec.es\/ca\/actualitat\/amec-interve-al-forum-de-mons-mediterranis-organitzat-pel-president-de-la-republica-francesa-emmanuel-macron\/\" \/>\n<meta property=\"og:site_name\" content=\"amec Positive Industry\" \/>\n<meta property=\"article:published_time\" content=\"2022-02-10T04:38:11+00:00\" \/>\n<meta property=\"og:image\" content=\"https:\/\/amec.es\/wp-content\/uploads\/2023\/08\/abas-partner-redim-enc.jpg\" \/>\n\t<meta property=\"og:image:width\" content=\"920\" \/>\n\t<meta property=\"og:image:height\" content=\"549\" \/>\n\t<meta property=\"og:image:type\" content=\"image\/jpeg\" \/>\n<meta name=\"author\" content=\"webmaster\" \/>\n<meta name=\"twitter:card\" content=\"summary_large_image\" \/>\n<meta name=\"twitter:label1\" content=\"Escrit per\" \/>\n\t<meta name=\"twitter:data1\" content=\"webmaster\" \/>\n\t<meta name=\"twitter:label2\" content=\"Temps estimat de lectura\" \/>\n\t<meta name=\"twitter:data2\" content=\"2 minuts\" \/>\n<script type=\"application\/ld+json\" class=\"yoast-schema-graph\">{\"@context\":\"https:\\\/\\\/schema.org\",\"@graph\":[{\"@type\":\"Article\",\"@id\":\"https:\\\/\\\/amec.es\\\/ca\\\/actualitat\\\/amec-interve-al-forum-de-mons-mediterranis-organitzat-pel-president-de-la-republica-francesa-emmanuel-macron\\\/#article\",\"isPartOf\":{\"@id\":\"https:\\\/\\\/amec.es\\\/ca\\\/actualitat\\\/amec-interve-al-forum-de-mons-mediterranis-organitzat-pel-president-de-la-republica-francesa-emmanuel-macron\\\/\"},\"author\":{\"name\":\"webmaster\",\"@id\":\"https:\\\/\\\/amec.es\\\/#\\\/schema\\\/person\\\/377e1e145733915506a55297ad2fc830\"},\"headline\":\"amec interv\u00e9 al F\u00f2rum de M\u00f3ns Mediterranis, organitzat pel president de la Rep\u00fablica Francesa, Emmanuel Macron\",\"datePublished\":\"2022-02-10T04:38:11+00:00\",\"mainEntityOfPage\":{\"@id\":\"https:\\\/\\\/amec.es\\\/ca\\\/actualitat\\\/amec-interve-al-forum-de-mons-mediterranis-organitzat-pel-president-de-la-republica-francesa-emmanuel-macron\\\/\"},\"wordCount\":431,\"commentCount\":0,\"publisher\":{\"@id\":\"https:\\\/\\\/amec.es\\\/#organization\"},\"image\":{\"@id\":\"https:\\\/\\\/amec.es\\\/ca\\\/actualitat\\\/amec-interve-al-forum-de-mons-mediterranis-organitzat-pel-president-de-la-republica-francesa-emmanuel-macron\\\/#primaryimage\"},\"thumbnailUrl\":\"https:\\\/\\\/amec.es\\\/wp-content\\\/uploads\\\/2023\\\/08\\\/abas-partner-redim-enc.jpg\",\"articleSection\":[\"Actualitat\"],\"inLanguage\":\"ca\",\"potentialAction\":[{\"@type\":\"CommentAction\",\"name\":\"Comment\",\"target\":[\"https:\\\/\\\/amec.es\\\/ca\\\/actualitat\\\/amec-interve-al-forum-de-mons-mediterranis-organitzat-pel-president-de-la-republica-francesa-emmanuel-macron\\\/#respond\"]}]},{\"@type\":\"WebPage\",\"@id\":\"https:\\\/\\\/amec.es\\\/ca\\\/actualitat\\\/amec-interve-al-forum-de-mons-mediterranis-organitzat-pel-president-de-la-republica-francesa-emmanuel-macron\\\/\",\"url\":\"https:\\\/\\\/amec.es\\\/ca\\\/actualitat\\\/amec-interve-al-forum-de-mons-mediterranis-organitzat-pel-president-de-la-republica-francesa-emmanuel-macron\\\/\",\"name\":\"amec interv\u00e9 al F\u00f2rum de M\u00f3ns Mediterranis, organitzat pel president de la Rep\u00fablica Francesa, Emmanuel Macron | amec Positive Industry\",\"isPartOf\":{\"@id\":\"https:\\\/\\\/amec.es\\\/#website\"},\"primaryImageOfPage\":{\"@id\":\"https:\\\/\\\/amec.es\\\/ca\\\/actualitat\\\/amec-interve-al-forum-de-mons-mediterranis-organitzat-pel-president-de-la-republica-francesa-emmanuel-macron\\\/#primaryimage\"},\"image\":{\"@id\":\"https:\\\/\\\/amec.es\\\/ca\\\/actualitat\\\/amec-interve-al-forum-de-mons-mediterranis-organitzat-pel-president-de-la-republica-francesa-emmanuel-macron\\\/#primaryimage\"},\"thumbnailUrl\":\"https:\\\/\\\/amec.es\\\/wp-content\\\/uploads\\\/2023\\\/08\\\/abas-partner-redim-enc.jpg\",\"datePublished\":\"2022-02-10T04:38:11+00:00\",\"breadcrumb\":{\"@id\":\"https:\\\/\\\/amec.es\\\/ca\\\/actualitat\\\/amec-interve-al-forum-de-mons-mediterranis-organitzat-pel-president-de-la-republica-francesa-emmanuel-macron\\\/#breadcrumb\"},\"inLanguage\":\"ca\",\"potentialAction\":[{\"@type\":\"ReadAction\",\"target\":[\"https:\\\/\\\/amec.es\\\/ca\\\/actualitat\\\/amec-interve-al-forum-de-mons-mediterranis-organitzat-pel-president-de-la-republica-francesa-emmanuel-macron\\\/\"]}]},{\"@type\":\"ImageObject\",\"inLanguage\":\"ca\",\"@id\":\"https:\\\/\\\/amec.es\\\/ca\\\/actualitat\\\/amec-interve-al-forum-de-mons-mediterranis-organitzat-pel-president-de-la-republica-francesa-emmanuel-macron\\\/#primaryimage\",\"url\":\"https:\\\/\\\/amec.es\\\/wp-content\\\/uploads\\\/2023\\\/08\\\/abas-partner-redim-enc.jpg\",\"contentUrl\":\"https:\\\/\\\/amec.es\\\/wp-content\\\/uploads\\\/2023\\\/08\\\/abas-partner-redim-enc.jpg\",\"width\":920,\"height\":549},{\"@type\":\"BreadcrumbList\",\"@id\":\"https:\\\/\\\/amec.es\\\/ca\\\/actualitat\\\/amec-interve-al-forum-de-mons-mediterranis-organitzat-pel-president-de-la-republica-francesa-emmanuel-macron\\\/#breadcrumb\",\"itemListElement\":[{\"@type\":\"ListItem\",\"position\":1,\"name\":\"Portada\",\"item\":\"https:\\\/\\\/amec.es\\\/ca\\\/home-new\\\/\"},{\"@type\":\"ListItem\",\"position\":2,\"name\":\"amec interv\u00e9 al F\u00f2rum de M\u00f3ns Mediterranis, organitzat pel president de la Rep\u00fablica Francesa, Emmanuel Macron\"}]},{\"@type\":\"WebSite\",\"@id\":\"https:\\\/\\\/amec.es\\\/#website\",\"url\":\"https:\\\/\\\/amec.es\\\/\",\"name\":\"amec Positive Industry\",\"description\":\"\",\"publisher\":{\"@id\":\"https:\\\/\\\/amec.es\\\/#organization\"},\"potentialAction\":[{\"@type\":\"SearchAction\",\"target\":{\"@type\":\"EntryPoint\",\"urlTemplate\":\"https:\\\/\\\/amec.es\\\/?s={search_term_string}\"},\"query-input\":{\"@type\":\"PropertyValueSpecification\",\"valueRequired\":true,\"valueName\":\"search_term_string\"}}],\"inLanguage\":\"ca\"},{\"@type\":\"Organization\",\"@id\":\"https:\\\/\\\/amec.es\\\/#organization\",\"name\":\"amec Positive Industry\",\"url\":\"https:\\\/\\\/amec.es\\\/\",\"logo\":{\"@type\":\"ImageObject\",\"inLanguage\":\"ca\",\"@id\":\"https:\\\/\\\/amec.es\\\/#\\\/schema\\\/logo\\\/image\\\/\",\"url\":\"https:\\\/\\\/amec.es\\\/wp-content\\\/uploads\\\/2023\\\/07\\\/logoamec.png\",\"contentUrl\":\"https:\\\/\\\/amec.es\\\/wp-content\\\/uploads\\\/2023\\\/07\\\/logoamec.png\",\"width\":200,\"height\":48,\"caption\":\"amec Positive Industry\"},\"image\":{\"@id\":\"https:\\\/\\\/amec.es\\\/#\\\/schema\\\/logo\\\/image\\\/\"}},{\"@type\":\"Person\",\"@id\":\"https:\\\/\\\/amec.es\\\/#\\\/schema\\\/person\\\/377e1e145733915506a55297ad2fc830\",\"name\":\"webmaster\",\"image\":{\"@type\":\"ImageObject\",\"inLanguage\":\"ca\",\"@id\":\"https:\\\/\\\/secure.gravatar.com\\\/avatar\\\/1122ff7c82efe2079ddb19cd256fc39ab150caee9b258eeae8928e7f703c39f3?s=96&d=mm&r=g\",\"url\":\"https:\\\/\\\/secure.gravatar.com\\\/avatar\\\/1122ff7c82efe2079ddb19cd256fc39ab150caee9b258eeae8928e7f703c39f3?s=96&d=mm&r=g\",\"contentUrl\":\"https:\\\/\\\/secure.gravatar.com\\\/avatar\\\/1122ff7c82efe2079ddb19cd256fc39ab150caee9b258eeae8928e7f703c39f3?s=96&d=mm&r=g\",\"caption\":\"webmaster\"}}]}<\/script>\n<!-- \/ Yoast SEO plugin. -->","yoast_head_json":{"title":"amec interv\u00e9 al F\u00f2rum de M\u00f3ns Mediterranis, organitzat pel president de la Rep\u00fablica Francesa, Emmanuel Macron | amec Positive Industry","robots":{"index":"index","follow":"follow","max-snippet":"max-snippet:-1","max-image-preview":"max-image-preview:large","max-video-preview":"max-video-preview:-1"},"canonical":"https:\/\/amec.es\/ca\/actualitat\/amec-interve-al-forum-de-mons-mediterranis-organitzat-pel-president-de-la-republica-francesa-emmanuel-macron\/","og_locale":"ca_ES","og_type":"article","og_title":"amec interv\u00e9 al F\u00f2rum de M\u00f3ns Mediterranis, organitzat pel president de la Rep\u00fablica Francesa, Emmanuel Macron | amec Positive Industry","og_description":"amec\u00a0ha participat al\u00a0F\u00f2rum de M\u00f3ns Mediterranis\u00a0, organitzat per iniciativa del president de la Rep\u00fablica Francesa, Emmanuel Macron, i que ha tingut lloc els dies 7 i 8 de febrer a Marsella. El subdirector d&#8217;\u00a0amec\u00a0\u00d3scar Puig va intervenir en el debat sobre els\u00a0nous sectors innovadors i sostenibles\u00a0, en una taula que va tractar sobre\u00a0Com accelerar l&#8217;aparici\u00f3 [&hellip;]","og_url":"https:\/\/amec.es\/ca\/actualitat\/amec-interve-al-forum-de-mons-mediterranis-organitzat-pel-president-de-la-republica-francesa-emmanuel-macron\/","og_site_name":"amec Positive Industry","article_published_time":"2022-02-10T04:38:11+00:00","og_image":[{"width":920,"height":549,"url":"https:\/\/amec.es\/wp-content\/uploads\/2023\/08\/abas-partner-redim-enc.jpg","type":"image\/jpeg"}],"author":"webmaster","twitter_card":"summary_large_image","twitter_misc":{"Escrit per":"webmaster","Temps estimat de lectura":"2 minuts"},"schema":{"@context":"https:\/\/schema.org","@graph":[{"@type":"Article","@id":"https:\/\/amec.es\/ca\/actualitat\/amec-interve-al-forum-de-mons-mediterranis-organitzat-pel-president-de-la-republica-francesa-emmanuel-macron\/#article","isPartOf":{"@id":"https:\/\/amec.es\/ca\/actualitat\/amec-interve-al-forum-de-mons-mediterranis-organitzat-pel-president-de-la-republica-francesa-emmanuel-macron\/"},"author":{"name":"webmaster","@id":"https:\/\/amec.es\/#\/schema\/person\/377e1e145733915506a55297ad2fc830"},"headline":"amec interv\u00e9 al F\u00f2rum de M\u00f3ns Mediterranis, organitzat pel president de la Rep\u00fablica Francesa, Emmanuel Macron","datePublished":"2022-02-10T04:38:11+00:00","mainEntityOfPage":{"@id":"https:\/\/amec.es\/ca\/actualitat\/amec-interve-al-forum-de-mons-mediterranis-organitzat-pel-president-de-la-republica-francesa-emmanuel-macron\/"},"wordCount":431,"commentCount":0,"publisher":{"@id":"https:\/\/amec.es\/#organization"},"image":{"@id":"https:\/\/amec.es\/ca\/actualitat\/amec-interve-al-forum-de-mons-mediterranis-organitzat-pel-president-de-la-republica-francesa-emmanuel-macron\/#primaryimage"},"thumbnailUrl":"https:\/\/amec.es\/wp-content\/uploads\/2023\/08\/abas-partner-redim-enc.jpg","articleSection":["Actualitat"],"inLanguage":"ca","potentialAction":[{"@type":"CommentAction","name":"Comment","target":["https:\/\/amec.es\/ca\/actualitat\/amec-interve-al-forum-de-mons-mediterranis-organitzat-pel-president-de-la-republica-francesa-emmanuel-macron\/#respond"]}]},{"@type":"WebPage","@id":"https:\/\/amec.es\/ca\/actualitat\/amec-interve-al-forum-de-mons-mediterranis-organitzat-pel-president-de-la-republica-francesa-emmanuel-macron\/","url":"https:\/\/amec.es\/ca\/actualitat\/amec-interve-al-forum-de-mons-mediterranis-organitzat-pel-president-de-la-republica-francesa-emmanuel-macron\/","name":"amec interv\u00e9 al F\u00f2rum de M\u00f3ns Mediterranis, organitzat pel president de la Rep\u00fablica Francesa, Emmanuel Macron | amec Positive Industry","isPartOf":{"@id":"https:\/\/amec.es\/#website"},"primaryImageOfPage":{"@id":"https:\/\/amec.es\/ca\/actualitat\/amec-interve-al-forum-de-mons-mediterranis-organitzat-pel-president-de-la-republica-francesa-emmanuel-macron\/#primaryimage"},"image":{"@id":"https:\/\/amec.es\/ca\/actualitat\/amec-interve-al-forum-de-mons-mediterranis-organitzat-pel-president-de-la-republica-francesa-emmanuel-macron\/#primaryimage"},"thumbnailUrl":"https:\/\/amec.es\/wp-content\/uploads\/2023\/08\/abas-partner-redim-enc.jpg","datePublished":"2022-02-10T04:38:11+00:00","breadcrumb":{"@id":"https:\/\/amec.es\/ca\/actualitat\/amec-interve-al-forum-de-mons-mediterranis-organitzat-pel-president-de-la-republica-francesa-emmanuel-macron\/#breadcrumb"},"inLanguage":"ca","potentialAction":[{"@type":"ReadAction","target":["https:\/\/amec.es\/ca\/actualitat\/amec-interve-al-forum-de-mons-mediterranis-organitzat-pel-president-de-la-republica-francesa-emmanuel-macron\/"]}]},{"@type":"ImageObject","inLanguage":"ca","@id":"https:\/\/amec.es\/ca\/actualitat\/amec-interve-al-forum-de-mons-mediterranis-organitzat-pel-president-de-la-republica-francesa-emmanuel-macron\/#primaryimage","url":"https:\/\/amec.es\/wp-content\/uploads\/2023\/08\/abas-partner-redim-enc.jpg","contentUrl":"https:\/\/amec.es\/wp-content\/uploads\/2023\/08\/abas-partner-redim-enc.jpg","width":920,"height":549},{"@type":"BreadcrumbList","@id":"https:\/\/amec.es\/ca\/actualitat\/amec-interve-al-forum-de-mons-mediterranis-organitzat-pel-president-de-la-republica-francesa-emmanuel-macron\/#breadcrumb","itemListElement":[{"@type":"ListItem","position":1,"name":"Portada","item":"https:\/\/amec.es\/ca\/home-new\/"},{"@type":"ListItem","position":2,"name":"amec interv\u00e9 al F\u00f2rum de M\u00f3ns Mediterranis, organitzat pel president de la Rep\u00fablica Francesa, Emmanuel Macron"}]},{"@type":"WebSite","@id":"https:\/\/amec.es\/#website","url":"https:\/\/amec.es\/","name":"amec Positive Industry","description":"","publisher":{"@id":"https:\/\/amec.es\/#organization"},"potentialAction":[{"@type":"SearchAction","target":{"@type":"EntryPoint","urlTemplate":"https:\/\/amec.es\/?s={search_term_string}"},"query-input":{"@type":"PropertyValueSpecification","valueRequired":true,"valueName":"search_term_string"}}],"inLanguage":"ca"},{"@type":"Organization","@id":"https:\/\/amec.es\/#organization","name":"amec Positive Industry","url":"https:\/\/amec.es\/","logo":{"@type":"ImageObject","inLanguage":"ca","@id":"https:\/\/amec.es\/#\/schema\/logo\/image\/","url":"https:\/\/amec.es\/wp-content\/uploads\/2023\/07\/logoamec.png","contentUrl":"https:\/\/amec.es\/wp-content\/uploads\/2023\/07\/logoamec.png","width":200,"height":48,"caption":"amec Positive Industry"},"image":{"@id":"https:\/\/amec.es\/#\/schema\/logo\/image\/"}},{"@type":"Person","@id":"https:\/\/amec.es\/#\/schema\/person\/377e1e145733915506a55297ad2fc830","name":"webmaster","image":{"@type":"ImageObject","inLanguage":"ca","@id":"https:\/\/secure.gravatar.com\/avatar\/1122ff7c82efe2079ddb19cd256fc39ab150caee9b258eeae8928e7f703c39f3?s=96&d=mm&r=g","url":"https:\/\/secure.gravatar.com\/avatar\/1122ff7c82efe2079ddb19cd256fc39ab150caee9b258eeae8928e7f703c39f3?s=96&d=mm&r=g","contentUrl":"https:\/\/secure.gravatar.com\/avatar\/1122ff7c82efe2079ddb19cd256fc39ab150caee9b258eeae8928e7f703c39f3?s=96&d=mm&r=g","caption":"webmaster"}}]}},"_links":{"self":[{"href":"https:\/\/amec.es\/ca\/wp-json\/wp\/v2\/posts\/6613","targetHints":{"allow":["GET"]}}],"collection":[{"href":"https:\/\/amec.es\/ca\/wp-json\/wp\/v2\/posts"}],"about":[{"href":"https:\/\/amec.es\/ca\/wp-json\/wp\/v2\/types\/post"}],"author":[{"embeddable":true,"href":"https:\/\/amec.es\/ca\/wp-json\/wp\/v2\/users\/1"}],"replies":[{"embeddable":true,"href":"https:\/\/amec.es\/ca\/wp-json\/wp\/v2\/comments?post=6613"}],"version-history":[{"count":0,"href":"https:\/\/amec.es\/ca\/wp-json\/wp\/v2\/posts\/6613\/revisions"}],"wp:featuredmedia":[{"embeddable":true,"href":"https:\/\/amec.es\/ca\/wp-json\/wp\/v2\/media\/5200"}],"wp:attachment":[{"href":"https:\/\/amec.es\/ca\/wp-json\/wp\/v2\/media?parent=6613"}],"wp:term":[{"taxonomy":"category","embeddable":true,"href":"https:\/\/amec.es\/ca\/wp-json\/wp\/v2\/categories?post=6613"},{"taxonomy":"post_tag","embeddable":true,"href":"https:\/\/amec.es\/ca\/wp-json\/wp\/v2\/tags?post=6613"}],"curies":[{"name":"wp","href":"https:\/\/api.w.org\/{rel}","templated":true}]}}