{"id":6616,"date":"2022-02-14T04:40:48","date_gmt":"2022-02-14T04:40:48","guid":{"rendered":"https:\/\/wecreatedesign.co\/dev\/WP\/amec\/?p=5213"},"modified":"2022-02-14T04:40:48","modified_gmt":"2022-02-14T04:40:48","slug":"amec-urbis-troba-projectes-dinteres-per-a-la-participacio-de-les-empreses-despres-de-reunir-se-amb-els-responsables-de-la-mobilitat-urbana-i-la-gestio-de-residus-de-lamb","status":"publish","type":"post","link":"https:\/\/amec.es\/ca\/actualitat\/amec-urbis-troba-projectes-dinteres-per-a-la-participacio-de-les-empreses-despres-de-reunir-se-amb-els-responsables-de-la-mobilitat-urbana-i-la-gestio-de-residus-de-lamb\/","title":{"rendered":"amec urbis troba projectes d&#8217;inter\u00e8s per a la participaci\u00f3 de les empreses despr\u00e9s de reunir-se amb els responsables de la mobilitat urbana i la gesti\u00f3 de residus de l&#8217;AMB"},"content":{"rendered":"<div class=\"amplada-pagina descripcion\">\n<p><img fetchpriority=\"high\" decoding=\"async\" src=\"http:\/\/wecreatedesign.co\/dev\/WP\/amec\/wp-content\/uploads\/2023\/03\/amecurbis-its-hamburg-redim-w600-h340.jpg\" alt=\"amecurbis-its-hamburg.jpg\" width=\"600\" height=\"340\" \/><\/p>\n<p>El responsable d&#8217;amec urbis Aleix Serrallonga ha trobat nombroses oportunitats per a les empreses industrials del pa\u00eds que equipen els territoris urbans amb les \u00faltimes tecnologies despr\u00e9s de reunir-se amb els responsables de mobilitat urbana i de gesti\u00f3 de residus de l&#8217;\u00c0rea Metropolitana de Barcelona.<\/p>\n<p>&nbsp;<\/p>\n<p>Serrallonga s&#8217;ha reunit amb el Director de Serveis de Mobilitat Sostenible, Carles Conill, i amb el Cap Secci\u00f3 de Mobilitat Sostenible, Marc Iglesias, fet que li ha perm\u00e8s con\u00e8ixer de prop ia trav\u00e9s dels seus responsables els principals eixos d&#8217;acci\u00f3 de l&#8217;AMB a mat\u00e8ria de mobilitat i gesti\u00f3 del transport p\u00fablic metropolit\u00e0: les zones de baixes emissions, la gesti\u00f3 de la mobilitat amb bicicleta, la mobilitat el\u00e8ctrica i la infraestructura de rec\u00e0rrega i la gesti\u00f3 dels espais d&#8217;aparcament. &#8220;S\u00f3n molt nombroses les empreses d&#8217;amec urbis que treballen equipant amb les \u00faltimes solucions i noves tecnologies a les ciutats de tot el m\u00f3n en tots aquests \u00e0mbits i de manera molt satisfact\u00f2ria&#8221;, explica Serrallonga, que alhora va donar a con\u00e8ixer els responsables p\u00fablica tota la feina que desenvolupen els membres de la comunitat.<\/p>\n<p>&nbsp;<\/p>\n<p>&nbsp;<\/p>\n<p>El representant d&#8217;<em><strong>amec urbis<\/strong><\/em>\u00a0tamb\u00e9 han conegut detalladament els\u00a0<strong>cinc projectes de mobilitat sostenible<\/strong>\u00a0(\u00a0Smarthub Mira-sol, Hallo, E-Ultimate, Multidepart i Mobinno)\u00a0que estan liderats o que compten amb la participaci\u00f3 de l&#8217;\u00a0<strong>AMB i l&#8217;\u00a0<a href=\"https:\/\/www.eiturbanmobility.eu\/\" target=\"_blank\" rel=\"noopener\">EIT Urban Mobility<\/a><\/strong>\u00a0. Aquest programa \u00e9s una iniciativa de l&#8217;Institut Europeu d&#8217;Innovaci\u00f3 i Tecnologia (EIT). Des del gener del 2019, treballa per fomentar canvis positius en la manera com les persones es mouen per les ciutats per fer-les llocs m\u00e9s habitables. El cofinan\u00e7ament de fins a 400 milions d&#8217;euros (2020-2026) de l&#8217;EIT, un organisme de la Uni\u00f3 Europea, ajudar\u00e0 que aix\u00f2 passi.\u00a0<strong>\u201cDisposar de m\u00e9s finan\u00e7ament pot facilitar les ciutats a fer un salt qualitatiu\u201d<\/strong>\u00a0, incideix el responsable d&#8217;\u00a0<strong><em>amec urbis<\/em><\/strong>\u00a0.<\/p>\n<p>&nbsp;<\/p>\n<p>Serrallonga va convidar els responsables de Mobilitat de l&#8217;AMB a participar a la jornada del sector de les solucions tecnol\u00f2giques per a les ciutats, prevista per al proper mes de mar\u00e7.<\/p>\n<p>&nbsp;<\/p>\n<p>Tamb\u00e9 la gesti\u00f3 d&#8217;aigua i de residus a l&#8217;\u00c0rea Metropolitana comporten oportunitats per a les empreses de la comunitat. Aix\u00ed s&#8217;ha comprovat despr\u00e9s de la visita dels responsables d&#8217;\u00a0<em><strong>amec urbis<\/strong><\/em>\u00a0al\u00a0<strong>Servei de Prevenci\u00f3 i Gesti\u00f3 de Residus,<\/strong>\u00a0on es van reunir amb el\u00a0<strong>cap de Servei An\u00e0lisi i R+D, Joan Carles Fern\u00e1ndez<\/strong>\u00a0. Mart\u00edn i Serrallonga van presentar com treballen les empreses de tractament de residus i aig\u00fces de la comunitat i van con\u00e8ixer els detalls del PREMET25, el Programa Metropolit\u00e0 de Prevenci\u00f3 i Gesti\u00f3 de Recursos i Residus Municipals \/ 2019-2025. Fern\u00e1ndez va destacar com a principals reptes, per una banda, els processos de recollida i segregaci\u00f3 dels residus i, de l&#8217;altra, el pagament en base als residus generats i al tancament de contenidors per a la identificaci\u00f3 de cada usuari. Aix\u00ed mateix, es va mostrar interessat en la possibilitat que ofereixen les empreses de la comunitat d&#8217;\u00a0<em><strong>amec<\/strong><\/em>\u00a0d&#8217;aplicar tecnologies en la gesti\u00f3 i el tractament de residus procedents de sectors molt diversos.<\/p>\n<\/div>\n","protected":false},"excerpt":{"rendered":"<p>El responsable d&#8217;amec urbis Aleix Serrallonga ha trobat nombroses oportunitats per a les empreses industrials del pa\u00eds que equipen els territoris urbans amb les \u00faltimes tecnologies despr\u00e9s de reunir-se amb els responsables de mobilitat urbana i de gesti\u00f3 de residus de l&#8217;\u00c0rea Metropolitana de Barcelona. &nbsp; Serrallonga s&#8217;ha reunit amb el Director de Serveis de [&hellip;]<\/p>\n","protected":false},"author":1,"featured_media":5215,"comment_status":"open","ping_status":"open","sticky":false,"template":"","format":"standard","meta":{"inline_featured_image":false,"footnotes":""},"categories":[27],"tags":[],"class_list":["post-6616","post","type-post","status-publish","format-standard","has-post-thumbnail","hentry","category-actualitat"],"yoast_head":"<!-- This site is optimized with the Yoast SEO plugin v27.3 - https:\/\/yoast.com\/product\/yoast-seo-wordpress\/ -->\n<title>amec urbis troba projectes d&#039;inter\u00e8s per a la participaci\u00f3 de les empreses despr\u00e9s de reunir-se amb els responsables de la mobilitat urbana i la gesti\u00f3 de residus de l&#039;AMB | amec Positive Industry<\/title>\n<meta name=\"robots\" content=\"index, follow, max-snippet:-1, max-image-preview:large, max-video-preview:-1\" \/>\n<link rel=\"canonical\" href=\"https:\/\/amec.es\/ca\/actualitat\/amec-urbis-troba-projectes-dinteres-per-a-la-participacio-de-les-empreses-despres-de-reunir-se-amb-els-responsables-de-la-mobilitat-urbana-i-la-gestio-de-residus-de-lamb\/\" \/>\n<meta property=\"og:locale\" content=\"ca_ES\" \/>\n<meta property=\"og:type\" content=\"article\" \/>\n<meta property=\"og:title\" content=\"amec urbis troba projectes d&#039;inter\u00e8s per a la participaci\u00f3 de les empreses despr\u00e9s de reunir-se amb els responsables de la mobilitat urbana i la gesti\u00f3 de residus de l&#039;AMB | amec Positive Industry\" \/>\n<meta property=\"og:description\" content=\"El responsable d&#8217;amec urbis Aleix Serrallonga ha trobat nombroses oportunitats per a les empreses industrials del pa\u00eds que equipen els territoris urbans amb les \u00faltimes tecnologies despr\u00e9s de reunir-se amb els responsables de mobilitat urbana i de gesti\u00f3 de residus de l&#8217;\u00c0rea Metropolitana de Barcelona. &nbsp; Serrallonga s&#8217;ha reunit amb el Director de Serveis de [&hellip;]\" \/>\n<meta property=\"og:url\" content=\"https:\/\/amec.es\/ca\/actualitat\/amec-urbis-troba-projectes-dinteres-per-a-la-participacio-de-les-empreses-despres-de-reunir-se-amb-els-responsables-de-la-mobilitat-urbana-i-la-gestio-de-residus-de-lamb\/\" \/>\n<meta property=\"og:site_name\" content=\"amec Positive Industry\" \/>\n<meta property=\"article:published_time\" content=\"2022-02-14T04:40:48+00:00\" \/>\n<meta property=\"og:image\" content=\"https:\/\/amec.es\/wp-content\/uploads\/2024\/02\/Logo_AMEC.png\" \/>\n\t<meta property=\"og:image:width\" content=\"1827\" \/>\n\t<meta property=\"og:image:height\" content=\"438\" \/>\n\t<meta property=\"og:image:type\" content=\"image\/png\" \/>\n<meta name=\"author\" content=\"webmaster\" \/>\n<meta name=\"twitter:card\" content=\"summary_large_image\" \/>\n<meta name=\"twitter:label1\" content=\"Escrit per\" \/>\n\t<meta name=\"twitter:data1\" content=\"webmaster\" \/>\n\t<meta name=\"twitter:label2\" content=\"Temps estimat de lectura\" \/>\n\t<meta name=\"twitter:data2\" content=\"3 minuts\" \/>\n<script type=\"application\/ld+json\" class=\"yoast-schema-graph\">{\"@context\":\"https:\\\/\\\/schema.org\",\"@graph\":[{\"@type\":\"Article\",\"@id\":\"https:\\\/\\\/amec.es\\\/ca\\\/actualitat\\\/amec-urbis-troba-projectes-dinteres-per-a-la-participacio-de-les-empreses-despres-de-reunir-se-amb-els-responsables-de-la-mobilitat-urbana-i-la-gestio-de-residus-de-lamb\\\/#article\",\"isPartOf\":{\"@id\":\"https:\\\/\\\/amec.es\\\/ca\\\/actualitat\\\/amec-urbis-troba-projectes-dinteres-per-a-la-participacio-de-les-empreses-despres-de-reunir-se-amb-els-responsables-de-la-mobilitat-urbana-i-la-gestio-de-residus-de-lamb\\\/\"},\"author\":{\"name\":\"webmaster\",\"@id\":\"https:\\\/\\\/amec.es\\\/#\\\/schema\\\/person\\\/377e1e145733915506a55297ad2fc830\"},\"headline\":\"amec urbis troba projectes d&#8217;inter\u00e8s per a la participaci\u00f3 de les empreses despr\u00e9s de reunir-se amb els responsables de la mobilitat urbana i la gesti\u00f3 de residus de l&#8217;AMB\",\"datePublished\":\"2022-02-14T04:40:48+00:00\",\"mainEntityOfPage\":{\"@id\":\"https:\\\/\\\/amec.es\\\/ca\\\/actualitat\\\/amec-urbis-troba-projectes-dinteres-per-a-la-participacio-de-les-empreses-despres-de-reunir-se-amb-els-responsables-de-la-mobilitat-urbana-i-la-gestio-de-residus-de-lamb\\\/\"},\"wordCount\":570,\"commentCount\":0,\"publisher\":{\"@id\":\"https:\\\/\\\/amec.es\\\/#organization\"},\"image\":{\"@id\":\"https:\\\/\\\/amec.es\\\/ca\\\/actualitat\\\/amec-urbis-troba-projectes-dinteres-per-a-la-participacio-de-les-empreses-despres-de-reunir-se-amb-els-responsables-de-la-mobilitat-urbana-i-la-gestio-de-residus-de-lamb\\\/#primaryimage\"},\"thumbnailUrl\":\"\",\"articleSection\":[\"Actualitat\"],\"inLanguage\":\"ca\",\"potentialAction\":[{\"@type\":\"CommentAction\",\"name\":\"Comment\",\"target\":[\"https:\\\/\\\/amec.es\\\/ca\\\/actualitat\\\/amec-urbis-troba-projectes-dinteres-per-a-la-participacio-de-les-empreses-despres-de-reunir-se-amb-els-responsables-de-la-mobilitat-urbana-i-la-gestio-de-residus-de-lamb\\\/#respond\"]}]},{\"@type\":\"WebPage\",\"@id\":\"https:\\\/\\\/amec.es\\\/ca\\\/actualitat\\\/amec-urbis-troba-projectes-dinteres-per-a-la-participacio-de-les-empreses-despres-de-reunir-se-amb-els-responsables-de-la-mobilitat-urbana-i-la-gestio-de-residus-de-lamb\\\/\",\"url\":\"https:\\\/\\\/amec.es\\\/ca\\\/actualitat\\\/amec-urbis-troba-projectes-dinteres-per-a-la-participacio-de-les-empreses-despres-de-reunir-se-amb-els-responsables-de-la-mobilitat-urbana-i-la-gestio-de-residus-de-lamb\\\/\",\"name\":\"amec urbis troba projectes d'inter\u00e8s per a la participaci\u00f3 de les empreses despr\u00e9s de reunir-se amb els responsables de la mobilitat urbana i la gesti\u00f3 de residus de l'AMB | amec Positive Industry\",\"isPartOf\":{\"@id\":\"https:\\\/\\\/amec.es\\\/#website\"},\"primaryImageOfPage\":{\"@id\":\"https:\\\/\\\/amec.es\\\/ca\\\/actualitat\\\/amec-urbis-troba-projectes-dinteres-per-a-la-participacio-de-les-empreses-despres-de-reunir-se-amb-els-responsables-de-la-mobilitat-urbana-i-la-gestio-de-residus-de-lamb\\\/#primaryimage\"},\"image\":{\"@id\":\"https:\\\/\\\/amec.es\\\/ca\\\/actualitat\\\/amec-urbis-troba-projectes-dinteres-per-a-la-participacio-de-les-empreses-despres-de-reunir-se-amb-els-responsables-de-la-mobilitat-urbana-i-la-gestio-de-residus-de-lamb\\\/#primaryimage\"},\"thumbnailUrl\":\"\",\"datePublished\":\"2022-02-14T04:40:48+00:00\",\"breadcrumb\":{\"@id\":\"https:\\\/\\\/amec.es\\\/ca\\\/actualitat\\\/amec-urbis-troba-projectes-dinteres-per-a-la-participacio-de-les-empreses-despres-de-reunir-se-amb-els-responsables-de-la-mobilitat-urbana-i-la-gestio-de-residus-de-lamb\\\/#breadcrumb\"},\"inLanguage\":\"ca\",\"potentialAction\":[{\"@type\":\"ReadAction\",\"target\":[\"https:\\\/\\\/amec.es\\\/ca\\\/actualitat\\\/amec-urbis-troba-projectes-dinteres-per-a-la-participacio-de-les-empreses-despres-de-reunir-se-amb-els-responsables-de-la-mobilitat-urbana-i-la-gestio-de-residus-de-lamb\\\/\"]}]},{\"@type\":\"ImageObject\",\"inLanguage\":\"ca\",\"@id\":\"https:\\\/\\\/amec.es\\\/ca\\\/actualitat\\\/amec-urbis-troba-projectes-dinteres-per-a-la-participacio-de-les-empreses-despres-de-reunir-se-amb-els-responsables-de-la-mobilitat-urbana-i-la-gestio-de-residus-de-lamb\\\/#primaryimage\",\"url\":\"\",\"contentUrl\":\"\"},{\"@type\":\"BreadcrumbList\",\"@id\":\"https:\\\/\\\/amec.es\\\/ca\\\/actualitat\\\/amec-urbis-troba-projectes-dinteres-per-a-la-participacio-de-les-empreses-despres-de-reunir-se-amb-els-responsables-de-la-mobilitat-urbana-i-la-gestio-de-residus-de-lamb\\\/#breadcrumb\",\"itemListElement\":[{\"@type\":\"ListItem\",\"position\":1,\"name\":\"Portada\",\"item\":\"https:\\\/\\\/amec.es\\\/ca\\\/home-new\\\/\"},{\"@type\":\"ListItem\",\"position\":2,\"name\":\"amec urbis troba projectes d&#8217;inter\u00e8s per a la participaci\u00f3 de les empreses despr\u00e9s de reunir-se amb els responsables de la mobilitat urbana i la gesti\u00f3 de residus de l&#8217;AMB\"}]},{\"@type\":\"WebSite\",\"@id\":\"https:\\\/\\\/amec.es\\\/#website\",\"url\":\"https:\\\/\\\/amec.es\\\/\",\"name\":\"amec Positive Industry\",\"description\":\"\",\"publisher\":{\"@id\":\"https:\\\/\\\/amec.es\\\/#organization\"},\"potentialAction\":[{\"@type\":\"SearchAction\",\"target\":{\"@type\":\"EntryPoint\",\"urlTemplate\":\"https:\\\/\\\/amec.es\\\/?s={search_term_string}\"},\"query-input\":{\"@type\":\"PropertyValueSpecification\",\"valueRequired\":true,\"valueName\":\"search_term_string\"}}],\"inLanguage\":\"ca\"},{\"@type\":\"Organization\",\"@id\":\"https:\\\/\\\/amec.es\\\/#organization\",\"name\":\"amec Positive Industry\",\"url\":\"https:\\\/\\\/amec.es\\\/\",\"logo\":{\"@type\":\"ImageObject\",\"inLanguage\":\"ca\",\"@id\":\"https:\\\/\\\/amec.es\\\/#\\\/schema\\\/logo\\\/image\\\/\",\"url\":\"https:\\\/\\\/amec.es\\\/wp-content\\\/uploads\\\/2023\\\/07\\\/logoamec.png\",\"contentUrl\":\"https:\\\/\\\/amec.es\\\/wp-content\\\/uploads\\\/2023\\\/07\\\/logoamec.png\",\"width\":200,\"height\":48,\"caption\":\"amec Positive Industry\"},\"image\":{\"@id\":\"https:\\\/\\\/amec.es\\\/#\\\/schema\\\/logo\\\/image\\\/\"}},{\"@type\":\"Person\",\"@id\":\"https:\\\/\\\/amec.es\\\/#\\\/schema\\\/person\\\/377e1e145733915506a55297ad2fc830\",\"name\":\"webmaster\",\"image\":{\"@type\":\"ImageObject\",\"inLanguage\":\"ca\",\"@id\":\"https:\\\/\\\/secure.gravatar.com\\\/avatar\\\/1122ff7c82efe2079ddb19cd256fc39ab150caee9b258eeae8928e7f703c39f3?s=96&d=mm&r=g\",\"url\":\"https:\\\/\\\/secure.gravatar.com\\\/avatar\\\/1122ff7c82efe2079ddb19cd256fc39ab150caee9b258eeae8928e7f703c39f3?s=96&d=mm&r=g\",\"contentUrl\":\"https:\\\/\\\/secure.gravatar.com\\\/avatar\\\/1122ff7c82efe2079ddb19cd256fc39ab150caee9b258eeae8928e7f703c39f3?s=96&d=mm&r=g\",\"caption\":\"webmaster\"}}]}<\/script>\n<!-- \/ Yoast SEO plugin. -->","yoast_head_json":{"title":"amec urbis troba projectes d'inter\u00e8s per a la participaci\u00f3 de les empreses despr\u00e9s de reunir-se amb els responsables de la mobilitat urbana i la gesti\u00f3 de residus de l'AMB | amec Positive Industry","robots":{"index":"index","follow":"follow","max-snippet":"max-snippet:-1","max-image-preview":"max-image-preview:large","max-video-preview":"max-video-preview:-1"},"canonical":"https:\/\/amec.es\/ca\/actualitat\/amec-urbis-troba-projectes-dinteres-per-a-la-participacio-de-les-empreses-despres-de-reunir-se-amb-els-responsables-de-la-mobilitat-urbana-i-la-gestio-de-residus-de-lamb\/","og_locale":"ca_ES","og_type":"article","og_title":"amec urbis troba projectes d'inter\u00e8s per a la participaci\u00f3 de les empreses despr\u00e9s de reunir-se amb els responsables de la mobilitat urbana i la gesti\u00f3 de residus de l'AMB | amec Positive Industry","og_description":"El responsable d&#8217;amec urbis Aleix Serrallonga ha trobat nombroses oportunitats per a les empreses industrials del pa\u00eds que equipen els territoris urbans amb les \u00faltimes tecnologies despr\u00e9s de reunir-se amb els responsables de mobilitat urbana i de gesti\u00f3 de residus de l&#8217;\u00c0rea Metropolitana de Barcelona. &nbsp; Serrallonga s&#8217;ha reunit amb el Director de Serveis de [&hellip;]","og_url":"https:\/\/amec.es\/ca\/actualitat\/amec-urbis-troba-projectes-dinteres-per-a-la-participacio-de-les-empreses-despres-de-reunir-se-amb-els-responsables-de-la-mobilitat-urbana-i-la-gestio-de-residus-de-lamb\/","og_site_name":"amec Positive Industry","article_published_time":"2022-02-14T04:40:48+00:00","og_image":[{"width":1827,"height":438,"url":"https:\/\/amec.es\/wp-content\/uploads\/2024\/02\/Logo_AMEC.png","type":"image\/png"}],"author":"webmaster","twitter_card":"summary_large_image","twitter_misc":{"Escrit per":"webmaster","Temps estimat de lectura":"3 minuts"},"schema":{"@context":"https:\/\/schema.org","@graph":[{"@type":"Article","@id":"https:\/\/amec.es\/ca\/actualitat\/amec-urbis-troba-projectes-dinteres-per-a-la-participacio-de-les-empreses-despres-de-reunir-se-amb-els-responsables-de-la-mobilitat-urbana-i-la-gestio-de-residus-de-lamb\/#article","isPartOf":{"@id":"https:\/\/amec.es\/ca\/actualitat\/amec-urbis-troba-projectes-dinteres-per-a-la-participacio-de-les-empreses-despres-de-reunir-se-amb-els-responsables-de-la-mobilitat-urbana-i-la-gestio-de-residus-de-lamb\/"},"author":{"name":"webmaster","@id":"https:\/\/amec.es\/#\/schema\/person\/377e1e145733915506a55297ad2fc830"},"headline":"amec urbis troba projectes d&#8217;inter\u00e8s per a la participaci\u00f3 de les empreses despr\u00e9s de reunir-se amb els responsables de la mobilitat urbana i la gesti\u00f3 de residus de l&#8217;AMB","datePublished":"2022-02-14T04:40:48+00:00","mainEntityOfPage":{"@id":"https:\/\/amec.es\/ca\/actualitat\/amec-urbis-troba-projectes-dinteres-per-a-la-participacio-de-les-empreses-despres-de-reunir-se-amb-els-responsables-de-la-mobilitat-urbana-i-la-gestio-de-residus-de-lamb\/"},"wordCount":570,"commentCount":0,"publisher":{"@id":"https:\/\/amec.es\/#organization"},"image":{"@id":"https:\/\/amec.es\/ca\/actualitat\/amec-urbis-troba-projectes-dinteres-per-a-la-participacio-de-les-empreses-despres-de-reunir-se-amb-els-responsables-de-la-mobilitat-urbana-i-la-gestio-de-residus-de-lamb\/#primaryimage"},"thumbnailUrl":"","articleSection":["Actualitat"],"inLanguage":"ca","potentialAction":[{"@type":"CommentAction","name":"Comment","target":["https:\/\/amec.es\/ca\/actualitat\/amec-urbis-troba-projectes-dinteres-per-a-la-participacio-de-les-empreses-despres-de-reunir-se-amb-els-responsables-de-la-mobilitat-urbana-i-la-gestio-de-residus-de-lamb\/#respond"]}]},{"@type":"WebPage","@id":"https:\/\/amec.es\/ca\/actualitat\/amec-urbis-troba-projectes-dinteres-per-a-la-participacio-de-les-empreses-despres-de-reunir-se-amb-els-responsables-de-la-mobilitat-urbana-i-la-gestio-de-residus-de-lamb\/","url":"https:\/\/amec.es\/ca\/actualitat\/amec-urbis-troba-projectes-dinteres-per-a-la-participacio-de-les-empreses-despres-de-reunir-se-amb-els-responsables-de-la-mobilitat-urbana-i-la-gestio-de-residus-de-lamb\/","name":"amec urbis troba projectes d'inter\u00e8s per a la participaci\u00f3 de les empreses despr\u00e9s de reunir-se amb els responsables de la mobilitat urbana i la gesti\u00f3 de residus de l'AMB | amec Positive Industry","isPartOf":{"@id":"https:\/\/amec.es\/#website"},"primaryImageOfPage":{"@id":"https:\/\/amec.es\/ca\/actualitat\/amec-urbis-troba-projectes-dinteres-per-a-la-participacio-de-les-empreses-despres-de-reunir-se-amb-els-responsables-de-la-mobilitat-urbana-i-la-gestio-de-residus-de-lamb\/#primaryimage"},"image":{"@id":"https:\/\/amec.es\/ca\/actualitat\/amec-urbis-troba-projectes-dinteres-per-a-la-participacio-de-les-empreses-despres-de-reunir-se-amb-els-responsables-de-la-mobilitat-urbana-i-la-gestio-de-residus-de-lamb\/#primaryimage"},"thumbnailUrl":"","datePublished":"2022-02-14T04:40:48+00:00","breadcrumb":{"@id":"https:\/\/amec.es\/ca\/actualitat\/amec-urbis-troba-projectes-dinteres-per-a-la-participacio-de-les-empreses-despres-de-reunir-se-amb-els-responsables-de-la-mobilitat-urbana-i-la-gestio-de-residus-de-lamb\/#breadcrumb"},"inLanguage":"ca","potentialAction":[{"@type":"ReadAction","target":["https:\/\/amec.es\/ca\/actualitat\/amec-urbis-troba-projectes-dinteres-per-a-la-participacio-de-les-empreses-despres-de-reunir-se-amb-els-responsables-de-la-mobilitat-urbana-i-la-gestio-de-residus-de-lamb\/"]}]},{"@type":"ImageObject","inLanguage":"ca","@id":"https:\/\/amec.es\/ca\/actualitat\/amec-urbis-troba-projectes-dinteres-per-a-la-participacio-de-les-empreses-despres-de-reunir-se-amb-els-responsables-de-la-mobilitat-urbana-i-la-gestio-de-residus-de-lamb\/#primaryimage","url":"","contentUrl":""},{"@type":"BreadcrumbList","@id":"https:\/\/amec.es\/ca\/actualitat\/amec-urbis-troba-projectes-dinteres-per-a-la-participacio-de-les-empreses-despres-de-reunir-se-amb-els-responsables-de-la-mobilitat-urbana-i-la-gestio-de-residus-de-lamb\/#breadcrumb","itemListElement":[{"@type":"ListItem","position":1,"name":"Portada","item":"https:\/\/amec.es\/ca\/home-new\/"},{"@type":"ListItem","position":2,"name":"amec urbis troba projectes d&#8217;inter\u00e8s per a la participaci\u00f3 de les empreses despr\u00e9s de reunir-se amb els responsables de la mobilitat urbana i la gesti\u00f3 de residus de l&#8217;AMB"}]},{"@type":"WebSite","@id":"https:\/\/amec.es\/#website","url":"https:\/\/amec.es\/","name":"amec Positive Industry","description":"","publisher":{"@id":"https:\/\/amec.es\/#organization"},"potentialAction":[{"@type":"SearchAction","target":{"@type":"EntryPoint","urlTemplate":"https:\/\/amec.es\/?s={search_term_string}"},"query-input":{"@type":"PropertyValueSpecification","valueRequired":true,"valueName":"search_term_string"}}],"inLanguage":"ca"},{"@type":"Organization","@id":"https:\/\/amec.es\/#organization","name":"amec Positive Industry","url":"https:\/\/amec.es\/","logo":{"@type":"ImageObject","inLanguage":"ca","@id":"https:\/\/amec.es\/#\/schema\/logo\/image\/","url":"https:\/\/amec.es\/wp-content\/uploads\/2023\/07\/logoamec.png","contentUrl":"https:\/\/amec.es\/wp-content\/uploads\/2023\/07\/logoamec.png","width":200,"height":48,"caption":"amec Positive Industry"},"image":{"@id":"https:\/\/amec.es\/#\/schema\/logo\/image\/"}},{"@type":"Person","@id":"https:\/\/amec.es\/#\/schema\/person\/377e1e145733915506a55297ad2fc830","name":"webmaster","image":{"@type":"ImageObject","inLanguage":"ca","@id":"https:\/\/secure.gravatar.com\/avatar\/1122ff7c82efe2079ddb19cd256fc39ab150caee9b258eeae8928e7f703c39f3?s=96&d=mm&r=g","url":"https:\/\/secure.gravatar.com\/avatar\/1122ff7c82efe2079ddb19cd256fc39ab150caee9b258eeae8928e7f703c39f3?s=96&d=mm&r=g","contentUrl":"https:\/\/secure.gravatar.com\/avatar\/1122ff7c82efe2079ddb19cd256fc39ab150caee9b258eeae8928e7f703c39f3?s=96&d=mm&r=g","caption":"webmaster"}}]}},"_links":{"self":[{"href":"https:\/\/amec.es\/ca\/wp-json\/wp\/v2\/posts\/6616","targetHints":{"allow":["GET"]}}],"collection":[{"href":"https:\/\/amec.es\/ca\/wp-json\/wp\/v2\/posts"}],"about":[{"href":"https:\/\/amec.es\/ca\/wp-json\/wp\/v2\/types\/post"}],"author":[{"embeddable":true,"href":"https:\/\/amec.es\/ca\/wp-json\/wp\/v2\/users\/1"}],"replies":[{"embeddable":true,"href":"https:\/\/amec.es\/ca\/wp-json\/wp\/v2\/comments?post=6616"}],"version-history":[{"count":0,"href":"https:\/\/amec.es\/ca\/wp-json\/wp\/v2\/posts\/6616\/revisions"}],"wp:featuredmedia":[{"embeddable":true,"href":"https:\/\/amec.es\/ca\/wp-json\/"}],"wp:attachment":[{"href":"https:\/\/amec.es\/ca\/wp-json\/wp\/v2\/media?parent=6616"}],"wp:term":[{"taxonomy":"category","embeddable":true,"href":"https:\/\/amec.es\/ca\/wp-json\/wp\/v2\/categories?post=6616"},{"taxonomy":"post_tag","embeddable":true,"href":"https:\/\/amec.es\/ca\/wp-json\/wp\/v2\/tags?post=6616"}],"curies":[{"name":"wp","href":"https:\/\/api.w.org\/{rel}","templated":true}]}}