{"id":6630,"date":"2022-02-23T04:50:42","date_gmt":"2022-02-23T04:50:42","guid":{"rendered":"https:\/\/wecreatedesign.co\/dev\/WP\/amec\/?p=5251"},"modified":"2022-02-23T04:50:42","modified_gmt":"2022-02-23T04:50:42","slug":"la-comunitat-incorpora-un-partner-estrategic-denginyeria-i-seguretat-industrial","status":"publish","type":"post","link":"https:\/\/amec.es\/ca\/actualitat\/la-comunitat-incorpora-un-partner-estrategic-denginyeria-i-seguretat-industrial\/","title":{"rendered":"La comunitat incorpora un partner estrat\u00e8gic d&#8217;enginyeria i seguretat industrial"},"content":{"rendered":"<div class=\"amplada-pagina descripcion\">\n<p><img decoding=\"async\" src=\"http:\/\/wecreatedesign.co\/dev\/WP\/amec\/wp-content\/uploads\/2023\/03\/partner-amec-ace-iberia-redim-w500.jpg\" alt=\"Partner-amec-ACE-Iberia.jpg\" width=\"500\" \/>La comunitat de les empreses industrials ha incorporat com a\u00a0<strong>partner estrat\u00e8gic en serveis d&#8217;enginyeria i seguretat industrial AC&amp;E IBERIA<\/strong>\u00a0. A trav\u00e9s de les seves seus als principals mercats mundials, AC&amp;E IBERIA proporciona suport t\u00e8cnic a les empreses exportadores en el proc\u00e9s de compliment i certificaci\u00f3 de les m\u00e0quines i equips, la realitzaci\u00f3 de proves de laboratori i la verificaci\u00f3 dels documents t\u00e8cnics necessaris de conformitat amb el mercat de destinaci\u00f3 del producte.<\/p>\n<p>&nbsp;<\/p>\n<p>El director general d&#8217;\u00a0<em><strong>amec<\/strong><\/em>\u00a0, Joan Tristany, i el director comercial d&#8217;AC&amp;E IBERIA, Mart\u00edn Zubialde, han formalitzat l&#8217;acord a les depend\u00e8ncies de l&#8217;entitat a Barcelona.\u00a0<em><strong>amec<\/strong><\/em>\u00a0incorpora aix\u00ed AC&amp;E IBERIA com a partner de refer\u00e8ncia, sense car\u00e0cter exclusiu, per acompanyar les empreses membres en els seus processos d&#8217;enginyeria i seguretat industrial, aportant solucions als possibles problemes quant a compliment de normatives de seguretat de les m\u00e0quines.<\/p>\n<p>&nbsp;<\/p>\n<p>&nbsp;<\/p>\n<p>Coneix qu\u00e9 pot fer per tu tot l&#8217;<a href=\"https:\/\/www.amec.es\/es\/ecosistemaamec.htm\" target=\"_blank\" rel=\"noopener\">Ecosistema d&#8217;<em><strong>amec<\/strong><\/em><\/a><\/p>\n<\/div>\n","protected":false},"excerpt":{"rendered":"<p>La comunitat de les empreses industrials ha incorporat com a\u00a0partner estrat\u00e8gic en serveis d&#8217;enginyeria i seguretat industrial AC&amp;E IBERIA\u00a0. A trav\u00e9s de les seves seus als principals mercats mundials, AC&amp;E IBERIA proporciona suport t\u00e8cnic a les empreses exportadores en el proc\u00e9s de compliment i certificaci\u00f3 de les m\u00e0quines i equips, la realitzaci\u00f3 de proves de [&hellip;]<\/p>\n","protected":false},"author":1,"featured_media":5253,"comment_status":"open","ping_status":"open","sticky":false,"template":"","format":"standard","meta":{"inline_featured_image":false,"footnotes":""},"categories":[27],"tags":[],"class_list":["post-6630","post","type-post","status-publish","format-standard","has-post-thumbnail","hentry","category-actualitat"],"yoast_head":"<!-- This site is optimized with the Yoast SEO plugin v27.3 - https:\/\/yoast.com\/product\/yoast-seo-wordpress\/ -->\n<title>La comunitat incorpora un partner estrat\u00e8gic d&#039;enginyeria i seguretat industrial | amec Positive Industry<\/title>\n<meta name=\"robots\" content=\"index, follow, max-snippet:-1, max-image-preview:large, max-video-preview:-1\" \/>\n<link rel=\"canonical\" href=\"https:\/\/amec.es\/ca\/actualitat\/la-comunitat-incorpora-un-partner-estrategic-denginyeria-i-seguretat-industrial\/\" \/>\n<meta property=\"og:locale\" content=\"ca_ES\" \/>\n<meta property=\"og:type\" content=\"article\" \/>\n<meta property=\"og:title\" content=\"La comunitat incorpora un partner estrat\u00e8gic d&#039;enginyeria i seguretat industrial | amec Positive Industry\" \/>\n<meta property=\"og:description\" content=\"La comunitat de les empreses industrials ha incorporat com a\u00a0partner estrat\u00e8gic en serveis d&#8217;enginyeria i seguretat industrial AC&amp;E IBERIA\u00a0. A trav\u00e9s de les seves seus als principals mercats mundials, AC&amp;E IBERIA proporciona suport t\u00e8cnic a les empreses exportadores en el proc\u00e9s de compliment i certificaci\u00f3 de les m\u00e0quines i equips, la realitzaci\u00f3 de proves de [&hellip;]\" \/>\n<meta property=\"og:url\" content=\"https:\/\/amec.es\/ca\/actualitat\/la-comunitat-incorpora-un-partner-estrategic-denginyeria-i-seguretat-industrial\/\" \/>\n<meta property=\"og:site_name\" content=\"amec Positive Industry\" \/>\n<meta property=\"article:published_time\" content=\"2022-02-23T04:50:42+00:00\" \/>\n<meta property=\"og:image\" content=\"https:\/\/amec.es\/wp-content\/uploads\/2024\/02\/Logo_AMEC.png\" \/>\n\t<meta property=\"og:image:width\" content=\"1827\" \/>\n\t<meta property=\"og:image:height\" content=\"438\" \/>\n\t<meta property=\"og:image:type\" content=\"image\/png\" \/>\n<meta name=\"author\" content=\"webmaster\" \/>\n<meta name=\"twitter:card\" content=\"summary_large_image\" \/>\n<meta name=\"twitter:label1\" content=\"Escrit per\" \/>\n\t<meta name=\"twitter:data1\" content=\"webmaster\" \/>\n\t<meta name=\"twitter:label2\" content=\"Temps estimat de lectura\" \/>\n\t<meta name=\"twitter:data2\" content=\"1 minut\" \/>\n<script type=\"application\/ld+json\" class=\"yoast-schema-graph\">{\"@context\":\"https:\\\/\\\/schema.org\",\"@graph\":[{\"@type\":\"Article\",\"@id\":\"https:\\\/\\\/amec.es\\\/ca\\\/actualitat\\\/la-comunitat-incorpora-un-partner-estrategic-denginyeria-i-seguretat-industrial\\\/#article\",\"isPartOf\":{\"@id\":\"https:\\\/\\\/amec.es\\\/ca\\\/actualitat\\\/la-comunitat-incorpora-un-partner-estrategic-denginyeria-i-seguretat-industrial\\\/\"},\"author\":{\"name\":\"webmaster\",\"@id\":\"https:\\\/\\\/amec.es\\\/#\\\/schema\\\/person\\\/377e1e145733915506a55297ad2fc830\"},\"headline\":\"La comunitat incorpora un partner estrat\u00e8gic d&#8217;enginyeria i seguretat industrial\",\"datePublished\":\"2022-02-23T04:50:42+00:00\",\"mainEntityOfPage\":{\"@id\":\"https:\\\/\\\/amec.es\\\/ca\\\/actualitat\\\/la-comunitat-incorpora-un-partner-estrategic-denginyeria-i-seguretat-industrial\\\/\"},\"wordCount\":189,\"commentCount\":0,\"publisher\":{\"@id\":\"https:\\\/\\\/amec.es\\\/#organization\"},\"image\":{\"@id\":\"https:\\\/\\\/amec.es\\\/ca\\\/actualitat\\\/la-comunitat-incorpora-un-partner-estrategic-denginyeria-i-seguretat-industrial\\\/#primaryimage\"},\"thumbnailUrl\":\"\",\"articleSection\":[\"Actualitat\"],\"inLanguage\":\"ca\",\"potentialAction\":[{\"@type\":\"CommentAction\",\"name\":\"Comment\",\"target\":[\"https:\\\/\\\/amec.es\\\/ca\\\/actualitat\\\/la-comunitat-incorpora-un-partner-estrategic-denginyeria-i-seguretat-industrial\\\/#respond\"]}]},{\"@type\":\"WebPage\",\"@id\":\"https:\\\/\\\/amec.es\\\/ca\\\/actualitat\\\/la-comunitat-incorpora-un-partner-estrategic-denginyeria-i-seguretat-industrial\\\/\",\"url\":\"https:\\\/\\\/amec.es\\\/ca\\\/actualitat\\\/la-comunitat-incorpora-un-partner-estrategic-denginyeria-i-seguretat-industrial\\\/\",\"name\":\"La comunitat incorpora un partner estrat\u00e8gic d'enginyeria i seguretat industrial | amec Positive Industry\",\"isPartOf\":{\"@id\":\"https:\\\/\\\/amec.es\\\/#website\"},\"primaryImageOfPage\":{\"@id\":\"https:\\\/\\\/amec.es\\\/ca\\\/actualitat\\\/la-comunitat-incorpora-un-partner-estrategic-denginyeria-i-seguretat-industrial\\\/#primaryimage\"},\"image\":{\"@id\":\"https:\\\/\\\/amec.es\\\/ca\\\/actualitat\\\/la-comunitat-incorpora-un-partner-estrategic-denginyeria-i-seguretat-industrial\\\/#primaryimage\"},\"thumbnailUrl\":\"\",\"datePublished\":\"2022-02-23T04:50:42+00:00\",\"breadcrumb\":{\"@id\":\"https:\\\/\\\/amec.es\\\/ca\\\/actualitat\\\/la-comunitat-incorpora-un-partner-estrategic-denginyeria-i-seguretat-industrial\\\/#breadcrumb\"},\"inLanguage\":\"ca\",\"potentialAction\":[{\"@type\":\"ReadAction\",\"target\":[\"https:\\\/\\\/amec.es\\\/ca\\\/actualitat\\\/la-comunitat-incorpora-un-partner-estrategic-denginyeria-i-seguretat-industrial\\\/\"]}]},{\"@type\":\"ImageObject\",\"inLanguage\":\"ca\",\"@id\":\"https:\\\/\\\/amec.es\\\/ca\\\/actualitat\\\/la-comunitat-incorpora-un-partner-estrategic-denginyeria-i-seguretat-industrial\\\/#primaryimage\",\"url\":\"\",\"contentUrl\":\"\"},{\"@type\":\"BreadcrumbList\",\"@id\":\"https:\\\/\\\/amec.es\\\/ca\\\/actualitat\\\/la-comunitat-incorpora-un-partner-estrategic-denginyeria-i-seguretat-industrial\\\/#breadcrumb\",\"itemListElement\":[{\"@type\":\"ListItem\",\"position\":1,\"name\":\"Portada\",\"item\":\"https:\\\/\\\/amec.es\\\/ca\\\/home-new\\\/\"},{\"@type\":\"ListItem\",\"position\":2,\"name\":\"La comunitat incorpora un partner estrat\u00e8gic d&#8217;enginyeria i seguretat industrial\"}]},{\"@type\":\"WebSite\",\"@id\":\"https:\\\/\\\/amec.es\\\/#website\",\"url\":\"https:\\\/\\\/amec.es\\\/\",\"name\":\"amec Positive Industry\",\"description\":\"\",\"publisher\":{\"@id\":\"https:\\\/\\\/amec.es\\\/#organization\"},\"potentialAction\":[{\"@type\":\"SearchAction\",\"target\":{\"@type\":\"EntryPoint\",\"urlTemplate\":\"https:\\\/\\\/amec.es\\\/?s={search_term_string}\"},\"query-input\":{\"@type\":\"PropertyValueSpecification\",\"valueRequired\":true,\"valueName\":\"search_term_string\"}}],\"inLanguage\":\"ca\"},{\"@type\":\"Organization\",\"@id\":\"https:\\\/\\\/amec.es\\\/#organization\",\"name\":\"amec Positive Industry\",\"url\":\"https:\\\/\\\/amec.es\\\/\",\"logo\":{\"@type\":\"ImageObject\",\"inLanguage\":\"ca\",\"@id\":\"https:\\\/\\\/amec.es\\\/#\\\/schema\\\/logo\\\/image\\\/\",\"url\":\"https:\\\/\\\/amec.es\\\/wp-content\\\/uploads\\\/2023\\\/07\\\/logoamec.png\",\"contentUrl\":\"https:\\\/\\\/amec.es\\\/wp-content\\\/uploads\\\/2023\\\/07\\\/logoamec.png\",\"width\":200,\"height\":48,\"caption\":\"amec Positive Industry\"},\"image\":{\"@id\":\"https:\\\/\\\/amec.es\\\/#\\\/schema\\\/logo\\\/image\\\/\"}},{\"@type\":\"Person\",\"@id\":\"https:\\\/\\\/amec.es\\\/#\\\/schema\\\/person\\\/377e1e145733915506a55297ad2fc830\",\"name\":\"webmaster\",\"image\":{\"@type\":\"ImageObject\",\"inLanguage\":\"ca\",\"@id\":\"https:\\\/\\\/secure.gravatar.com\\\/avatar\\\/1122ff7c82efe2079ddb19cd256fc39ab150caee9b258eeae8928e7f703c39f3?s=96&d=mm&r=g\",\"url\":\"https:\\\/\\\/secure.gravatar.com\\\/avatar\\\/1122ff7c82efe2079ddb19cd256fc39ab150caee9b258eeae8928e7f703c39f3?s=96&d=mm&r=g\",\"contentUrl\":\"https:\\\/\\\/secure.gravatar.com\\\/avatar\\\/1122ff7c82efe2079ddb19cd256fc39ab150caee9b258eeae8928e7f703c39f3?s=96&d=mm&r=g\",\"caption\":\"webmaster\"}}]}<\/script>\n<!-- \/ Yoast SEO plugin. -->","yoast_head_json":{"title":"La comunitat incorpora un partner estrat\u00e8gic d'enginyeria i seguretat industrial | amec Positive Industry","robots":{"index":"index","follow":"follow","max-snippet":"max-snippet:-1","max-image-preview":"max-image-preview:large","max-video-preview":"max-video-preview:-1"},"canonical":"https:\/\/amec.es\/ca\/actualitat\/la-comunitat-incorpora-un-partner-estrategic-denginyeria-i-seguretat-industrial\/","og_locale":"ca_ES","og_type":"article","og_title":"La comunitat incorpora un partner estrat\u00e8gic d'enginyeria i seguretat industrial | amec Positive Industry","og_description":"La comunitat de les empreses industrials ha incorporat com a\u00a0partner estrat\u00e8gic en serveis d&#8217;enginyeria i seguretat industrial AC&amp;E IBERIA\u00a0. A trav\u00e9s de les seves seus als principals mercats mundials, AC&amp;E IBERIA proporciona suport t\u00e8cnic a les empreses exportadores en el proc\u00e9s de compliment i certificaci\u00f3 de les m\u00e0quines i equips, la realitzaci\u00f3 de proves de [&hellip;]","og_url":"https:\/\/amec.es\/ca\/actualitat\/la-comunitat-incorpora-un-partner-estrategic-denginyeria-i-seguretat-industrial\/","og_site_name":"amec Positive Industry","article_published_time":"2022-02-23T04:50:42+00:00","og_image":[{"width":1827,"height":438,"url":"https:\/\/amec.es\/wp-content\/uploads\/2024\/02\/Logo_AMEC.png","type":"image\/png"}],"author":"webmaster","twitter_card":"summary_large_image","twitter_misc":{"Escrit per":"webmaster","Temps estimat de lectura":"1 minut"},"schema":{"@context":"https:\/\/schema.org","@graph":[{"@type":"Article","@id":"https:\/\/amec.es\/ca\/actualitat\/la-comunitat-incorpora-un-partner-estrategic-denginyeria-i-seguretat-industrial\/#article","isPartOf":{"@id":"https:\/\/amec.es\/ca\/actualitat\/la-comunitat-incorpora-un-partner-estrategic-denginyeria-i-seguretat-industrial\/"},"author":{"name":"webmaster","@id":"https:\/\/amec.es\/#\/schema\/person\/377e1e145733915506a55297ad2fc830"},"headline":"La comunitat incorpora un partner estrat\u00e8gic d&#8217;enginyeria i seguretat industrial","datePublished":"2022-02-23T04:50:42+00:00","mainEntityOfPage":{"@id":"https:\/\/amec.es\/ca\/actualitat\/la-comunitat-incorpora-un-partner-estrategic-denginyeria-i-seguretat-industrial\/"},"wordCount":189,"commentCount":0,"publisher":{"@id":"https:\/\/amec.es\/#organization"},"image":{"@id":"https:\/\/amec.es\/ca\/actualitat\/la-comunitat-incorpora-un-partner-estrategic-denginyeria-i-seguretat-industrial\/#primaryimage"},"thumbnailUrl":"","articleSection":["Actualitat"],"inLanguage":"ca","potentialAction":[{"@type":"CommentAction","name":"Comment","target":["https:\/\/amec.es\/ca\/actualitat\/la-comunitat-incorpora-un-partner-estrategic-denginyeria-i-seguretat-industrial\/#respond"]}]},{"@type":"WebPage","@id":"https:\/\/amec.es\/ca\/actualitat\/la-comunitat-incorpora-un-partner-estrategic-denginyeria-i-seguretat-industrial\/","url":"https:\/\/amec.es\/ca\/actualitat\/la-comunitat-incorpora-un-partner-estrategic-denginyeria-i-seguretat-industrial\/","name":"La comunitat incorpora un partner estrat\u00e8gic d'enginyeria i seguretat industrial | amec Positive Industry","isPartOf":{"@id":"https:\/\/amec.es\/#website"},"primaryImageOfPage":{"@id":"https:\/\/amec.es\/ca\/actualitat\/la-comunitat-incorpora-un-partner-estrategic-denginyeria-i-seguretat-industrial\/#primaryimage"},"image":{"@id":"https:\/\/amec.es\/ca\/actualitat\/la-comunitat-incorpora-un-partner-estrategic-denginyeria-i-seguretat-industrial\/#primaryimage"},"thumbnailUrl":"","datePublished":"2022-02-23T04:50:42+00:00","breadcrumb":{"@id":"https:\/\/amec.es\/ca\/actualitat\/la-comunitat-incorpora-un-partner-estrategic-denginyeria-i-seguretat-industrial\/#breadcrumb"},"inLanguage":"ca","potentialAction":[{"@type":"ReadAction","target":["https:\/\/amec.es\/ca\/actualitat\/la-comunitat-incorpora-un-partner-estrategic-denginyeria-i-seguretat-industrial\/"]}]},{"@type":"ImageObject","inLanguage":"ca","@id":"https:\/\/amec.es\/ca\/actualitat\/la-comunitat-incorpora-un-partner-estrategic-denginyeria-i-seguretat-industrial\/#primaryimage","url":"","contentUrl":""},{"@type":"BreadcrumbList","@id":"https:\/\/amec.es\/ca\/actualitat\/la-comunitat-incorpora-un-partner-estrategic-denginyeria-i-seguretat-industrial\/#breadcrumb","itemListElement":[{"@type":"ListItem","position":1,"name":"Portada","item":"https:\/\/amec.es\/ca\/home-new\/"},{"@type":"ListItem","position":2,"name":"La comunitat incorpora un partner estrat\u00e8gic d&#8217;enginyeria i seguretat industrial"}]},{"@type":"WebSite","@id":"https:\/\/amec.es\/#website","url":"https:\/\/amec.es\/","name":"amec Positive Industry","description":"","publisher":{"@id":"https:\/\/amec.es\/#organization"},"potentialAction":[{"@type":"SearchAction","target":{"@type":"EntryPoint","urlTemplate":"https:\/\/amec.es\/?s={search_term_string}"},"query-input":{"@type":"PropertyValueSpecification","valueRequired":true,"valueName":"search_term_string"}}],"inLanguage":"ca"},{"@type":"Organization","@id":"https:\/\/amec.es\/#organization","name":"amec Positive Industry","url":"https:\/\/amec.es\/","logo":{"@type":"ImageObject","inLanguage":"ca","@id":"https:\/\/amec.es\/#\/schema\/logo\/image\/","url":"https:\/\/amec.es\/wp-content\/uploads\/2023\/07\/logoamec.png","contentUrl":"https:\/\/amec.es\/wp-content\/uploads\/2023\/07\/logoamec.png","width":200,"height":48,"caption":"amec Positive Industry"},"image":{"@id":"https:\/\/amec.es\/#\/schema\/logo\/image\/"}},{"@type":"Person","@id":"https:\/\/amec.es\/#\/schema\/person\/377e1e145733915506a55297ad2fc830","name":"webmaster","image":{"@type":"ImageObject","inLanguage":"ca","@id":"https:\/\/secure.gravatar.com\/avatar\/1122ff7c82efe2079ddb19cd256fc39ab150caee9b258eeae8928e7f703c39f3?s=96&d=mm&r=g","url":"https:\/\/secure.gravatar.com\/avatar\/1122ff7c82efe2079ddb19cd256fc39ab150caee9b258eeae8928e7f703c39f3?s=96&d=mm&r=g","contentUrl":"https:\/\/secure.gravatar.com\/avatar\/1122ff7c82efe2079ddb19cd256fc39ab150caee9b258eeae8928e7f703c39f3?s=96&d=mm&r=g","caption":"webmaster"}}]}},"_links":{"self":[{"href":"https:\/\/amec.es\/ca\/wp-json\/wp\/v2\/posts\/6630","targetHints":{"allow":["GET"]}}],"collection":[{"href":"https:\/\/amec.es\/ca\/wp-json\/wp\/v2\/posts"}],"about":[{"href":"https:\/\/amec.es\/ca\/wp-json\/wp\/v2\/types\/post"}],"author":[{"embeddable":true,"href":"https:\/\/amec.es\/ca\/wp-json\/wp\/v2\/users\/1"}],"replies":[{"embeddable":true,"href":"https:\/\/amec.es\/ca\/wp-json\/wp\/v2\/comments?post=6630"}],"version-history":[{"count":0,"href":"https:\/\/amec.es\/ca\/wp-json\/wp\/v2\/posts\/6630\/revisions"}],"wp:featuredmedia":[{"embeddable":true,"href":"https:\/\/amec.es\/ca\/wp-json\/"}],"wp:attachment":[{"href":"https:\/\/amec.es\/ca\/wp-json\/wp\/v2\/media?parent=6630"}],"wp:term":[{"taxonomy":"category","embeddable":true,"href":"https:\/\/amec.es\/ca\/wp-json\/wp\/v2\/categories?post=6630"},{"taxonomy":"post_tag","embeddable":true,"href":"https:\/\/amec.es\/ca\/wp-json\/wp\/v2\/tags?post=6630"}],"curies":[{"name":"wp","href":"https:\/\/api.w.org\/{rel}","templated":true}]}}