{"id":6642,"date":"2022-03-10T05:05:16","date_gmt":"2022-03-10T05:05:16","guid":{"rendered":"https:\/\/wecreatedesign.co\/dev\/WP\/amec\/?p=5315"},"modified":"2022-03-10T05:05:16","modified_gmt":"2022-03-10T05:05:16","slug":"el-periodico-que-exporta-russia-a-espanya","status":"publish","type":"post","link":"https:\/\/amec.es\/ca\/amec-als-mitjans\/el-periodico-que-exporta-russia-a-espanya\/","title":{"rendered":"El Peri\u00f3dico: Qu\u00e8 exporta R\u00fassia a Espanya?"},"content":{"rendered":"<p><img fetchpriority=\"high\" decoding=\"async\" src=\"hthttp:\/\/wecreatedesign.co\/dev\/WP\/amec\/wp-content\/uploads\/2023\/03\/20220310-el-periodico-rusia-exporta-redim-w800-h3072.png\" alt=\"20220310-El Periodico-Rusia-exporta.png\" width=\"800\" height=\"3072\" \/><\/p>\n","protected":false},"excerpt":{"rendered":"","protected":false},"author":1,"featured_media":0,"comment_status":"open","ping_status":"open","sticky":false,"template":"","format":"standard","meta":{"inline_featured_image":false,"footnotes":""},"categories":[25],"tags":[],"class_list":["post-6642","post","type-post","status-publish","format-standard","hentry","category-amec-als-mitjans"],"yoast_head":"<!-- This site is optimized with the Yoast SEO plugin v27.3 - https:\/\/yoast.com\/product\/yoast-seo-wordpress\/ -->\n<title>El Peri\u00f3dico: Qu\u00e8 exporta R\u00fassia a Espanya? | amec Positive Industry<\/title>\n<meta name=\"robots\" content=\"index, follow, max-snippet:-1, max-image-preview:large, max-video-preview:-1\" \/>\n<link rel=\"canonical\" href=\"https:\/\/amec.es\/ca\/amec-als-mitjans\/el-periodico-que-exporta-russia-a-espanya\/\" \/>\n<meta property=\"og:locale\" content=\"ca_ES\" \/>\n<meta property=\"og:type\" content=\"article\" \/>\n<meta property=\"og:title\" content=\"El Peri\u00f3dico: Qu\u00e8 exporta R\u00fassia a Espanya? | amec Positive Industry\" \/>\n<meta property=\"og:url\" content=\"https:\/\/amec.es\/ca\/amec-als-mitjans\/el-periodico-que-exporta-russia-a-espanya\/\" \/>\n<meta property=\"og:site_name\" content=\"amec Positive Industry\" \/>\n<meta property=\"article:published_time\" content=\"2022-03-10T05:05:16+00:00\" \/>\n<meta property=\"og:image\" content=\"\" \/>\n<meta name=\"author\" content=\"webmaster\" \/>\n<meta name=\"twitter:card\" content=\"summary_large_image\" \/>\n<meta name=\"twitter:label1\" content=\"Escrit per\" \/>\n\t<meta name=\"twitter:data1\" content=\"webmaster\" \/>\n<script type=\"application\/ld+json\" class=\"yoast-schema-graph\">{\"@context\":\"https:\\\/\\\/schema.org\",\"@graph\":[{\"@type\":\"Article\",\"@id\":\"https:\\\/\\\/amec.es\\\/ca\\\/amec-als-mitjans\\\/el-periodico-que-exporta-russia-a-espanya\\\/#article\",\"isPartOf\":{\"@id\":\"https:\\\/\\\/amec.es\\\/ca\\\/amec-als-mitjans\\\/el-periodico-que-exporta-russia-a-espanya\\\/\"},\"author\":{\"name\":\"webmaster\",\"@id\":\"https:\\\/\\\/amec.es\\\/#\\\/schema\\\/person\\\/377e1e145733915506a55297ad2fc830\"},\"headline\":\"El Peri\u00f3dico: Qu\u00e8 exporta R\u00fassia a Espanya?\",\"datePublished\":\"2022-03-10T05:05:16+00:00\",\"mainEntityOfPage\":{\"@id\":\"https:\\\/\\\/amec.es\\\/ca\\\/amec-als-mitjans\\\/el-periodico-que-exporta-russia-a-espanya\\\/\"},\"wordCount\":9,\"commentCount\":0,\"publisher\":{\"@id\":\"https:\\\/\\\/amec.es\\\/#organization\"},\"image\":{\"@id\":\"https:\\\/\\\/amec.es\\\/ca\\\/amec-als-mitjans\\\/el-periodico-que-exporta-russia-a-espanya\\\/#primaryimage\"},\"thumbnailUrl\":\"hthttp:\\\/\\\/wecreatedesign.co\\\/dev\\\/WP\\\/amec\\\/wp-content\\\/uploads\\\/2023\\\/03\\\/20220310-el-periodico-rusia-exporta-redim-w800-h3072.png\",\"articleSection\":[\"amec&nbsp;ALS MITJANS\"],\"inLanguage\":\"ca\",\"potentialAction\":[{\"@type\":\"CommentAction\",\"name\":\"Comment\",\"target\":[\"https:\\\/\\\/amec.es\\\/ca\\\/amec-als-mitjans\\\/el-periodico-que-exporta-russia-a-espanya\\\/#respond\"]}]},{\"@type\":\"WebPage\",\"@id\":\"https:\\\/\\\/amec.es\\\/ca\\\/amec-als-mitjans\\\/el-periodico-que-exporta-russia-a-espanya\\\/\",\"url\":\"https:\\\/\\\/amec.es\\\/ca\\\/amec-als-mitjans\\\/el-periodico-que-exporta-russia-a-espanya\\\/\",\"name\":\"El Peri\u00f3dico: Qu\u00e8 exporta R\u00fassia a Espanya? | amec Positive Industry\",\"isPartOf\":{\"@id\":\"https:\\\/\\\/amec.es\\\/#website\"},\"primaryImageOfPage\":{\"@id\":\"https:\\\/\\\/amec.es\\\/ca\\\/amec-als-mitjans\\\/el-periodico-que-exporta-russia-a-espanya\\\/#primaryimage\"},\"image\":{\"@id\":\"https:\\\/\\\/amec.es\\\/ca\\\/amec-als-mitjans\\\/el-periodico-que-exporta-russia-a-espanya\\\/#primaryimage\"},\"thumbnailUrl\":\"hthttp:\\\/\\\/wecreatedesign.co\\\/dev\\\/WP\\\/amec\\\/wp-content\\\/uploads\\\/2023\\\/03\\\/20220310-el-periodico-rusia-exporta-redim-w800-h3072.png\",\"datePublished\":\"2022-03-10T05:05:16+00:00\",\"breadcrumb\":{\"@id\":\"https:\\\/\\\/amec.es\\\/ca\\\/amec-als-mitjans\\\/el-periodico-que-exporta-russia-a-espanya\\\/#breadcrumb\"},\"inLanguage\":\"ca\",\"potentialAction\":[{\"@type\":\"ReadAction\",\"target\":[\"https:\\\/\\\/amec.es\\\/ca\\\/amec-als-mitjans\\\/el-periodico-que-exporta-russia-a-espanya\\\/\"]}]},{\"@type\":\"ImageObject\",\"inLanguage\":\"ca\",\"@id\":\"https:\\\/\\\/amec.es\\\/ca\\\/amec-als-mitjans\\\/el-periodico-que-exporta-russia-a-espanya\\\/#primaryimage\",\"url\":\"hthttp:\\\/\\\/wecreatedesign.co\\\/dev\\\/WP\\\/amec\\\/wp-content\\\/uploads\\\/2023\\\/03\\\/20220310-el-periodico-rusia-exporta-redim-w800-h3072.png\",\"contentUrl\":\"hthttp:\\\/\\\/wecreatedesign.co\\\/dev\\\/WP\\\/amec\\\/wp-content\\\/uploads\\\/2023\\\/03\\\/20220310-el-periodico-rusia-exporta-redim-w800-h3072.png\"},{\"@type\":\"BreadcrumbList\",\"@id\":\"https:\\\/\\\/amec.es\\\/ca\\\/amec-als-mitjans\\\/el-periodico-que-exporta-russia-a-espanya\\\/#breadcrumb\",\"itemListElement\":[{\"@type\":\"ListItem\",\"position\":1,\"name\":\"Portada\",\"item\":\"https:\\\/\\\/amec.es\\\/ca\\\/home-new\\\/\"},{\"@type\":\"ListItem\",\"position\":2,\"name\":\"El Peri\u00f3dico: Qu\u00e8 exporta R\u00fassia a Espanya?\"}]},{\"@type\":\"WebSite\",\"@id\":\"https:\\\/\\\/amec.es\\\/#website\",\"url\":\"https:\\\/\\\/amec.es\\\/\",\"name\":\"amec Positive Industry\",\"description\":\"\",\"publisher\":{\"@id\":\"https:\\\/\\\/amec.es\\\/#organization\"},\"potentialAction\":[{\"@type\":\"SearchAction\",\"target\":{\"@type\":\"EntryPoint\",\"urlTemplate\":\"https:\\\/\\\/amec.es\\\/?s={search_term_string}\"},\"query-input\":{\"@type\":\"PropertyValueSpecification\",\"valueRequired\":true,\"valueName\":\"search_term_string\"}}],\"inLanguage\":\"ca\"},{\"@type\":\"Organization\",\"@id\":\"https:\\\/\\\/amec.es\\\/#organization\",\"name\":\"amec Positive Industry\",\"url\":\"https:\\\/\\\/amec.es\\\/\",\"logo\":{\"@type\":\"ImageObject\",\"inLanguage\":\"ca\",\"@id\":\"https:\\\/\\\/amec.es\\\/#\\\/schema\\\/logo\\\/image\\\/\",\"url\":\"https:\\\/\\\/amec.es\\\/wp-content\\\/uploads\\\/2023\\\/07\\\/logoamec.png\",\"contentUrl\":\"https:\\\/\\\/amec.es\\\/wp-content\\\/uploads\\\/2023\\\/07\\\/logoamec.png\",\"width\":200,\"height\":48,\"caption\":\"amec Positive Industry\"},\"image\":{\"@id\":\"https:\\\/\\\/amec.es\\\/#\\\/schema\\\/logo\\\/image\\\/\"}},{\"@type\":\"Person\",\"@id\":\"https:\\\/\\\/amec.es\\\/#\\\/schema\\\/person\\\/377e1e145733915506a55297ad2fc830\",\"name\":\"webmaster\",\"image\":{\"@type\":\"ImageObject\",\"inLanguage\":\"ca\",\"@id\":\"https:\\\/\\\/secure.gravatar.com\\\/avatar\\\/1122ff7c82efe2079ddb19cd256fc39ab150caee9b258eeae8928e7f703c39f3?s=96&d=mm&r=g\",\"url\":\"https:\\\/\\\/secure.gravatar.com\\\/avatar\\\/1122ff7c82efe2079ddb19cd256fc39ab150caee9b258eeae8928e7f703c39f3?s=96&d=mm&r=g\",\"contentUrl\":\"https:\\\/\\\/secure.gravatar.com\\\/avatar\\\/1122ff7c82efe2079ddb19cd256fc39ab150caee9b258eeae8928e7f703c39f3?s=96&d=mm&r=g\",\"caption\":\"webmaster\"}}]}<\/script>\n<!-- \/ Yoast SEO plugin. -->","yoast_head_json":{"title":"El Peri\u00f3dico: Qu\u00e8 exporta R\u00fassia a Espanya? | amec Positive Industry","robots":{"index":"index","follow":"follow","max-snippet":"max-snippet:-1","max-image-preview":"max-image-preview:large","max-video-preview":"max-video-preview:-1"},"canonical":"https:\/\/amec.es\/ca\/amec-als-mitjans\/el-periodico-que-exporta-russia-a-espanya\/","og_locale":"ca_ES","og_type":"article","og_title":"El Peri\u00f3dico: Qu\u00e8 exporta R\u00fassia a Espanya? | amec Positive Industry","og_url":"https:\/\/amec.es\/ca\/amec-als-mitjans\/el-periodico-que-exporta-russia-a-espanya\/","og_site_name":"amec Positive Industry","article_published_time":"2022-03-10T05:05:16+00:00","og_image":[{"url":"hthttp:\/\/wecreatedesign.co\/dev\/WP\/amec\/wp-content\/uploads\/2023\/03\/20220310-el-periodico-rusia-exporta-redim-w800-h3072.png","type":"","width":"","height":""}],"author":"webmaster","twitter_card":"summary_large_image","twitter_misc":{"Escrit per":"webmaster"},"schema":{"@context":"https:\/\/schema.org","@graph":[{"@type":"Article","@id":"https:\/\/amec.es\/ca\/amec-als-mitjans\/el-periodico-que-exporta-russia-a-espanya\/#article","isPartOf":{"@id":"https:\/\/amec.es\/ca\/amec-als-mitjans\/el-periodico-que-exporta-russia-a-espanya\/"},"author":{"name":"webmaster","@id":"https:\/\/amec.es\/#\/schema\/person\/377e1e145733915506a55297ad2fc830"},"headline":"El Peri\u00f3dico: Qu\u00e8 exporta R\u00fassia a Espanya?","datePublished":"2022-03-10T05:05:16+00:00","mainEntityOfPage":{"@id":"https:\/\/amec.es\/ca\/amec-als-mitjans\/el-periodico-que-exporta-russia-a-espanya\/"},"wordCount":9,"commentCount":0,"publisher":{"@id":"https:\/\/amec.es\/#organization"},"image":{"@id":"https:\/\/amec.es\/ca\/amec-als-mitjans\/el-periodico-que-exporta-russia-a-espanya\/#primaryimage"},"thumbnailUrl":"hthttp:\/\/wecreatedesign.co\/dev\/WP\/amec\/wp-content\/uploads\/2023\/03\/20220310-el-periodico-rusia-exporta-redim-w800-h3072.png","articleSection":["amec&nbsp;ALS MITJANS"],"inLanguage":"ca","potentialAction":[{"@type":"CommentAction","name":"Comment","target":["https:\/\/amec.es\/ca\/amec-als-mitjans\/el-periodico-que-exporta-russia-a-espanya\/#respond"]}]},{"@type":"WebPage","@id":"https:\/\/amec.es\/ca\/amec-als-mitjans\/el-periodico-que-exporta-russia-a-espanya\/","url":"https:\/\/amec.es\/ca\/amec-als-mitjans\/el-periodico-que-exporta-russia-a-espanya\/","name":"El Peri\u00f3dico: Qu\u00e8 exporta R\u00fassia a Espanya? | amec Positive Industry","isPartOf":{"@id":"https:\/\/amec.es\/#website"},"primaryImageOfPage":{"@id":"https:\/\/amec.es\/ca\/amec-als-mitjans\/el-periodico-que-exporta-russia-a-espanya\/#primaryimage"},"image":{"@id":"https:\/\/amec.es\/ca\/amec-als-mitjans\/el-periodico-que-exporta-russia-a-espanya\/#primaryimage"},"thumbnailUrl":"hthttp:\/\/wecreatedesign.co\/dev\/WP\/amec\/wp-content\/uploads\/2023\/03\/20220310-el-periodico-rusia-exporta-redim-w800-h3072.png","datePublished":"2022-03-10T05:05:16+00:00","breadcrumb":{"@id":"https:\/\/amec.es\/ca\/amec-als-mitjans\/el-periodico-que-exporta-russia-a-espanya\/#breadcrumb"},"inLanguage":"ca","potentialAction":[{"@type":"ReadAction","target":["https:\/\/amec.es\/ca\/amec-als-mitjans\/el-periodico-que-exporta-russia-a-espanya\/"]}]},{"@type":"ImageObject","inLanguage":"ca","@id":"https:\/\/amec.es\/ca\/amec-als-mitjans\/el-periodico-que-exporta-russia-a-espanya\/#primaryimage","url":"hthttp:\/\/wecreatedesign.co\/dev\/WP\/amec\/wp-content\/uploads\/2023\/03\/20220310-el-periodico-rusia-exporta-redim-w800-h3072.png","contentUrl":"hthttp:\/\/wecreatedesign.co\/dev\/WP\/amec\/wp-content\/uploads\/2023\/03\/20220310-el-periodico-rusia-exporta-redim-w800-h3072.png"},{"@type":"BreadcrumbList","@id":"https:\/\/amec.es\/ca\/amec-als-mitjans\/el-periodico-que-exporta-russia-a-espanya\/#breadcrumb","itemListElement":[{"@type":"ListItem","position":1,"name":"Portada","item":"https:\/\/amec.es\/ca\/home-new\/"},{"@type":"ListItem","position":2,"name":"El Peri\u00f3dico: Qu\u00e8 exporta R\u00fassia a Espanya?"}]},{"@type":"WebSite","@id":"https:\/\/amec.es\/#website","url":"https:\/\/amec.es\/","name":"amec Positive Industry","description":"","publisher":{"@id":"https:\/\/amec.es\/#organization"},"potentialAction":[{"@type":"SearchAction","target":{"@type":"EntryPoint","urlTemplate":"https:\/\/amec.es\/?s={search_term_string}"},"query-input":{"@type":"PropertyValueSpecification","valueRequired":true,"valueName":"search_term_string"}}],"inLanguage":"ca"},{"@type":"Organization","@id":"https:\/\/amec.es\/#organization","name":"amec Positive Industry","url":"https:\/\/amec.es\/","logo":{"@type":"ImageObject","inLanguage":"ca","@id":"https:\/\/amec.es\/#\/schema\/logo\/image\/","url":"https:\/\/amec.es\/wp-content\/uploads\/2023\/07\/logoamec.png","contentUrl":"https:\/\/amec.es\/wp-content\/uploads\/2023\/07\/logoamec.png","width":200,"height":48,"caption":"amec Positive Industry"},"image":{"@id":"https:\/\/amec.es\/#\/schema\/logo\/image\/"}},{"@type":"Person","@id":"https:\/\/amec.es\/#\/schema\/person\/377e1e145733915506a55297ad2fc830","name":"webmaster","image":{"@type":"ImageObject","inLanguage":"ca","@id":"https:\/\/secure.gravatar.com\/avatar\/1122ff7c82efe2079ddb19cd256fc39ab150caee9b258eeae8928e7f703c39f3?s=96&d=mm&r=g","url":"https:\/\/secure.gravatar.com\/avatar\/1122ff7c82efe2079ddb19cd256fc39ab150caee9b258eeae8928e7f703c39f3?s=96&d=mm&r=g","contentUrl":"https:\/\/secure.gravatar.com\/avatar\/1122ff7c82efe2079ddb19cd256fc39ab150caee9b258eeae8928e7f703c39f3?s=96&d=mm&r=g","caption":"webmaster"}}]}},"_links":{"self":[{"href":"https:\/\/amec.es\/ca\/wp-json\/wp\/v2\/posts\/6642","targetHints":{"allow":["GET"]}}],"collection":[{"href":"https:\/\/amec.es\/ca\/wp-json\/wp\/v2\/posts"}],"about":[{"href":"https:\/\/amec.es\/ca\/wp-json\/wp\/v2\/types\/post"}],"author":[{"embeddable":true,"href":"https:\/\/amec.es\/ca\/wp-json\/wp\/v2\/users\/1"}],"replies":[{"embeddable":true,"href":"https:\/\/amec.es\/ca\/wp-json\/wp\/v2\/comments?post=6642"}],"version-history":[{"count":0,"href":"https:\/\/amec.es\/ca\/wp-json\/wp\/v2\/posts\/6642\/revisions"}],"wp:attachment":[{"href":"https:\/\/amec.es\/ca\/wp-json\/wp\/v2\/media?parent=6642"}],"wp:term":[{"taxonomy":"category","embeddable":true,"href":"https:\/\/amec.es\/ca\/wp-json\/wp\/v2\/categories?post=6642"},{"taxonomy":"post_tag","embeddable":true,"href":"https:\/\/amec.es\/ca\/wp-json\/wp\/v2\/tags?post=6642"}],"curies":[{"name":"wp","href":"https:\/\/api.w.org\/{rel}","templated":true}]}}