{"id":6659,"date":"2022-04-19T04:58:59","date_gmt":"2022-04-19T04:58:59","guid":{"rendered":"https:\/\/wecreatedesign.co\/dev\/WP\/amec\/?p=5288"},"modified":"2022-04-19T04:58:59","modified_gmt":"2022-04-19T04:58:59","slug":"amec-tracta-sobre-la-importancia-dels-ods-en-la-internacionalitzacio-a-imex-madrid","status":"publish","type":"post","link":"https:\/\/amec.es\/ca\/croniques\/amec-tracta-sobre-la-importancia-dels-ods-en-la-internacionalitzacio-a-imex-madrid\/","title":{"rendered":"amec tracta sobre la import\u00e0ncia dels ODS en la internacionalitzaci\u00f3 a IMEX Madrid"},"content":{"rendered":"<p>El director general d&#8217;\u00a0<em><strong>amec<\/strong><\/em>\u00a0,\u00a0<a href=\"https:\/\/www.linkedin.com\/in\/ACoAAAi0eMoB8ZUlx8L2F79mVA-4razWMsVdxtY\" data-attribute-index=\"0\" data-entity-hovercard-id=\"urn:li:fs_miniProfile:ACoAAAi0eMoB8ZUlx8L2F79mVA-4razWMsVdxtY\" data-entity-type=\"MINI_PROFILE\">Joan Tristany<\/a>\u00a0, ha tractat sobre la import\u00e0ncia del\u00a0<strong>compliment dels ODS en la internacionalitzaci\u00f3 de la ind\u00fastria i del moviment\u00a0<a href=\"https:\/\/positiveindustry.org\/\" target=\"_blank\" rel=\"noopener\">Positive Industry<\/a><\/strong>\u00a0que impulsa l&#8217;entitat que dirigeix a la taula rodona d&#8217;obertura de la\u00a0<strong>XX<\/strong>\u00a0<a href=\"https:\/\/imexmadrid.com\/\" target=\"_blank\" rel=\"noopener\">Setmana de la Internacinalitzaci\u00f3 de IMEX Madrid<\/a>\u00a0, que ha tingut lloc aquest dimarts a l&#8217;Auditori del Palau de Cibeles de Madrid.<\/p>\n<p>A la taula rodona, sota el t\u00edtol d&#8217;\u00a0<em>Administracions compromeses amb la Sostenibilitat en la internacionalitzaci\u00f3<\/em>\u00a0, han intervingut a m\u00e9s el viceconseller d&#8217;Economia i Hisenda de la Comunitat de Madrid,\u00a0<strong>Manuel Llamas Fraga<\/strong>\u00a0; el delegat de l&#8217;\u00c0rea Delegada d&#8217;Internacionalitzaci\u00f3 i Cooperaci\u00f3 de l&#8217;Ajuntament de Madrid,\u00a0<strong>Santiago Saura<\/strong>\u00a0; i el director general de l&#8217;Oficina Espanyola de Patents i Marques (OEPM),\u00a0<strong>Jos\u00e9 Antonio Gil Celedonio<\/strong>\u00a0. Ha moderat la taula rodona la subdirectora general de la Cambra de Comer\u00e7, Ind\u00fastria i Serveis de Madrid,\u00a0<strong>Elsa Salvadores Janssen<\/strong>\u00a0.<\/p>\n<p>Aquesta edici\u00f3 d&#8217;\u00a0<a href=\"https:\/\/www.linkedin.com\/company\/imex-impulso-exterior\/\" data-attribute-index=\"18\" data-entity-hovercard-id=\"urn:li:fs_miniCompany:30590707\" data-entity-type=\"MINI_COMPANY\">IMEX Impulso-Exter<\/a>\u00a0ior se centra en els ODS per a una internacionalitzaci\u00f3 \u00f2ptima i IMPULS \u00c0FRICA, i compta amb la pres\u00e8ncia del\u00a0<strong>Ministre d&#8217;Ind\u00fastria d&#8217;Angola, Victor Francisco Dos Santos<\/strong>\u00a0. Precisament, el director general d&#8217;\u00a0<em><strong>amec<\/strong><\/em>\u00a0, Joan Tristany, i l&#8217;assessor de presid\u00e8ncia d&#8217;\u00a0<em><strong>amec<\/strong><\/em>\u00a0,\u00a0Javier del R\u00edo,\u00a0<strong>s&#8217;han reunit amb el ministre d&#8217;Ind\u00fastria i Comer\u00e7 d&#8217;Angola\u00a0, Victor Francisco Dos Santos. el secretari d&#8217;estat de comer\u00e7 i l&#8217;ambaixador per estr\u00e8nyer les relacions comercials de les empreses industrials espanyoles amb el pa\u00eds afric\u00e0\u00a0.<\/strong><\/p>\n<p><strong>Angola ofereix nombroses oportunitats de negoci per a l&#8217;empresa espanyola als sectors d&#8217;aliments i begudes, materials de construcci\u00f3, automoci\u00f3, la maquin\u00e0ria agr\u00edcola i especialment als camps de l&#8217;energia el\u00e8ctrica<\/strong>\u00a0, entre d&#8217;altres. El 9,2% del total de les inversions espanyoles el 2020 del continent afric\u00e0 es van destinar a aquest pa\u00eds. La Llei que va aprovar el Parlament l&#8217;any 2015 sobre Inversi\u00f3 Privada ha perm\u00e8s diversificar l&#8217;economia i promoure la creaci\u00f3 de riquesa a Angola i ha ajudat que sigui un dels pa\u00efsos que creix m\u00e9s al continent i amb millors condicions per invertir. El Banc Mundial espera que la seva economia creixi un 2,8% el 2023.<\/p>\n","protected":false},"excerpt":{"rendered":"<p>El director general d&#8217;\u00a0amec\u00a0,\u00a0Joan Tristany\u00a0, ha tractat sobre la import\u00e0ncia del\u00a0compliment dels ODS en la internacionalitzaci\u00f3 de la ind\u00fastria i del moviment\u00a0Positive Industry\u00a0que impulsa l&#8217;entitat que dirigeix a la taula rodona d&#8217;obertura de la\u00a0XX\u00a0Setmana de la Internacinalitzaci\u00f3 de IMEX Madrid\u00a0, que ha tingut lloc aquest dimarts a l&#8217;Auditori del Palau de Cibeles de Madrid. A [&hellip;]<\/p>\n","protected":false},"author":1,"featured_media":5292,"comment_status":"open","ping_status":"open","sticky":false,"template":"","format":"standard","meta":{"inline_featured_image":false,"footnotes":""},"categories":[30],"tags":[],"class_list":["post-6659","post","type-post","status-publish","format-standard","has-post-thumbnail","hentry","category-croniques"],"yoast_head":"<!-- This site is optimized with the Yoast SEO plugin v27.3 - https:\/\/yoast.com\/product\/yoast-seo-wordpress\/ -->\n<title>amec tracta sobre la import\u00e0ncia dels ODS en la internacionalitzaci\u00f3 a IMEX Madrid | amec Positive Industry<\/title>\n<meta name=\"robots\" content=\"index, follow, max-snippet:-1, max-image-preview:large, max-video-preview:-1\" \/>\n<link rel=\"canonical\" href=\"https:\/\/amec.es\/ca\/croniques\/amec-tracta-sobre-la-importancia-dels-ods-en-la-internacionalitzacio-a-imex-madrid\/\" \/>\n<meta property=\"og:locale\" content=\"ca_ES\" \/>\n<meta property=\"og:type\" content=\"article\" \/>\n<meta property=\"og:title\" content=\"amec tracta sobre la import\u00e0ncia dels ODS en la internacionalitzaci\u00f3 a IMEX Madrid | amec Positive Industry\" \/>\n<meta property=\"og:description\" content=\"El director general d&#8217;\u00a0amec\u00a0,\u00a0Joan Tristany\u00a0, ha tractat sobre la import\u00e0ncia del\u00a0compliment dels ODS en la internacionalitzaci\u00f3 de la ind\u00fastria i del moviment\u00a0Positive Industry\u00a0que impulsa l&#8217;entitat que dirigeix a la taula rodona d&#8217;obertura de la\u00a0XX\u00a0Setmana de la Internacinalitzaci\u00f3 de IMEX Madrid\u00a0, que ha tingut lloc aquest dimarts a l&#8217;Auditori del Palau de Cibeles de Madrid. A [&hellip;]\" \/>\n<meta property=\"og:url\" content=\"https:\/\/amec.es\/ca\/croniques\/amec-tracta-sobre-la-importancia-dels-ods-en-la-internacionalitzacio-a-imex-madrid\/\" \/>\n<meta property=\"og:site_name\" content=\"amec Positive Industry\" \/>\n<meta property=\"article:published_time\" content=\"2022-04-19T04:58:59+00:00\" \/>\n<meta property=\"og:image\" content=\"https:\/\/amec.es\/wp-content\/uploads\/2023\/08\/hispack.jpg\" \/>\n\t<meta property=\"og:image:width\" content=\"380\" \/>\n\t<meta property=\"og:image:height\" content=\"225\" \/>\n\t<meta property=\"og:image:type\" content=\"image\/jpeg\" \/>\n<meta name=\"author\" content=\"webmaster\" \/>\n<meta name=\"twitter:card\" content=\"summary_large_image\" \/>\n<meta name=\"twitter:label1\" content=\"Escrit per\" \/>\n\t<meta name=\"twitter:data1\" content=\"webmaster\" \/>\n\t<meta name=\"twitter:label2\" content=\"Temps estimat de lectura\" \/>\n\t<meta name=\"twitter:data2\" content=\"2 minuts\" \/>\n<script type=\"application\/ld+json\" class=\"yoast-schema-graph\">{\"@context\":\"https:\\\/\\\/schema.org\",\"@graph\":[{\"@type\":\"Article\",\"@id\":\"https:\\\/\\\/amec.es\\\/ca\\\/croniques\\\/amec-tracta-sobre-la-importancia-dels-ods-en-la-internacionalitzacio-a-imex-madrid\\\/#article\",\"isPartOf\":{\"@id\":\"https:\\\/\\\/amec.es\\\/ca\\\/croniques\\\/amec-tracta-sobre-la-importancia-dels-ods-en-la-internacionalitzacio-a-imex-madrid\\\/\"},\"author\":{\"name\":\"webmaster\",\"@id\":\"https:\\\/\\\/amec.es\\\/#\\\/schema\\\/person\\\/377e1e145733915506a55297ad2fc830\"},\"headline\":\"amec tracta sobre la import\u00e0ncia dels ODS en la internacionalitzaci\u00f3 a IMEX Madrid\",\"datePublished\":\"2022-04-19T04:58:59+00:00\",\"mainEntityOfPage\":{\"@id\":\"https:\\\/\\\/amec.es\\\/ca\\\/croniques\\\/amec-tracta-sobre-la-importancia-dels-ods-en-la-internacionalitzacio-a-imex-madrid\\\/\"},\"wordCount\":384,\"commentCount\":0,\"publisher\":{\"@id\":\"https:\\\/\\\/amec.es\\\/#organization\"},\"image\":{\"@id\":\"https:\\\/\\\/amec.es\\\/ca\\\/croniques\\\/amec-tracta-sobre-la-importancia-dels-ods-en-la-internacionalitzacio-a-imex-madrid\\\/#primaryimage\"},\"thumbnailUrl\":\"https:\\\/\\\/amec.es\\\/wp-content\\\/uploads\\\/2023\\\/08\\\/hispack.jpg\",\"articleSection\":[\"Cr\u00f2niques\"],\"inLanguage\":\"ca\",\"potentialAction\":[{\"@type\":\"CommentAction\",\"name\":\"Comment\",\"target\":[\"https:\\\/\\\/amec.es\\\/ca\\\/croniques\\\/amec-tracta-sobre-la-importancia-dels-ods-en-la-internacionalitzacio-a-imex-madrid\\\/#respond\"]}]},{\"@type\":\"WebPage\",\"@id\":\"https:\\\/\\\/amec.es\\\/ca\\\/croniques\\\/amec-tracta-sobre-la-importancia-dels-ods-en-la-internacionalitzacio-a-imex-madrid\\\/\",\"url\":\"https:\\\/\\\/amec.es\\\/ca\\\/croniques\\\/amec-tracta-sobre-la-importancia-dels-ods-en-la-internacionalitzacio-a-imex-madrid\\\/\",\"name\":\"amec tracta sobre la import\u00e0ncia dels ODS en la internacionalitzaci\u00f3 a IMEX Madrid | amec Positive Industry\",\"isPartOf\":{\"@id\":\"https:\\\/\\\/amec.es\\\/#website\"},\"primaryImageOfPage\":{\"@id\":\"https:\\\/\\\/amec.es\\\/ca\\\/croniques\\\/amec-tracta-sobre-la-importancia-dels-ods-en-la-internacionalitzacio-a-imex-madrid\\\/#primaryimage\"},\"image\":{\"@id\":\"https:\\\/\\\/amec.es\\\/ca\\\/croniques\\\/amec-tracta-sobre-la-importancia-dels-ods-en-la-internacionalitzacio-a-imex-madrid\\\/#primaryimage\"},\"thumbnailUrl\":\"https:\\\/\\\/amec.es\\\/wp-content\\\/uploads\\\/2023\\\/08\\\/hispack.jpg\",\"datePublished\":\"2022-04-19T04:58:59+00:00\",\"breadcrumb\":{\"@id\":\"https:\\\/\\\/amec.es\\\/ca\\\/croniques\\\/amec-tracta-sobre-la-importancia-dels-ods-en-la-internacionalitzacio-a-imex-madrid\\\/#breadcrumb\"},\"inLanguage\":\"ca\",\"potentialAction\":[{\"@type\":\"ReadAction\",\"target\":[\"https:\\\/\\\/amec.es\\\/ca\\\/croniques\\\/amec-tracta-sobre-la-importancia-dels-ods-en-la-internacionalitzacio-a-imex-madrid\\\/\"]}]},{\"@type\":\"ImageObject\",\"inLanguage\":\"ca\",\"@id\":\"https:\\\/\\\/amec.es\\\/ca\\\/croniques\\\/amec-tracta-sobre-la-importancia-dels-ods-en-la-internacionalitzacio-a-imex-madrid\\\/#primaryimage\",\"url\":\"https:\\\/\\\/amec.es\\\/wp-content\\\/uploads\\\/2023\\\/08\\\/hispack.jpg\",\"contentUrl\":\"https:\\\/\\\/amec.es\\\/wp-content\\\/uploads\\\/2023\\\/08\\\/hispack.jpg\",\"width\":380,\"height\":225},{\"@type\":\"BreadcrumbList\",\"@id\":\"https:\\\/\\\/amec.es\\\/ca\\\/croniques\\\/amec-tracta-sobre-la-importancia-dels-ods-en-la-internacionalitzacio-a-imex-madrid\\\/#breadcrumb\",\"itemListElement\":[{\"@type\":\"ListItem\",\"position\":1,\"name\":\"Portada\",\"item\":\"https:\\\/\\\/amec.es\\\/ca\\\/home-new\\\/\"},{\"@type\":\"ListItem\",\"position\":2,\"name\":\"amec tracta sobre la import\u00e0ncia dels ODS en la internacionalitzaci\u00f3 a IMEX Madrid\"}]},{\"@type\":\"WebSite\",\"@id\":\"https:\\\/\\\/amec.es\\\/#website\",\"url\":\"https:\\\/\\\/amec.es\\\/\",\"name\":\"amec Positive Industry\",\"description\":\"\",\"publisher\":{\"@id\":\"https:\\\/\\\/amec.es\\\/#organization\"},\"potentialAction\":[{\"@type\":\"SearchAction\",\"target\":{\"@type\":\"EntryPoint\",\"urlTemplate\":\"https:\\\/\\\/amec.es\\\/?s={search_term_string}\"},\"query-input\":{\"@type\":\"PropertyValueSpecification\",\"valueRequired\":true,\"valueName\":\"search_term_string\"}}],\"inLanguage\":\"ca\"},{\"@type\":\"Organization\",\"@id\":\"https:\\\/\\\/amec.es\\\/#organization\",\"name\":\"amec Positive Industry\",\"url\":\"https:\\\/\\\/amec.es\\\/\",\"logo\":{\"@type\":\"ImageObject\",\"inLanguage\":\"ca\",\"@id\":\"https:\\\/\\\/amec.es\\\/#\\\/schema\\\/logo\\\/image\\\/\",\"url\":\"https:\\\/\\\/amec.es\\\/wp-content\\\/uploads\\\/2023\\\/07\\\/logoamec.png\",\"contentUrl\":\"https:\\\/\\\/amec.es\\\/wp-content\\\/uploads\\\/2023\\\/07\\\/logoamec.png\",\"width\":200,\"height\":48,\"caption\":\"amec Positive Industry\"},\"image\":{\"@id\":\"https:\\\/\\\/amec.es\\\/#\\\/schema\\\/logo\\\/image\\\/\"}},{\"@type\":\"Person\",\"@id\":\"https:\\\/\\\/amec.es\\\/#\\\/schema\\\/person\\\/377e1e145733915506a55297ad2fc830\",\"name\":\"webmaster\",\"image\":{\"@type\":\"ImageObject\",\"inLanguage\":\"ca\",\"@id\":\"https:\\\/\\\/secure.gravatar.com\\\/avatar\\\/1122ff7c82efe2079ddb19cd256fc39ab150caee9b258eeae8928e7f703c39f3?s=96&d=mm&r=g\",\"url\":\"https:\\\/\\\/secure.gravatar.com\\\/avatar\\\/1122ff7c82efe2079ddb19cd256fc39ab150caee9b258eeae8928e7f703c39f3?s=96&d=mm&r=g\",\"contentUrl\":\"https:\\\/\\\/secure.gravatar.com\\\/avatar\\\/1122ff7c82efe2079ddb19cd256fc39ab150caee9b258eeae8928e7f703c39f3?s=96&d=mm&r=g\",\"caption\":\"webmaster\"}}]}<\/script>\n<!-- \/ Yoast SEO plugin. -->","yoast_head_json":{"title":"amec tracta sobre la import\u00e0ncia dels ODS en la internacionalitzaci\u00f3 a IMEX Madrid | amec Positive Industry","robots":{"index":"index","follow":"follow","max-snippet":"max-snippet:-1","max-image-preview":"max-image-preview:large","max-video-preview":"max-video-preview:-1"},"canonical":"https:\/\/amec.es\/ca\/croniques\/amec-tracta-sobre-la-importancia-dels-ods-en-la-internacionalitzacio-a-imex-madrid\/","og_locale":"ca_ES","og_type":"article","og_title":"amec tracta sobre la import\u00e0ncia dels ODS en la internacionalitzaci\u00f3 a IMEX Madrid | amec Positive Industry","og_description":"El director general d&#8217;\u00a0amec\u00a0,\u00a0Joan Tristany\u00a0, ha tractat sobre la import\u00e0ncia del\u00a0compliment dels ODS en la internacionalitzaci\u00f3 de la ind\u00fastria i del moviment\u00a0Positive Industry\u00a0que impulsa l&#8217;entitat que dirigeix a la taula rodona d&#8217;obertura de la\u00a0XX\u00a0Setmana de la Internacinalitzaci\u00f3 de IMEX Madrid\u00a0, que ha tingut lloc aquest dimarts a l&#8217;Auditori del Palau de Cibeles de Madrid. A [&hellip;]","og_url":"https:\/\/amec.es\/ca\/croniques\/amec-tracta-sobre-la-importancia-dels-ods-en-la-internacionalitzacio-a-imex-madrid\/","og_site_name":"amec Positive Industry","article_published_time":"2022-04-19T04:58:59+00:00","og_image":[{"width":380,"height":225,"url":"https:\/\/amec.es\/wp-content\/uploads\/2023\/08\/hispack.jpg","type":"image\/jpeg"}],"author":"webmaster","twitter_card":"summary_large_image","twitter_misc":{"Escrit per":"webmaster","Temps estimat de lectura":"2 minuts"},"schema":{"@context":"https:\/\/schema.org","@graph":[{"@type":"Article","@id":"https:\/\/amec.es\/ca\/croniques\/amec-tracta-sobre-la-importancia-dels-ods-en-la-internacionalitzacio-a-imex-madrid\/#article","isPartOf":{"@id":"https:\/\/amec.es\/ca\/croniques\/amec-tracta-sobre-la-importancia-dels-ods-en-la-internacionalitzacio-a-imex-madrid\/"},"author":{"name":"webmaster","@id":"https:\/\/amec.es\/#\/schema\/person\/377e1e145733915506a55297ad2fc830"},"headline":"amec tracta sobre la import\u00e0ncia dels ODS en la internacionalitzaci\u00f3 a IMEX Madrid","datePublished":"2022-04-19T04:58:59+00:00","mainEntityOfPage":{"@id":"https:\/\/amec.es\/ca\/croniques\/amec-tracta-sobre-la-importancia-dels-ods-en-la-internacionalitzacio-a-imex-madrid\/"},"wordCount":384,"commentCount":0,"publisher":{"@id":"https:\/\/amec.es\/#organization"},"image":{"@id":"https:\/\/amec.es\/ca\/croniques\/amec-tracta-sobre-la-importancia-dels-ods-en-la-internacionalitzacio-a-imex-madrid\/#primaryimage"},"thumbnailUrl":"https:\/\/amec.es\/wp-content\/uploads\/2023\/08\/hispack.jpg","articleSection":["Cr\u00f2niques"],"inLanguage":"ca","potentialAction":[{"@type":"CommentAction","name":"Comment","target":["https:\/\/amec.es\/ca\/croniques\/amec-tracta-sobre-la-importancia-dels-ods-en-la-internacionalitzacio-a-imex-madrid\/#respond"]}]},{"@type":"WebPage","@id":"https:\/\/amec.es\/ca\/croniques\/amec-tracta-sobre-la-importancia-dels-ods-en-la-internacionalitzacio-a-imex-madrid\/","url":"https:\/\/amec.es\/ca\/croniques\/amec-tracta-sobre-la-importancia-dels-ods-en-la-internacionalitzacio-a-imex-madrid\/","name":"amec tracta sobre la import\u00e0ncia dels ODS en la internacionalitzaci\u00f3 a IMEX Madrid | amec Positive Industry","isPartOf":{"@id":"https:\/\/amec.es\/#website"},"primaryImageOfPage":{"@id":"https:\/\/amec.es\/ca\/croniques\/amec-tracta-sobre-la-importancia-dels-ods-en-la-internacionalitzacio-a-imex-madrid\/#primaryimage"},"image":{"@id":"https:\/\/amec.es\/ca\/croniques\/amec-tracta-sobre-la-importancia-dels-ods-en-la-internacionalitzacio-a-imex-madrid\/#primaryimage"},"thumbnailUrl":"https:\/\/amec.es\/wp-content\/uploads\/2023\/08\/hispack.jpg","datePublished":"2022-04-19T04:58:59+00:00","breadcrumb":{"@id":"https:\/\/amec.es\/ca\/croniques\/amec-tracta-sobre-la-importancia-dels-ods-en-la-internacionalitzacio-a-imex-madrid\/#breadcrumb"},"inLanguage":"ca","potentialAction":[{"@type":"ReadAction","target":["https:\/\/amec.es\/ca\/croniques\/amec-tracta-sobre-la-importancia-dels-ods-en-la-internacionalitzacio-a-imex-madrid\/"]}]},{"@type":"ImageObject","inLanguage":"ca","@id":"https:\/\/amec.es\/ca\/croniques\/amec-tracta-sobre-la-importancia-dels-ods-en-la-internacionalitzacio-a-imex-madrid\/#primaryimage","url":"https:\/\/amec.es\/wp-content\/uploads\/2023\/08\/hispack.jpg","contentUrl":"https:\/\/amec.es\/wp-content\/uploads\/2023\/08\/hispack.jpg","width":380,"height":225},{"@type":"BreadcrumbList","@id":"https:\/\/amec.es\/ca\/croniques\/amec-tracta-sobre-la-importancia-dels-ods-en-la-internacionalitzacio-a-imex-madrid\/#breadcrumb","itemListElement":[{"@type":"ListItem","position":1,"name":"Portada","item":"https:\/\/amec.es\/ca\/home-new\/"},{"@type":"ListItem","position":2,"name":"amec tracta sobre la import\u00e0ncia dels ODS en la internacionalitzaci\u00f3 a IMEX Madrid"}]},{"@type":"WebSite","@id":"https:\/\/amec.es\/#website","url":"https:\/\/amec.es\/","name":"amec Positive Industry","description":"","publisher":{"@id":"https:\/\/amec.es\/#organization"},"potentialAction":[{"@type":"SearchAction","target":{"@type":"EntryPoint","urlTemplate":"https:\/\/amec.es\/?s={search_term_string}"},"query-input":{"@type":"PropertyValueSpecification","valueRequired":true,"valueName":"search_term_string"}}],"inLanguage":"ca"},{"@type":"Organization","@id":"https:\/\/amec.es\/#organization","name":"amec Positive Industry","url":"https:\/\/amec.es\/","logo":{"@type":"ImageObject","inLanguage":"ca","@id":"https:\/\/amec.es\/#\/schema\/logo\/image\/","url":"https:\/\/amec.es\/wp-content\/uploads\/2023\/07\/logoamec.png","contentUrl":"https:\/\/amec.es\/wp-content\/uploads\/2023\/07\/logoamec.png","width":200,"height":48,"caption":"amec Positive Industry"},"image":{"@id":"https:\/\/amec.es\/#\/schema\/logo\/image\/"}},{"@type":"Person","@id":"https:\/\/amec.es\/#\/schema\/person\/377e1e145733915506a55297ad2fc830","name":"webmaster","image":{"@type":"ImageObject","inLanguage":"ca","@id":"https:\/\/secure.gravatar.com\/avatar\/1122ff7c82efe2079ddb19cd256fc39ab150caee9b258eeae8928e7f703c39f3?s=96&d=mm&r=g","url":"https:\/\/secure.gravatar.com\/avatar\/1122ff7c82efe2079ddb19cd256fc39ab150caee9b258eeae8928e7f703c39f3?s=96&d=mm&r=g","contentUrl":"https:\/\/secure.gravatar.com\/avatar\/1122ff7c82efe2079ddb19cd256fc39ab150caee9b258eeae8928e7f703c39f3?s=96&d=mm&r=g","caption":"webmaster"}}]}},"_links":{"self":[{"href":"https:\/\/amec.es\/ca\/wp-json\/wp\/v2\/posts\/6659","targetHints":{"allow":["GET"]}}],"collection":[{"href":"https:\/\/amec.es\/ca\/wp-json\/wp\/v2\/posts"}],"about":[{"href":"https:\/\/amec.es\/ca\/wp-json\/wp\/v2\/types\/post"}],"author":[{"embeddable":true,"href":"https:\/\/amec.es\/ca\/wp-json\/wp\/v2\/users\/1"}],"replies":[{"embeddable":true,"href":"https:\/\/amec.es\/ca\/wp-json\/wp\/v2\/comments?post=6659"}],"version-history":[{"count":0,"href":"https:\/\/amec.es\/ca\/wp-json\/wp\/v2\/posts\/6659\/revisions"}],"wp:featuredmedia":[{"embeddable":true,"href":"https:\/\/amec.es\/ca\/wp-json\/wp\/v2\/media\/5292"}],"wp:attachment":[{"href":"https:\/\/amec.es\/ca\/wp-json\/wp\/v2\/media?parent=6659"}],"wp:term":[{"taxonomy":"category","embeddable":true,"href":"https:\/\/amec.es\/ca\/wp-json\/wp\/v2\/categories?post=6659"},{"taxonomy":"post_tag","embeddable":true,"href":"https:\/\/amec.es\/ca\/wp-json\/wp\/v2\/tags?post=6659"}],"curies":[{"name":"wp","href":"https:\/\/api.w.org\/{rel}","templated":true}]}}