{"id":6661,"date":"2022-04-28T05:01:18","date_gmt":"2022-04-28T05:01:18","guid":{"rendered":"https:\/\/wecreatedesign.co\/dev\/WP\/amec\/?p=5298"},"modified":"2022-04-28T05:01:18","modified_gmt":"2022-04-28T05:01:18","slug":"els-partners-d-amec-participen-en-una-jornada-dinnovacio-per-impulsar-la-col%c2%b7laboracio","status":"publish","type":"post","link":"https:\/\/amec.es\/ca\/croniques\/els-partners-d-amec-participen-en-una-jornada-dinnovacio-per-impulsar-la-col%c2%b7laboracio\/","title":{"rendered":"Els partners d&#8217; amec participen en una jornada d&#8217;innovaci\u00f3 per impulsar la col\u00b7laboraci\u00f3"},"content":{"rendered":"<p><span lang=\"ca\">L&#8217;ecosistema d&#8217;\u00a0<em><strong>amec<\/strong><\/em>\u00a0est\u00e0 integrat per un\u00a0<a href=\"https:\/\/www.amec.es\/es\/ecosistemaamec\/partners.htm\" target=\"_blank\" rel=\"noopener\">conjunt d&#8217;empreses i organitzacions<\/a>\u00a0que aporten gran valor, a causa del coneixement profund d&#8217;aspectes clau per a les empreses industrials. Per extreure el m\u00e0xim profit dels nostres partners,\u00a0<em><strong>Amec<\/strong><\/em>\u00a0els ha reunit en una sessi\u00f3 de treball d&#8217;innovaci\u00f3, que ha servit a m\u00e9s per estr\u00e8nyer relacions entre ells.<\/span><\/p>\n<p><span lang=\"ca\">La trobada, que ha tingut lloc aquesta setmana a la seu d&#8217;\u00a0<em><strong>amec<\/strong><\/em>\u00a0a Barcelona, es va iniciar amb una ronda de presentaci\u00f3 de l&#8217;equip d&#8217;\u00a0<em><strong>amec<\/strong><\/em>\u00a0i de les empreses partner. Per part d&#8217;\u00a0<em><strong>amec hi van<\/strong><\/em>\u00a0participar el subdirector Diego Guri; la responsable de gesti\u00f3 de partners Al\u00edcia Miralles; la responsable d&#8217;Innovaci\u00f3, Andrea Arenas; l&#8217;equip de l&#8217;\u00c0rea de Coneixement, integrat per Eva Pah\u00edssa i Raquel Pous; i de Projectes, format per Sonia Fern\u00e1ndez, Lucas Duchatel i Andrea Rodrigo.<\/span><\/p>\n<p><span lang=\"ca\">La jornada de treball va consistir en una sessi\u00f3 d&#8217;innovaci\u00f3 en qu\u00e8 van aflorar interessants idees de col\u00b7laboraci\u00f3, sobre les quals l&#8217;equip d&#8217;\u00a0<em><strong>amec<\/strong><\/em>\u00a0s&#8217;emprar\u00e0 perqu\u00e8 es puguin materialitzar en endavant en diferents projectes.<\/span><\/p>\n","protected":false},"excerpt":{"rendered":"<p>L&#8217;ecosistema d&#8217;\u00a0amec\u00a0est\u00e0 integrat per un\u00a0conjunt d&#8217;empreses i organitzacions\u00a0que aporten gran valor, a causa del coneixement profund d&#8217;aspectes clau per a les empreses industrials. Per extreure el m\u00e0xim profit dels nostres partners,\u00a0Amec\u00a0els ha reunit en una sessi\u00f3 de treball d&#8217;innovaci\u00f3, que ha servit a m\u00e9s per estr\u00e8nyer relacions entre ells. La trobada, que ha tingut lloc [&hellip;]<\/p>\n","protected":false},"author":1,"featured_media":5302,"comment_status":"open","ping_status":"open","sticky":false,"template":"","format":"standard","meta":{"inline_featured_image":false,"footnotes":""},"categories":[30],"tags":[],"class_list":["post-6661","post","type-post","status-publish","format-standard","has-post-thumbnail","hentry","category-croniques"],"yoast_head":"<!-- This site is optimized with the Yoast SEO plugin v27.3 - https:\/\/yoast.com\/product\/yoast-seo-wordpress\/ -->\n<title>Els partners d&#039; amec participen en una jornada d&#039;innovaci\u00f3 per impulsar la col\u00b7laboraci\u00f3 | amec Positive Industry<\/title>\n<meta name=\"robots\" content=\"index, follow, max-snippet:-1, max-image-preview:large, max-video-preview:-1\" \/>\n<link rel=\"canonical\" href=\"https:\/\/amec.es\/ca\/croniques\/els-partners-d-amec-participen-en-una-jornada-dinnovacio-per-impulsar-la-col\u00b7laboracio\/\" \/>\n<meta property=\"og:locale\" content=\"ca_ES\" \/>\n<meta property=\"og:type\" content=\"article\" \/>\n<meta property=\"og:title\" content=\"Els partners d&#039; amec participen en una jornada d&#039;innovaci\u00f3 per impulsar la col\u00b7laboraci\u00f3 | amec Positive Industry\" \/>\n<meta property=\"og:description\" content=\"L&#8217;ecosistema d&#8217;\u00a0amec\u00a0est\u00e0 integrat per un\u00a0conjunt d&#8217;empreses i organitzacions\u00a0que aporten gran valor, a causa del coneixement profund d&#8217;aspectes clau per a les empreses industrials. Per extreure el m\u00e0xim profit dels nostres partners,\u00a0Amec\u00a0els ha reunit en una sessi\u00f3 de treball d&#8217;innovaci\u00f3, que ha servit a m\u00e9s per estr\u00e8nyer relacions entre ells. La trobada, que ha tingut lloc [&hellip;]\" \/>\n<meta property=\"og:url\" content=\"https:\/\/amec.es\/ca\/croniques\/els-partners-d-amec-participen-en-una-jornada-dinnovacio-per-impulsar-la-col\u00b7laboracio\/\" \/>\n<meta property=\"og:site_name\" content=\"amec Positive Industry\" \/>\n<meta property=\"article:published_time\" content=\"2022-04-28T05:01:18+00:00\" \/>\n<meta property=\"og:image\" content=\"https:\/\/amec.es\/wp-content\/uploads\/2023\/08\/itma-3.jpg\" \/>\n\t<meta property=\"og:image:width\" content=\"380\" \/>\n\t<meta property=\"og:image:height\" content=\"225\" \/>\n\t<meta property=\"og:image:type\" content=\"image\/jpeg\" \/>\n<meta name=\"author\" content=\"webmaster\" \/>\n<meta name=\"twitter:card\" content=\"summary_large_image\" \/>\n<meta name=\"twitter:label1\" content=\"Escrit per\" \/>\n\t<meta name=\"twitter:data1\" content=\"webmaster\" \/>\n\t<meta name=\"twitter:label2\" content=\"Temps estimat de lectura\" \/>\n\t<meta name=\"twitter:data2\" content=\"1 minut\" \/>\n<script type=\"application\/ld+json\" class=\"yoast-schema-graph\">{\"@context\":\"https:\\\/\\\/schema.org\",\"@graph\":[{\"@type\":\"Article\",\"@id\":\"https:\\\/\\\/amec.es\\\/ca\\\/croniques\\\/els-partners-d-amec-participen-en-una-jornada-dinnovacio-per-impulsar-la-col%c2%b7laboracio\\\/#article\",\"isPartOf\":{\"@id\":\"https:\\\/\\\/amec.es\\\/ca\\\/croniques\\\/els-partners-d-amec-participen-en-una-jornada-dinnovacio-per-impulsar-la-col%c2%b7laboracio\\\/\"},\"author\":{\"name\":\"webmaster\",\"@id\":\"https:\\\/\\\/amec.es\\\/#\\\/schema\\\/person\\\/377e1e145733915506a55297ad2fc830\"},\"headline\":\"Els partners d&#8217; amec participen en una jornada d&#8217;innovaci\u00f3 per impulsar la col\u00b7laboraci\u00f3\",\"datePublished\":\"2022-04-28T05:01:18+00:00\",\"mainEntityOfPage\":{\"@id\":\"https:\\\/\\\/amec.es\\\/ca\\\/croniques\\\/els-partners-d-amec-participen-en-una-jornada-dinnovacio-per-impulsar-la-col%c2%b7laboracio\\\/\"},\"wordCount\":202,\"commentCount\":0,\"publisher\":{\"@id\":\"https:\\\/\\\/amec.es\\\/#organization\"},\"image\":{\"@id\":\"https:\\\/\\\/amec.es\\\/ca\\\/croniques\\\/els-partners-d-amec-participen-en-una-jornada-dinnovacio-per-impulsar-la-col%c2%b7laboracio\\\/#primaryimage\"},\"thumbnailUrl\":\"https:\\\/\\\/amec.es\\\/wp-content\\\/uploads\\\/2023\\\/08\\\/itma-3.jpg\",\"articleSection\":[\"Cr\u00f2niques\"],\"inLanguage\":\"ca\",\"potentialAction\":[{\"@type\":\"CommentAction\",\"name\":\"Comment\",\"target\":[\"https:\\\/\\\/amec.es\\\/ca\\\/croniques\\\/els-partners-d-amec-participen-en-una-jornada-dinnovacio-per-impulsar-la-col%c2%b7laboracio\\\/#respond\"]}]},{\"@type\":\"WebPage\",\"@id\":\"https:\\\/\\\/amec.es\\\/ca\\\/croniques\\\/els-partners-d-amec-participen-en-una-jornada-dinnovacio-per-impulsar-la-col%c2%b7laboracio\\\/\",\"url\":\"https:\\\/\\\/amec.es\\\/ca\\\/croniques\\\/els-partners-d-amec-participen-en-una-jornada-dinnovacio-per-impulsar-la-col%c2%b7laboracio\\\/\",\"name\":\"Els partners d' amec participen en una jornada d'innovaci\u00f3 per impulsar la col\u00b7laboraci\u00f3 | amec Positive Industry\",\"isPartOf\":{\"@id\":\"https:\\\/\\\/amec.es\\\/#website\"},\"primaryImageOfPage\":{\"@id\":\"https:\\\/\\\/amec.es\\\/ca\\\/croniques\\\/els-partners-d-amec-participen-en-una-jornada-dinnovacio-per-impulsar-la-col%c2%b7laboracio\\\/#primaryimage\"},\"image\":{\"@id\":\"https:\\\/\\\/amec.es\\\/ca\\\/croniques\\\/els-partners-d-amec-participen-en-una-jornada-dinnovacio-per-impulsar-la-col%c2%b7laboracio\\\/#primaryimage\"},\"thumbnailUrl\":\"https:\\\/\\\/amec.es\\\/wp-content\\\/uploads\\\/2023\\\/08\\\/itma-3.jpg\",\"datePublished\":\"2022-04-28T05:01:18+00:00\",\"breadcrumb\":{\"@id\":\"https:\\\/\\\/amec.es\\\/ca\\\/croniques\\\/els-partners-d-amec-participen-en-una-jornada-dinnovacio-per-impulsar-la-col%c2%b7laboracio\\\/#breadcrumb\"},\"inLanguage\":\"ca\",\"potentialAction\":[{\"@type\":\"ReadAction\",\"target\":[\"https:\\\/\\\/amec.es\\\/ca\\\/croniques\\\/els-partners-d-amec-participen-en-una-jornada-dinnovacio-per-impulsar-la-col%c2%b7laboracio\\\/\"]}]},{\"@type\":\"ImageObject\",\"inLanguage\":\"ca\",\"@id\":\"https:\\\/\\\/amec.es\\\/ca\\\/croniques\\\/els-partners-d-amec-participen-en-una-jornada-dinnovacio-per-impulsar-la-col%c2%b7laboracio\\\/#primaryimage\",\"url\":\"https:\\\/\\\/amec.es\\\/wp-content\\\/uploads\\\/2023\\\/08\\\/itma-3.jpg\",\"contentUrl\":\"https:\\\/\\\/amec.es\\\/wp-content\\\/uploads\\\/2023\\\/08\\\/itma-3.jpg\",\"width\":380,\"height\":225},{\"@type\":\"BreadcrumbList\",\"@id\":\"https:\\\/\\\/amec.es\\\/ca\\\/croniques\\\/els-partners-d-amec-participen-en-una-jornada-dinnovacio-per-impulsar-la-col%c2%b7laboracio\\\/#breadcrumb\",\"itemListElement\":[{\"@type\":\"ListItem\",\"position\":1,\"name\":\"Portada\",\"item\":\"https:\\\/\\\/amec.es\\\/ca\\\/home-new\\\/\"},{\"@type\":\"ListItem\",\"position\":2,\"name\":\"Els partners d&#8217; amec participen en una jornada d&#8217;innovaci\u00f3 per impulsar la col\u00b7laboraci\u00f3\"}]},{\"@type\":\"WebSite\",\"@id\":\"https:\\\/\\\/amec.es\\\/#website\",\"url\":\"https:\\\/\\\/amec.es\\\/\",\"name\":\"amec Positive Industry\",\"description\":\"\",\"publisher\":{\"@id\":\"https:\\\/\\\/amec.es\\\/#organization\"},\"potentialAction\":[{\"@type\":\"SearchAction\",\"target\":{\"@type\":\"EntryPoint\",\"urlTemplate\":\"https:\\\/\\\/amec.es\\\/?s={search_term_string}\"},\"query-input\":{\"@type\":\"PropertyValueSpecification\",\"valueRequired\":true,\"valueName\":\"search_term_string\"}}],\"inLanguage\":\"ca\"},{\"@type\":\"Organization\",\"@id\":\"https:\\\/\\\/amec.es\\\/#organization\",\"name\":\"amec Positive Industry\",\"url\":\"https:\\\/\\\/amec.es\\\/\",\"logo\":{\"@type\":\"ImageObject\",\"inLanguage\":\"ca\",\"@id\":\"https:\\\/\\\/amec.es\\\/#\\\/schema\\\/logo\\\/image\\\/\",\"url\":\"https:\\\/\\\/amec.es\\\/wp-content\\\/uploads\\\/2023\\\/07\\\/logoamec.png\",\"contentUrl\":\"https:\\\/\\\/amec.es\\\/wp-content\\\/uploads\\\/2023\\\/07\\\/logoamec.png\",\"width\":200,\"height\":48,\"caption\":\"amec Positive Industry\"},\"image\":{\"@id\":\"https:\\\/\\\/amec.es\\\/#\\\/schema\\\/logo\\\/image\\\/\"}},{\"@type\":\"Person\",\"@id\":\"https:\\\/\\\/amec.es\\\/#\\\/schema\\\/person\\\/377e1e145733915506a55297ad2fc830\",\"name\":\"webmaster\",\"image\":{\"@type\":\"ImageObject\",\"inLanguage\":\"ca\",\"@id\":\"https:\\\/\\\/secure.gravatar.com\\\/avatar\\\/1122ff7c82efe2079ddb19cd256fc39ab150caee9b258eeae8928e7f703c39f3?s=96&d=mm&r=g\",\"url\":\"https:\\\/\\\/secure.gravatar.com\\\/avatar\\\/1122ff7c82efe2079ddb19cd256fc39ab150caee9b258eeae8928e7f703c39f3?s=96&d=mm&r=g\",\"contentUrl\":\"https:\\\/\\\/secure.gravatar.com\\\/avatar\\\/1122ff7c82efe2079ddb19cd256fc39ab150caee9b258eeae8928e7f703c39f3?s=96&d=mm&r=g\",\"caption\":\"webmaster\"}}]}<\/script>\n<!-- \/ Yoast SEO plugin. -->","yoast_head_json":{"title":"Els partners d' amec participen en una jornada d'innovaci\u00f3 per impulsar la col\u00b7laboraci\u00f3 | amec Positive Industry","robots":{"index":"index","follow":"follow","max-snippet":"max-snippet:-1","max-image-preview":"max-image-preview:large","max-video-preview":"max-video-preview:-1"},"canonical":"https:\/\/amec.es\/ca\/croniques\/els-partners-d-amec-participen-en-una-jornada-dinnovacio-per-impulsar-la-col\u00b7laboracio\/","og_locale":"ca_ES","og_type":"article","og_title":"Els partners d' amec participen en una jornada d'innovaci\u00f3 per impulsar la col\u00b7laboraci\u00f3 | amec Positive Industry","og_description":"L&#8217;ecosistema d&#8217;\u00a0amec\u00a0est\u00e0 integrat per un\u00a0conjunt d&#8217;empreses i organitzacions\u00a0que aporten gran valor, a causa del coneixement profund d&#8217;aspectes clau per a les empreses industrials. Per extreure el m\u00e0xim profit dels nostres partners,\u00a0Amec\u00a0els ha reunit en una sessi\u00f3 de treball d&#8217;innovaci\u00f3, que ha servit a m\u00e9s per estr\u00e8nyer relacions entre ells. La trobada, que ha tingut lloc [&hellip;]","og_url":"https:\/\/amec.es\/ca\/croniques\/els-partners-d-amec-participen-en-una-jornada-dinnovacio-per-impulsar-la-col\u00b7laboracio\/","og_site_name":"amec Positive Industry","article_published_time":"2022-04-28T05:01:18+00:00","og_image":[{"width":380,"height":225,"url":"https:\/\/amec.es\/wp-content\/uploads\/2023\/08\/itma-3.jpg","type":"image\/jpeg"}],"author":"webmaster","twitter_card":"summary_large_image","twitter_misc":{"Escrit per":"webmaster","Temps estimat de lectura":"1 minut"},"schema":{"@context":"https:\/\/schema.org","@graph":[{"@type":"Article","@id":"https:\/\/amec.es\/ca\/croniques\/els-partners-d-amec-participen-en-una-jornada-dinnovacio-per-impulsar-la-col%c2%b7laboracio\/#article","isPartOf":{"@id":"https:\/\/amec.es\/ca\/croniques\/els-partners-d-amec-participen-en-una-jornada-dinnovacio-per-impulsar-la-col%c2%b7laboracio\/"},"author":{"name":"webmaster","@id":"https:\/\/amec.es\/#\/schema\/person\/377e1e145733915506a55297ad2fc830"},"headline":"Els partners d&#8217; amec participen en una jornada d&#8217;innovaci\u00f3 per impulsar la col\u00b7laboraci\u00f3","datePublished":"2022-04-28T05:01:18+00:00","mainEntityOfPage":{"@id":"https:\/\/amec.es\/ca\/croniques\/els-partners-d-amec-participen-en-una-jornada-dinnovacio-per-impulsar-la-col%c2%b7laboracio\/"},"wordCount":202,"commentCount":0,"publisher":{"@id":"https:\/\/amec.es\/#organization"},"image":{"@id":"https:\/\/amec.es\/ca\/croniques\/els-partners-d-amec-participen-en-una-jornada-dinnovacio-per-impulsar-la-col%c2%b7laboracio\/#primaryimage"},"thumbnailUrl":"https:\/\/amec.es\/wp-content\/uploads\/2023\/08\/itma-3.jpg","articleSection":["Cr\u00f2niques"],"inLanguage":"ca","potentialAction":[{"@type":"CommentAction","name":"Comment","target":["https:\/\/amec.es\/ca\/croniques\/els-partners-d-amec-participen-en-una-jornada-dinnovacio-per-impulsar-la-col%c2%b7laboracio\/#respond"]}]},{"@type":"WebPage","@id":"https:\/\/amec.es\/ca\/croniques\/els-partners-d-amec-participen-en-una-jornada-dinnovacio-per-impulsar-la-col%c2%b7laboracio\/","url":"https:\/\/amec.es\/ca\/croniques\/els-partners-d-amec-participen-en-una-jornada-dinnovacio-per-impulsar-la-col%c2%b7laboracio\/","name":"Els partners d' amec participen en una jornada d'innovaci\u00f3 per impulsar la col\u00b7laboraci\u00f3 | amec Positive Industry","isPartOf":{"@id":"https:\/\/amec.es\/#website"},"primaryImageOfPage":{"@id":"https:\/\/amec.es\/ca\/croniques\/els-partners-d-amec-participen-en-una-jornada-dinnovacio-per-impulsar-la-col%c2%b7laboracio\/#primaryimage"},"image":{"@id":"https:\/\/amec.es\/ca\/croniques\/els-partners-d-amec-participen-en-una-jornada-dinnovacio-per-impulsar-la-col%c2%b7laboracio\/#primaryimage"},"thumbnailUrl":"https:\/\/amec.es\/wp-content\/uploads\/2023\/08\/itma-3.jpg","datePublished":"2022-04-28T05:01:18+00:00","breadcrumb":{"@id":"https:\/\/amec.es\/ca\/croniques\/els-partners-d-amec-participen-en-una-jornada-dinnovacio-per-impulsar-la-col%c2%b7laboracio\/#breadcrumb"},"inLanguage":"ca","potentialAction":[{"@type":"ReadAction","target":["https:\/\/amec.es\/ca\/croniques\/els-partners-d-amec-participen-en-una-jornada-dinnovacio-per-impulsar-la-col%c2%b7laboracio\/"]}]},{"@type":"ImageObject","inLanguage":"ca","@id":"https:\/\/amec.es\/ca\/croniques\/els-partners-d-amec-participen-en-una-jornada-dinnovacio-per-impulsar-la-col%c2%b7laboracio\/#primaryimage","url":"https:\/\/amec.es\/wp-content\/uploads\/2023\/08\/itma-3.jpg","contentUrl":"https:\/\/amec.es\/wp-content\/uploads\/2023\/08\/itma-3.jpg","width":380,"height":225},{"@type":"BreadcrumbList","@id":"https:\/\/amec.es\/ca\/croniques\/els-partners-d-amec-participen-en-una-jornada-dinnovacio-per-impulsar-la-col%c2%b7laboracio\/#breadcrumb","itemListElement":[{"@type":"ListItem","position":1,"name":"Portada","item":"https:\/\/amec.es\/ca\/home-new\/"},{"@type":"ListItem","position":2,"name":"Els partners d&#8217; amec participen en una jornada d&#8217;innovaci\u00f3 per impulsar la col\u00b7laboraci\u00f3"}]},{"@type":"WebSite","@id":"https:\/\/amec.es\/#website","url":"https:\/\/amec.es\/","name":"amec Positive Industry","description":"","publisher":{"@id":"https:\/\/amec.es\/#organization"},"potentialAction":[{"@type":"SearchAction","target":{"@type":"EntryPoint","urlTemplate":"https:\/\/amec.es\/?s={search_term_string}"},"query-input":{"@type":"PropertyValueSpecification","valueRequired":true,"valueName":"search_term_string"}}],"inLanguage":"ca"},{"@type":"Organization","@id":"https:\/\/amec.es\/#organization","name":"amec Positive Industry","url":"https:\/\/amec.es\/","logo":{"@type":"ImageObject","inLanguage":"ca","@id":"https:\/\/amec.es\/#\/schema\/logo\/image\/","url":"https:\/\/amec.es\/wp-content\/uploads\/2023\/07\/logoamec.png","contentUrl":"https:\/\/amec.es\/wp-content\/uploads\/2023\/07\/logoamec.png","width":200,"height":48,"caption":"amec Positive Industry"},"image":{"@id":"https:\/\/amec.es\/#\/schema\/logo\/image\/"}},{"@type":"Person","@id":"https:\/\/amec.es\/#\/schema\/person\/377e1e145733915506a55297ad2fc830","name":"webmaster","image":{"@type":"ImageObject","inLanguage":"ca","@id":"https:\/\/secure.gravatar.com\/avatar\/1122ff7c82efe2079ddb19cd256fc39ab150caee9b258eeae8928e7f703c39f3?s=96&d=mm&r=g","url":"https:\/\/secure.gravatar.com\/avatar\/1122ff7c82efe2079ddb19cd256fc39ab150caee9b258eeae8928e7f703c39f3?s=96&d=mm&r=g","contentUrl":"https:\/\/secure.gravatar.com\/avatar\/1122ff7c82efe2079ddb19cd256fc39ab150caee9b258eeae8928e7f703c39f3?s=96&d=mm&r=g","caption":"webmaster"}}]}},"_links":{"self":[{"href":"https:\/\/amec.es\/ca\/wp-json\/wp\/v2\/posts\/6661","targetHints":{"allow":["GET"]}}],"collection":[{"href":"https:\/\/amec.es\/ca\/wp-json\/wp\/v2\/posts"}],"about":[{"href":"https:\/\/amec.es\/ca\/wp-json\/wp\/v2\/types\/post"}],"author":[{"embeddable":true,"href":"https:\/\/amec.es\/ca\/wp-json\/wp\/v2\/users\/1"}],"replies":[{"embeddable":true,"href":"https:\/\/amec.es\/ca\/wp-json\/wp\/v2\/comments?post=6661"}],"version-history":[{"count":0,"href":"https:\/\/amec.es\/ca\/wp-json\/wp\/v2\/posts\/6661\/revisions"}],"wp:featuredmedia":[{"embeddable":true,"href":"https:\/\/amec.es\/ca\/wp-json\/wp\/v2\/media\/5302"}],"wp:attachment":[{"href":"https:\/\/amec.es\/ca\/wp-json\/wp\/v2\/media?parent=6661"}],"wp:term":[{"taxonomy":"category","embeddable":true,"href":"https:\/\/amec.es\/ca\/wp-json\/wp\/v2\/categories?post=6661"},{"taxonomy":"post_tag","embeddable":true,"href":"https:\/\/amec.es\/ca\/wp-json\/wp\/v2\/tags?post=6661"}],"curies":[{"name":"wp","href":"https:\/\/api.w.org\/{rel}","templated":true}]}}