{"id":6662,"date":"2022-04-22T05:04:25","date_gmt":"2022-04-22T05:04:25","guid":{"rendered":"https:\/\/wecreatedesign.co\/dev\/WP\/amec\/?p=5311"},"modified":"2022-04-22T05:04:25","modified_gmt":"2022-04-22T05:04:25","slug":"amec-ambassador-partner-de-liot-solutions-world-congress-del-10-al-12-de-maig-a-barcelona","status":"publish","type":"post","link":"https:\/\/amec.es\/ca\/actualitat\/amec-ambassador-partner-de-liot-solutions-world-congress-del-10-al-12-de-maig-a-barcelona\/","title":{"rendered":"amec, ambassador partner de l&#8217;IOT Solutions World Congress del 10 al 12 de maig a Barcelona"},"content":{"rendered":"<h2>Tecnologies innovadores per a la transformaci\u00f3 de la ind\u00fastria<\/h2>\n<h2>\nUneix-te a nosaltres en viu a Barcelona! 10-12 MAIG 2022<\/h2>\n<p>&nbsp;<\/p>\n<p><img fetchpriority=\"high\" decoding=\"async\" src=\"http:\/\/wecreatedesign.co\/dev\/WP\/amec\/wp-content\/uploads\/2023\/03\/amec-banner-redim-w500-h500.jpg\" alt=\"AMEC-banner.jpg\" width=\"500\" height=\"500\" \/><\/p>\n<p>&nbsp;<\/p>\n<p>L&#8217;edici\u00f3 2022 de\u00a0<a href=\"https:\/\/www.iotsworldcongress.com\/\">IOTSWC\u00a0<\/a>exhibir\u00e0 solucions i tecnologies innovadores que estan alterant i transformant la ind\u00fastria i celebra els executius de negocis i tecnologia creant un poder\u00f3s avantatge competitiu. #IOTSWC22 \u00e9s on els l\u00edders, a tota l&#8217;organitzaci\u00f3, aprenen a navegar a la incertesa.<\/p>\n<p>&nbsp;<\/p>\n<p>Com a SOCI AMBAIXADOR de l&#8217;IOT Solutions World Congress tenim descomptes especials per a tu a trav\u00e9s de codis a disposici\u00f3 de la nostra Comunitat.<\/p>\n<p>&nbsp;<\/p>\n<p>La confer\u00e8ncia ofereix l&#8217;oportunitat d&#8217;entaular un di\u00e0leg amb l\u00edders que impulsen poderoses iniciatives d&#8217;innovaci\u00f3 digital i estan transformant la ind\u00fastria. Presentaci\u00f3 de casos d&#8217;\u00fas reals i contingut clau dels principals pioners i pioners del m\u00f3n.<\/p>\n<p>&nbsp;<\/p>\n<h1 class=\"center\"><a href=\"https:\/\/asocamec.sharepoint.com\/:u:\/g\/EUUix-eflYxEqjP9UfJ0hPYB7HvEqHIhVHldZ6DZqbuu8g?e=X293fq\">M\u00c9S INFORMACI\u00d3<\/a><\/h1>\n<p>&nbsp;<\/p>\n<p>Codis de descompte a la disposici\u00f3 de la Comunitat amec. Sol\u00b7licita&#8217;ls a: Al\u00edcia Miralles (amiralles@amec.es):<\/p>\n<ul>\n<li>100% descompte per a l&#8217;Expo + Pass<\/li>\n<li>50% descompte pel Full Congress Pass<\/li>\n<\/ul>\n<p>Si necessiteu consultar qu\u00e8 s&#8217;inclou a cada tipus d&#8217;Abonament, consulteu l&#8217;enlla\u00e7:\u00a0<a href=\"https:\/\/www.iotsworldcongress.com\/the-event\/visit-passes\/\">https:\/\/www.iotsworldcongress.com\/the-event\/visit-passes\/<\/a><\/p>\n","protected":false},"excerpt":{"rendered":"<p>Tecnologies innovadores per a la transformaci\u00f3 de la ind\u00fastria Uneix-te a nosaltres en viu a Barcelona! 10-12 MAIG 2022 &nbsp; &nbsp; L&#8217;edici\u00f3 2022 de\u00a0IOTSWC\u00a0exhibir\u00e0 solucions i tecnologies innovadores que estan alterant i transformant la ind\u00fastria i celebra els executius de negocis i tecnologia creant un poder\u00f3s avantatge competitiu. #IOTSWC22 \u00e9s on els l\u00edders, a tota [&hellip;]<\/p>\n","protected":false},"author":1,"featured_media":5312,"comment_status":"open","ping_status":"open","sticky":false,"template":"","format":"standard","meta":{"inline_featured_image":false,"footnotes":""},"categories":[27],"tags":[],"class_list":["post-6662","post","type-post","status-publish","format-standard","has-post-thumbnail","hentry","category-actualitat"],"yoast_head":"<!-- This site is optimized with the Yoast SEO plugin v27.3 - https:\/\/yoast.com\/product\/yoast-seo-wordpress\/ -->\n<title>amec, ambassador partner de l&#039;IOT Solutions World Congress del 10 al 12 de maig a Barcelona | amec Positive Industry<\/title>\n<meta name=\"robots\" content=\"index, follow, max-snippet:-1, max-image-preview:large, max-video-preview:-1\" \/>\n<link rel=\"canonical\" href=\"https:\/\/amec.es\/ca\/actualitat\/amec-ambassador-partner-de-liot-solutions-world-congress-del-10-al-12-de-maig-a-barcelona\/\" \/>\n<meta property=\"og:locale\" content=\"ca_ES\" \/>\n<meta property=\"og:type\" content=\"article\" \/>\n<meta property=\"og:title\" content=\"amec, ambassador partner de l&#039;IOT Solutions World Congress del 10 al 12 de maig a Barcelona | amec Positive Industry\" \/>\n<meta property=\"og:description\" content=\"Tecnologies innovadores per a la transformaci\u00f3 de la ind\u00fastria Uneix-te a nosaltres en viu a Barcelona! 10-12 MAIG 2022 &nbsp; &nbsp; L&#8217;edici\u00f3 2022 de\u00a0IOTSWC\u00a0exhibir\u00e0 solucions i tecnologies innovadores que estan alterant i transformant la ind\u00fastria i celebra els executius de negocis i tecnologia creant un poder\u00f3s avantatge competitiu. #IOTSWC22 \u00e9s on els l\u00edders, a tota [&hellip;]\" \/>\n<meta property=\"og:url\" content=\"https:\/\/amec.es\/ca\/actualitat\/amec-ambassador-partner-de-liot-solutions-world-congress-del-10-al-12-de-maig-a-barcelona\/\" \/>\n<meta property=\"og:site_name\" content=\"amec Positive Industry\" \/>\n<meta property=\"article:published_time\" content=\"2022-04-22T05:04:25+00:00\" \/>\n<meta property=\"og:image\" content=\"https:\/\/amec.es\/wp-content\/uploads\/2024\/02\/Logo_AMEC.png\" \/>\n\t<meta property=\"og:image:width\" content=\"1827\" \/>\n\t<meta property=\"og:image:height\" content=\"438\" \/>\n\t<meta property=\"og:image:type\" content=\"image\/png\" \/>\n<meta name=\"author\" content=\"webmaster\" \/>\n<meta name=\"twitter:card\" content=\"summary_large_image\" \/>\n<meta name=\"twitter:label1\" content=\"Escrit per\" \/>\n\t<meta name=\"twitter:data1\" content=\"webmaster\" \/>\n\t<meta name=\"twitter:label2\" content=\"Temps estimat de lectura\" \/>\n\t<meta name=\"twitter:data2\" content=\"1 minut\" \/>\n<script type=\"application\/ld+json\" class=\"yoast-schema-graph\">{\"@context\":\"https:\\\/\\\/schema.org\",\"@graph\":[{\"@type\":\"Article\",\"@id\":\"https:\\\/\\\/amec.es\\\/ca\\\/actualitat\\\/amec-ambassador-partner-de-liot-solutions-world-congress-del-10-al-12-de-maig-a-barcelona\\\/#article\",\"isPartOf\":{\"@id\":\"https:\\\/\\\/amec.es\\\/ca\\\/actualitat\\\/amec-ambassador-partner-de-liot-solutions-world-congress-del-10-al-12-de-maig-a-barcelona\\\/\"},\"author\":{\"name\":\"webmaster\",\"@id\":\"https:\\\/\\\/amec.es\\\/#\\\/schema\\\/person\\\/377e1e145733915506a55297ad2fc830\"},\"headline\":\"amec, ambassador partner de l&#8217;IOT Solutions World Congress del 10 al 12 de maig a Barcelona\",\"datePublished\":\"2022-04-22T05:04:25+00:00\",\"mainEntityOfPage\":{\"@id\":\"https:\\\/\\\/amec.es\\\/ca\\\/actualitat\\\/amec-ambassador-partner-de-liot-solutions-world-congress-del-10-al-12-de-maig-a-barcelona\\\/\"},\"wordCount\":212,\"commentCount\":0,\"publisher\":{\"@id\":\"https:\\\/\\\/amec.es\\\/#organization\"},\"image\":{\"@id\":\"https:\\\/\\\/amec.es\\\/ca\\\/actualitat\\\/amec-ambassador-partner-de-liot-solutions-world-congress-del-10-al-12-de-maig-a-barcelona\\\/#primaryimage\"},\"thumbnailUrl\":\"\",\"articleSection\":[\"Actualitat\"],\"inLanguage\":\"ca\",\"potentialAction\":[{\"@type\":\"CommentAction\",\"name\":\"Comment\",\"target\":[\"https:\\\/\\\/amec.es\\\/ca\\\/actualitat\\\/amec-ambassador-partner-de-liot-solutions-world-congress-del-10-al-12-de-maig-a-barcelona\\\/#respond\"]}]},{\"@type\":\"WebPage\",\"@id\":\"https:\\\/\\\/amec.es\\\/ca\\\/actualitat\\\/amec-ambassador-partner-de-liot-solutions-world-congress-del-10-al-12-de-maig-a-barcelona\\\/\",\"url\":\"https:\\\/\\\/amec.es\\\/ca\\\/actualitat\\\/amec-ambassador-partner-de-liot-solutions-world-congress-del-10-al-12-de-maig-a-barcelona\\\/\",\"name\":\"amec, ambassador partner de l'IOT Solutions World Congress del 10 al 12 de maig a Barcelona | amec Positive Industry\",\"isPartOf\":{\"@id\":\"https:\\\/\\\/amec.es\\\/#website\"},\"primaryImageOfPage\":{\"@id\":\"https:\\\/\\\/amec.es\\\/ca\\\/actualitat\\\/amec-ambassador-partner-de-liot-solutions-world-congress-del-10-al-12-de-maig-a-barcelona\\\/#primaryimage\"},\"image\":{\"@id\":\"https:\\\/\\\/amec.es\\\/ca\\\/actualitat\\\/amec-ambassador-partner-de-liot-solutions-world-congress-del-10-al-12-de-maig-a-barcelona\\\/#primaryimage\"},\"thumbnailUrl\":\"\",\"datePublished\":\"2022-04-22T05:04:25+00:00\",\"breadcrumb\":{\"@id\":\"https:\\\/\\\/amec.es\\\/ca\\\/actualitat\\\/amec-ambassador-partner-de-liot-solutions-world-congress-del-10-al-12-de-maig-a-barcelona\\\/#breadcrumb\"},\"inLanguage\":\"ca\",\"potentialAction\":[{\"@type\":\"ReadAction\",\"target\":[\"https:\\\/\\\/amec.es\\\/ca\\\/actualitat\\\/amec-ambassador-partner-de-liot-solutions-world-congress-del-10-al-12-de-maig-a-barcelona\\\/\"]}]},{\"@type\":\"ImageObject\",\"inLanguage\":\"ca\",\"@id\":\"https:\\\/\\\/amec.es\\\/ca\\\/actualitat\\\/amec-ambassador-partner-de-liot-solutions-world-congress-del-10-al-12-de-maig-a-barcelona\\\/#primaryimage\",\"url\":\"\",\"contentUrl\":\"\"},{\"@type\":\"BreadcrumbList\",\"@id\":\"https:\\\/\\\/amec.es\\\/ca\\\/actualitat\\\/amec-ambassador-partner-de-liot-solutions-world-congress-del-10-al-12-de-maig-a-barcelona\\\/#breadcrumb\",\"itemListElement\":[{\"@type\":\"ListItem\",\"position\":1,\"name\":\"Portada\",\"item\":\"https:\\\/\\\/amec.es\\\/ca\\\/home-new\\\/\"},{\"@type\":\"ListItem\",\"position\":2,\"name\":\"amec, ambassador partner de l&#8217;IOT Solutions World Congress del 10 al 12 de maig a Barcelona\"}]},{\"@type\":\"WebSite\",\"@id\":\"https:\\\/\\\/amec.es\\\/#website\",\"url\":\"https:\\\/\\\/amec.es\\\/\",\"name\":\"amec Positive Industry\",\"description\":\"\",\"publisher\":{\"@id\":\"https:\\\/\\\/amec.es\\\/#organization\"},\"potentialAction\":[{\"@type\":\"SearchAction\",\"target\":{\"@type\":\"EntryPoint\",\"urlTemplate\":\"https:\\\/\\\/amec.es\\\/?s={search_term_string}\"},\"query-input\":{\"@type\":\"PropertyValueSpecification\",\"valueRequired\":true,\"valueName\":\"search_term_string\"}}],\"inLanguage\":\"ca\"},{\"@type\":\"Organization\",\"@id\":\"https:\\\/\\\/amec.es\\\/#organization\",\"name\":\"amec Positive Industry\",\"url\":\"https:\\\/\\\/amec.es\\\/\",\"logo\":{\"@type\":\"ImageObject\",\"inLanguage\":\"ca\",\"@id\":\"https:\\\/\\\/amec.es\\\/#\\\/schema\\\/logo\\\/image\\\/\",\"url\":\"https:\\\/\\\/amec.es\\\/wp-content\\\/uploads\\\/2023\\\/07\\\/logoamec.png\",\"contentUrl\":\"https:\\\/\\\/amec.es\\\/wp-content\\\/uploads\\\/2023\\\/07\\\/logoamec.png\",\"width\":200,\"height\":48,\"caption\":\"amec Positive Industry\"},\"image\":{\"@id\":\"https:\\\/\\\/amec.es\\\/#\\\/schema\\\/logo\\\/image\\\/\"}},{\"@type\":\"Person\",\"@id\":\"https:\\\/\\\/amec.es\\\/#\\\/schema\\\/person\\\/377e1e145733915506a55297ad2fc830\",\"name\":\"webmaster\",\"image\":{\"@type\":\"ImageObject\",\"inLanguage\":\"ca\",\"@id\":\"https:\\\/\\\/secure.gravatar.com\\\/avatar\\\/1122ff7c82efe2079ddb19cd256fc39ab150caee9b258eeae8928e7f703c39f3?s=96&d=mm&r=g\",\"url\":\"https:\\\/\\\/secure.gravatar.com\\\/avatar\\\/1122ff7c82efe2079ddb19cd256fc39ab150caee9b258eeae8928e7f703c39f3?s=96&d=mm&r=g\",\"contentUrl\":\"https:\\\/\\\/secure.gravatar.com\\\/avatar\\\/1122ff7c82efe2079ddb19cd256fc39ab150caee9b258eeae8928e7f703c39f3?s=96&d=mm&r=g\",\"caption\":\"webmaster\"}}]}<\/script>\n<!-- \/ Yoast SEO plugin. -->","yoast_head_json":{"title":"amec, ambassador partner de l'IOT Solutions World Congress del 10 al 12 de maig a Barcelona | amec Positive Industry","robots":{"index":"index","follow":"follow","max-snippet":"max-snippet:-1","max-image-preview":"max-image-preview:large","max-video-preview":"max-video-preview:-1"},"canonical":"https:\/\/amec.es\/ca\/actualitat\/amec-ambassador-partner-de-liot-solutions-world-congress-del-10-al-12-de-maig-a-barcelona\/","og_locale":"ca_ES","og_type":"article","og_title":"amec, ambassador partner de l'IOT Solutions World Congress del 10 al 12 de maig a Barcelona | amec Positive Industry","og_description":"Tecnologies innovadores per a la transformaci\u00f3 de la ind\u00fastria Uneix-te a nosaltres en viu a Barcelona! 10-12 MAIG 2022 &nbsp; &nbsp; L&#8217;edici\u00f3 2022 de\u00a0IOTSWC\u00a0exhibir\u00e0 solucions i tecnologies innovadores que estan alterant i transformant la ind\u00fastria i celebra els executius de negocis i tecnologia creant un poder\u00f3s avantatge competitiu. #IOTSWC22 \u00e9s on els l\u00edders, a tota [&hellip;]","og_url":"https:\/\/amec.es\/ca\/actualitat\/amec-ambassador-partner-de-liot-solutions-world-congress-del-10-al-12-de-maig-a-barcelona\/","og_site_name":"amec Positive Industry","article_published_time":"2022-04-22T05:04:25+00:00","og_image":[{"width":1827,"height":438,"url":"https:\/\/amec.es\/wp-content\/uploads\/2024\/02\/Logo_AMEC.png","type":"image\/png"}],"author":"webmaster","twitter_card":"summary_large_image","twitter_misc":{"Escrit per":"webmaster","Temps estimat de lectura":"1 minut"},"schema":{"@context":"https:\/\/schema.org","@graph":[{"@type":"Article","@id":"https:\/\/amec.es\/ca\/actualitat\/amec-ambassador-partner-de-liot-solutions-world-congress-del-10-al-12-de-maig-a-barcelona\/#article","isPartOf":{"@id":"https:\/\/amec.es\/ca\/actualitat\/amec-ambassador-partner-de-liot-solutions-world-congress-del-10-al-12-de-maig-a-barcelona\/"},"author":{"name":"webmaster","@id":"https:\/\/amec.es\/#\/schema\/person\/377e1e145733915506a55297ad2fc830"},"headline":"amec, ambassador partner de l&#8217;IOT Solutions World Congress del 10 al 12 de maig a Barcelona","datePublished":"2022-04-22T05:04:25+00:00","mainEntityOfPage":{"@id":"https:\/\/amec.es\/ca\/actualitat\/amec-ambassador-partner-de-liot-solutions-world-congress-del-10-al-12-de-maig-a-barcelona\/"},"wordCount":212,"commentCount":0,"publisher":{"@id":"https:\/\/amec.es\/#organization"},"image":{"@id":"https:\/\/amec.es\/ca\/actualitat\/amec-ambassador-partner-de-liot-solutions-world-congress-del-10-al-12-de-maig-a-barcelona\/#primaryimage"},"thumbnailUrl":"","articleSection":["Actualitat"],"inLanguage":"ca","potentialAction":[{"@type":"CommentAction","name":"Comment","target":["https:\/\/amec.es\/ca\/actualitat\/amec-ambassador-partner-de-liot-solutions-world-congress-del-10-al-12-de-maig-a-barcelona\/#respond"]}]},{"@type":"WebPage","@id":"https:\/\/amec.es\/ca\/actualitat\/amec-ambassador-partner-de-liot-solutions-world-congress-del-10-al-12-de-maig-a-barcelona\/","url":"https:\/\/amec.es\/ca\/actualitat\/amec-ambassador-partner-de-liot-solutions-world-congress-del-10-al-12-de-maig-a-barcelona\/","name":"amec, ambassador partner de l'IOT Solutions World Congress del 10 al 12 de maig a Barcelona | amec Positive Industry","isPartOf":{"@id":"https:\/\/amec.es\/#website"},"primaryImageOfPage":{"@id":"https:\/\/amec.es\/ca\/actualitat\/amec-ambassador-partner-de-liot-solutions-world-congress-del-10-al-12-de-maig-a-barcelona\/#primaryimage"},"image":{"@id":"https:\/\/amec.es\/ca\/actualitat\/amec-ambassador-partner-de-liot-solutions-world-congress-del-10-al-12-de-maig-a-barcelona\/#primaryimage"},"thumbnailUrl":"","datePublished":"2022-04-22T05:04:25+00:00","breadcrumb":{"@id":"https:\/\/amec.es\/ca\/actualitat\/amec-ambassador-partner-de-liot-solutions-world-congress-del-10-al-12-de-maig-a-barcelona\/#breadcrumb"},"inLanguage":"ca","potentialAction":[{"@type":"ReadAction","target":["https:\/\/amec.es\/ca\/actualitat\/amec-ambassador-partner-de-liot-solutions-world-congress-del-10-al-12-de-maig-a-barcelona\/"]}]},{"@type":"ImageObject","inLanguage":"ca","@id":"https:\/\/amec.es\/ca\/actualitat\/amec-ambassador-partner-de-liot-solutions-world-congress-del-10-al-12-de-maig-a-barcelona\/#primaryimage","url":"","contentUrl":""},{"@type":"BreadcrumbList","@id":"https:\/\/amec.es\/ca\/actualitat\/amec-ambassador-partner-de-liot-solutions-world-congress-del-10-al-12-de-maig-a-barcelona\/#breadcrumb","itemListElement":[{"@type":"ListItem","position":1,"name":"Portada","item":"https:\/\/amec.es\/ca\/home-new\/"},{"@type":"ListItem","position":2,"name":"amec, ambassador partner de l&#8217;IOT Solutions World Congress del 10 al 12 de maig a Barcelona"}]},{"@type":"WebSite","@id":"https:\/\/amec.es\/#website","url":"https:\/\/amec.es\/","name":"amec Positive Industry","description":"","publisher":{"@id":"https:\/\/amec.es\/#organization"},"potentialAction":[{"@type":"SearchAction","target":{"@type":"EntryPoint","urlTemplate":"https:\/\/amec.es\/?s={search_term_string}"},"query-input":{"@type":"PropertyValueSpecification","valueRequired":true,"valueName":"search_term_string"}}],"inLanguage":"ca"},{"@type":"Organization","@id":"https:\/\/amec.es\/#organization","name":"amec Positive Industry","url":"https:\/\/amec.es\/","logo":{"@type":"ImageObject","inLanguage":"ca","@id":"https:\/\/amec.es\/#\/schema\/logo\/image\/","url":"https:\/\/amec.es\/wp-content\/uploads\/2023\/07\/logoamec.png","contentUrl":"https:\/\/amec.es\/wp-content\/uploads\/2023\/07\/logoamec.png","width":200,"height":48,"caption":"amec Positive Industry"},"image":{"@id":"https:\/\/amec.es\/#\/schema\/logo\/image\/"}},{"@type":"Person","@id":"https:\/\/amec.es\/#\/schema\/person\/377e1e145733915506a55297ad2fc830","name":"webmaster","image":{"@type":"ImageObject","inLanguage":"ca","@id":"https:\/\/secure.gravatar.com\/avatar\/1122ff7c82efe2079ddb19cd256fc39ab150caee9b258eeae8928e7f703c39f3?s=96&d=mm&r=g","url":"https:\/\/secure.gravatar.com\/avatar\/1122ff7c82efe2079ddb19cd256fc39ab150caee9b258eeae8928e7f703c39f3?s=96&d=mm&r=g","contentUrl":"https:\/\/secure.gravatar.com\/avatar\/1122ff7c82efe2079ddb19cd256fc39ab150caee9b258eeae8928e7f703c39f3?s=96&d=mm&r=g","caption":"webmaster"}}]}},"_links":{"self":[{"href":"https:\/\/amec.es\/ca\/wp-json\/wp\/v2\/posts\/6662","targetHints":{"allow":["GET"]}}],"collection":[{"href":"https:\/\/amec.es\/ca\/wp-json\/wp\/v2\/posts"}],"about":[{"href":"https:\/\/amec.es\/ca\/wp-json\/wp\/v2\/types\/post"}],"author":[{"embeddable":true,"href":"https:\/\/amec.es\/ca\/wp-json\/wp\/v2\/users\/1"}],"replies":[{"embeddable":true,"href":"https:\/\/amec.es\/ca\/wp-json\/wp\/v2\/comments?post=6662"}],"version-history":[{"count":0,"href":"https:\/\/amec.es\/ca\/wp-json\/wp\/v2\/posts\/6662\/revisions"}],"wp:featuredmedia":[{"embeddable":true,"href":"https:\/\/amec.es\/ca\/wp-json\/"}],"wp:attachment":[{"href":"https:\/\/amec.es\/ca\/wp-json\/wp\/v2\/media?parent=6662"}],"wp:term":[{"taxonomy":"category","embeddable":true,"href":"https:\/\/amec.es\/ca\/wp-json\/wp\/v2\/categories?post=6662"},{"taxonomy":"post_tag","embeddable":true,"href":"https:\/\/amec.es\/ca\/wp-json\/wp\/v2\/tags?post=6662"}],"curies":[{"name":"wp","href":"https:\/\/api.w.org\/{rel}","templated":true}]}}