{"id":6674,"date":"2022-04-01T07:17:19","date_gmt":"2022-04-01T07:17:19","guid":{"rendered":"https:\/\/wecreatedesign.co\/dev\/WP\/amec\/?p=5615"},"modified":"2022-04-01T07:17:19","modified_gmt":"2022-04-01T07:17:19","slug":"eficiencia-energetica-la-defensa-mes-potent-contra-laugment-dels-costos-energetics","status":"publish","type":"post","link":"https:\/\/amec.es\/ca\/articles-dexperts\/eficiencia-energetica-la-defensa-mes-potent-contra-laugment-dels-costos-energetics\/","title":{"rendered":"Efici\u00e8ncia energ\u00e8tica: la defensa m\u00e9s potent contra l&#8217;augment dels costos energ\u00e8tics"},"content":{"rendered":"<div class=\"amplada-pagina descripcion\">\n<p><strong>Pastilles o diagn\u00f2stic?<\/strong><\/p>\n<p>&nbsp;<\/p>\n<p>Imagini&#8217;s entrant a la consulta del metge per una malaltia. Abans que pugui articular paraula el metge li est\u00e9n a la m\u00e0 unes pastilles i li diu que marxi. \u00bfEs prendria aquestes pastilles?<\/p>\n<p>&nbsp;<\/p>\n<p>Doncs aquest exemple \u00e9s el que passa a moltes de les nostres ind\u00fastries a nivell energ\u00e8tic. Es prescriuen les mesures correctives abans de fer un estudi defici\u00e8ncia energ\u00e8tica. Estem parlant de mesures com ara: instal\u00b7laci\u00f3 d&#8217;energia solar fotovoltaica, compra de nous motors, canvi en les tecnologies d&#8217;il\u00b7luminaci\u00f3, traspassos de comercialitzadora el\u00e8ctrica\u2026 La majoria d&#8217;aquestes mesures s\u00f3n prescrites per un venedor i no per un assessor energ\u00e8tic independent. Pensa vost\u00e8 que objectivament \u00e9s el millor per a la seva ind\u00fastria?<\/p>\n<p>&nbsp;<\/p>\n<p><strong>L&#8217;energia barata a Espanya<\/strong><\/p>\n<p>&nbsp;<\/p>\n<p>Les empreses tenim el problema que, els costos energ\u00e8tics, si ja estaven disparats fa un any, ara ja estan assolint uns preus que perjudiquen el marge brut a uns nivells que, en el cas d&#8217;algunes ind\u00fastries electro intensives, ja suposa parades, ERTES o tancaments de plantes.<\/p>\n<p>&nbsp;<\/p>\n<p>Fixeu-vos la paradoxa: el 70% de la nostra producci\u00f3 el\u00e8ctrica nacional \u00e9s molt barata, es tracta del t\u00e0ndem format per renovables i nuclear. No obstant aix\u00f2, estem pagant l&#8217;electricitat a preu de gas, o com va passar el 23 de desembre de 2021, a preu d&#8217;hidr\u00e0ulica (407\u20ac\/MWh) nom\u00e9s perqu\u00e8 poden triar quan produir l&#8217;electricitat, i per tant, quan ja quin preu oferir per treure la m\u00e0xima rendibilitat.<\/p>\n<p>&nbsp;<\/p>\n<p>Aquest sistema, que en el seu moment va tenir sentit per fomentar la inversi\u00f3, ja est\u00e0 caduc i falta d&#8217;una reforma que esperem que arribi aviat. El contrari pot ser un desastre colossal per a la competitivitat de la ind\u00fastria i, per tant, de cadascuna de les PIMES i de les llars del nostre pa\u00eds.<\/p>\n<p>&nbsp;<\/p>\n<p>Com a industrials, tret de la pressi\u00f3 conjunta perqu\u00e8 aix\u00f2 canvi\u00ef, les nostres armes s\u00f3n clarament les que ens proporciona l&#8217;efici\u00e8ncia energ\u00e8tica. No s\u00f3n pocs els empresaris que ja han fet passos cap a l&#8217;optimitzaci\u00f3 del consum energ\u00e8tic a les seves ind\u00fastries, invertint perqu\u00e8 els seus processos puguin reduir al m\u00e0xim les emissions de CO2, cosa que implica necess\u00e0riament actuar a la part energ\u00e8tica. Tot i aix\u00f2, la realitat del conjunt de PIMES industrials \u00e9s que encara hi ha marge de millora.<\/p>\n<p>&nbsp;<\/p>\n<p><strong>Donar visibilitat al que no podem veure<\/strong><\/p>\n<p>&nbsp;<\/p>\n<p>Fer visible l&#8217;energia \u00e9s el primer pas per entendre qu\u00e8 passa. Quan deixem una aixeta d&#8217;aigua oberta podem veure com es malgasta aquest l\u00edquid, per\u00f2 si un motor de la nostra empresa est\u00e0 malbaratant energia, no hi ha manera de veure&#8217;l. Quan arriba la factura normalment ja \u00e9s molt tard i no ens queda cap altre remei que pagar. L&#8217;energia t\u00e9 l&#8217;inconvenient de ser invisible als nostres ulls.<\/p>\n<p>&nbsp;<\/p>\n<p>La digitalitzaci\u00f3 ve just a resoldre aquest problema fent comprensible all\u00f2 invisible. Podem monitoritzar el comptador el\u00e8ctric, les diferents l\u00ednies de l&#8217;empresa, m\u00e0quines de fred, climatitzaci\u00f3,<\/p>\n<p>il\u00b7luminaci\u00f3, aparells auxiliars, carregadors de vehicle el\u00e8ctric\u2026 i tenir KPIs associats a l&#8217;energia al nostre panell de comandament, de la mateixa manera que controlem les vendes o els costos de mat\u00e8ria primera.<\/p>\n<p>&nbsp;<\/p>\n<p>La digitalitzaci\u00f3 no ha de ser un proc\u00e9s complicat. Entendre la digitalitzaci\u00f3 com un proc\u00e9s complex ja hauria de ser una primera mesura per descartar un pla d&#8217;implantaci\u00f3. La integraci\u00f3 de sistemes ha de poder fer comprensible la informaci\u00f3 i actuar-hi. No volem informaci\u00f3 pel gust de tenir moltes dades. Volem dades per actuar r\u00e0pidament. Si no es compleix aquesta premissa, a la nostra companyia haur\u00edem de replantejar perqu\u00e8 hem invertit en TIC.<\/p>\n<p>&nbsp;<\/p>\n<p>Abans d&#8217;acceptar, per posar un exemple, una inversi\u00f3 solar fotovoltaica perqu\u00e8 estem espantats amb l&#8217;augment dels costos energ\u00e8tics, \u00e9s molt important fer una auditoria a mans d&#8217;un gestor energ\u00e8tic. Amb molt ser\u00e0 possiblement la part m\u00e9s econ\u00f2mica del proc\u00e9s, i moltes vegades la gran omesa. Mesurar, auditar i analitzar la informaci\u00f3 \u00e9s b\u00e0sic per entendre com poder estalviar energia. Parafrasejant Lord Kelvin, \u201cel que no es mesura no es pot millorar\u201d.<\/p>\n<p>&nbsp;<\/p>\n<p><strong>La figura del gestor energ\u00e8tic<\/strong><\/p>\n<p>&nbsp;<\/p>\n<p>En energia no hi sol haver un \u00fanic responsable. A moltes ind\u00fastries els rols es reparteixen entre el cap de manteniment, el financer i el responsable de sostenibilitat. El meu consell \u00e9s que es designi una \u00fanica persona (gestor energ\u00e8tic) per a aquesta comesa. Alg\u00fa que pugui reportar a la resta de departaments, per\u00f2 que pugui actuar i vetllar per la millora en l&#8217;efici\u00e8ncia energ\u00e8tica de la nostra ind\u00fastria.<\/p>\n<p>&nbsp;<\/p>\n<p>Aquesta persona ser\u00e0 l&#8217;encarregada, despr\u00e9s de parlar amb els diferents departaments, de poder establir un pla de millora i establir els KPIs i objectius necessaris per generar estalvi d&#8217;energia. Alg\u00fa que s&#8217;ajudar\u00e0 de la monitoritzaci\u00f3 per enviar KWh\/m2 a manteniment, CO2\/dia a sostenibilitat o \u20ac\/unit. produ\u00efda a financer.<\/p>\n<p>&nbsp;<\/p>\n<p>Establir aquestes r\u00e0tios ens donar\u00e0 una idea d&#8217;on som i on podem arribar en els anys seg\u00fcents. El gestor energ\u00e8tic \u00e9s qui s&#8217;encarregar\u00e0 d&#8217;obtenir-los, i el sistema d&#8217;informaci\u00f3 i monitoritzaci\u00f3, de la transpar\u00e8ncia i la immediatesa d&#8217;aquests.<\/p>\n<p>&nbsp;<\/p>\n<p>Just en aquest punt \u00e9s quan estarem en condicions de fer inversions Necessitem una fotovoltaica? Necessitem un nou motor? Necessitem fer canvis a la producci\u00f3?<\/p>\n<p>&nbsp;<\/p>\n<p><strong>Fotovoltaica<\/strong><\/p>\n<p>&nbsp;<\/p>\n<p>Com a professional que ha estat involucrat al sector fotovoltaic i al de la digitalitzaci\u00f3 energ\u00e8tica, no puc m\u00e9s que recomanar optar per aquesta font d&#8217;energia renovable. Per\u00f2, sigui com sigui? No. Al boom de la fotovoltaica que vivim \u00e9s clar que \u00e9s una molt bona mesura d&#8217;estalvi energ\u00e8tic, per\u00f2 de vegades veig com tota la inversi\u00f3 es posa a la instal\u00b7laci\u00f3 sense tenir en compte factors clau com el manteniment posterior. Hem de tenir en compte que la vida \u00fatil ha de ser de diverses d\u00e8cades, i per tant cal tenir en compte a l&#8217;hora de sol\u00b7licitar el pressupost aspectes com ara el control i la monitoritzaci\u00f3 per con\u00e8ixer el grau d&#8217;optimitzaci\u00f3 de la producci\u00f3, la revisi\u00f3 d&#8217;instal\u00b7lacions peri\u00f2diques , aspectes de garantia en cas de trencament\u2026<\/p>\n<p>Veurem moltes instal\u00b7lacions fallar en els propers anys, i \u00e9s la nostra responsabilitat contractar els millors prove\u00efdors, empreses que ens acompanyin, no nom\u00e9s en el proc\u00e9s d&#8217;instal\u00b7laci\u00f3, sin\u00f3 que ens ajudin a optimitzar els nostres processos de generaci\u00f3 i consum energ\u00e8tic permanentment. O vost\u00e8 deixaria de fer-se an\u00e0lisi de sang nom\u00e9s perqu\u00e8 al primer tots els indicadors li van sortir b\u00e9?<\/p>\n<p>&nbsp;<\/p>\n<p>&nbsp;<\/p>\n<p>&nbsp;<\/p>\n<p>&nbsp;<\/p>\n<p>Gerardo Salvador Comino \u00e9s enginyer de telecomunicaci\u00f3 amb 15 anys d&#8217;experi\u00e8ncia en: efici\u00e8ncia energ\u00e8tica, solar i digitalitzaci\u00f3. \u00c9s soci fundador de Seinon, Ecommaster i Nova Parsec. \u00c9s secretari de l&#8217;Associaci\u00f3 de Joves Empresaris d&#8217;Elx (Alacant), ha estat membre a la Comissi\u00f3 de Desenvolupament Sostenible de la CEOE i membre del Consell Directiu de l&#8217;Associaci\u00f3 d&#8217;Empreses d&#8217;Efici\u00e8ncia Energ\u00e8tica.<\/p>\n<p>Escriu sobre sostenibilitat i empreses a\u00a0<a href=\"https:\/\/gerardosalvador.com\/\">https:\/\/gerardosalvador.com<\/a><\/p>\n<p><a href=\"https:\/\/twitter.com\/GerardSalva\" target=\"_blank\" rel=\"noopener\">Twitter<\/a>\u00a0\/\u00a0<a href=\"https:\/\/www.linkedin.com\/in\/gerardosalvador\/\" target=\"_blank\" rel=\"noopener\">LinkedIn<\/a><\/p>\n<p>&nbsp;<\/p>\n<\/div>\n<div class=\"amplada-pagina experto\">Gerardo Salvador. Soci Fundador de Seinon<\/div>\n","protected":false},"excerpt":{"rendered":"<p>Pastilles o diagn\u00f2stic? Imagini&#8217;s entrant a la consulta del metge per una malaltia. Abans que pugui articular paraula el metge li est\u00e9n a la m\u00e0 unes pastilles i li diu que marxi. \u00bfEs prendria aquestes pastilles? Doncs aquest exemple \u00e9s&#8230;<\/p>\n","protected":false},"author":1,"featured_media":5620,"comment_status":"open","ping_status":"open","sticky":false,"template":"","format":"standard","meta":{"inline_featured_image":false,"footnotes":""},"categories":[29],"tags":[],"class_list":["post-6674","post","type-post","status-publish","format-standard","has-post-thumbnail","hentry","category-articles-dexperts"],"yoast_head":"<!-- This site is optimized with the Yoast SEO plugin v27.3 - https:\/\/yoast.com\/product\/yoast-seo-wordpress\/ -->\n<title>Efici\u00e8ncia energ\u00e8tica: la defensa m\u00e9s potent contra l&#039;augment dels costos energ\u00e8tics | amec Positive Industry<\/title>\n<meta name=\"robots\" content=\"index, follow, max-snippet:-1, max-image-preview:large, max-video-preview:-1\" \/>\n<link rel=\"canonical\" href=\"https:\/\/amec.es\/ca\/articles-dexperts\/eficiencia-energetica-la-defensa-mes-potent-contra-laugment-dels-costos-energetics\/\" \/>\n<meta property=\"og:locale\" content=\"ca_ES\" \/>\n<meta property=\"og:type\" content=\"article\" \/>\n<meta property=\"og:title\" content=\"Efici\u00e8ncia energ\u00e8tica: la defensa m\u00e9s potent contra l&#039;augment dels costos energ\u00e8tics | amec Positive Industry\" \/>\n<meta property=\"og:description\" content=\"Pastilles o diagn\u00f2stic? Imagini&#039;s entrant a la consulta del metge per una malaltia. Abans que pugui articular paraula el metge li est\u00e9n a la m\u00e0 unes pastilles i li diu que marxi. \u00bfEs prendria aquestes pastilles? Doncs aquest exemple \u00e9s...\" \/>\n<meta property=\"og:url\" content=\"https:\/\/amec.es\/ca\/articles-dexperts\/eficiencia-energetica-la-defensa-mes-potent-contra-laugment-dels-costos-energetics\/\" \/>\n<meta property=\"og:site_name\" content=\"amec Positive Industry\" \/>\n<meta property=\"article:published_time\" content=\"2022-04-01T07:17:19+00:00\" \/>\n<meta property=\"og:image\" content=\"https:\/\/amec.es\/wp-content\/uploads\/2024\/02\/Logo_AMEC.png\" \/>\n\t<meta property=\"og:image:width\" content=\"1827\" \/>\n\t<meta property=\"og:image:height\" content=\"438\" \/>\n\t<meta property=\"og:image:type\" content=\"image\/png\" \/>\n<meta name=\"author\" content=\"webmaster\" \/>\n<meta name=\"twitter:card\" content=\"summary_large_image\" \/>\n<meta name=\"twitter:label1\" content=\"Escrit per\" \/>\n\t<meta name=\"twitter:data1\" content=\"webmaster\" \/>\n\t<meta name=\"twitter:label2\" content=\"Temps estimat de lectura\" \/>\n\t<meta name=\"twitter:data2\" content=\"6 minuts\" \/>\n<script type=\"application\/ld+json\" class=\"yoast-schema-graph\">{\"@context\":\"https:\\\/\\\/schema.org\",\"@graph\":[{\"@type\":\"Article\",\"@id\":\"https:\\\/\\\/amec.es\\\/ca\\\/articles-dexperts\\\/eficiencia-energetica-la-defensa-mes-potent-contra-laugment-dels-costos-energetics\\\/#article\",\"isPartOf\":{\"@id\":\"https:\\\/\\\/amec.es\\\/ca\\\/articles-dexperts\\\/eficiencia-energetica-la-defensa-mes-potent-contra-laugment-dels-costos-energetics\\\/\"},\"author\":{\"name\":\"webmaster\",\"@id\":\"https:\\\/\\\/amec.es\\\/#\\\/schema\\\/person\\\/377e1e145733915506a55297ad2fc830\"},\"headline\":\"Efici\u00e8ncia energ\u00e8tica: la defensa m\u00e9s potent contra l&#8217;augment dels costos energ\u00e8tics\",\"datePublished\":\"2022-04-01T07:17:19+00:00\",\"mainEntityOfPage\":{\"@id\":\"https:\\\/\\\/amec.es\\\/ca\\\/articles-dexperts\\\/eficiencia-energetica-la-defensa-mes-potent-contra-laugment-dels-costos-energetics\\\/\"},\"wordCount\":1256,\"commentCount\":0,\"publisher\":{\"@id\":\"https:\\\/\\\/amec.es\\\/#organization\"},\"image\":{\"@id\":\"https:\\\/\\\/amec.es\\\/ca\\\/articles-dexperts\\\/eficiencia-energetica-la-defensa-mes-potent-contra-laugment-dels-costos-energetics\\\/#primaryimage\"},\"thumbnailUrl\":\"\",\"articleSection\":[\"Articles d'experts\"],\"inLanguage\":\"ca\",\"potentialAction\":[{\"@type\":\"CommentAction\",\"name\":\"Comment\",\"target\":[\"https:\\\/\\\/amec.es\\\/ca\\\/articles-dexperts\\\/eficiencia-energetica-la-defensa-mes-potent-contra-laugment-dels-costos-energetics\\\/#respond\"]}]},{\"@type\":\"WebPage\",\"@id\":\"https:\\\/\\\/amec.es\\\/ca\\\/articles-dexperts\\\/eficiencia-energetica-la-defensa-mes-potent-contra-laugment-dels-costos-energetics\\\/\",\"url\":\"https:\\\/\\\/amec.es\\\/ca\\\/articles-dexperts\\\/eficiencia-energetica-la-defensa-mes-potent-contra-laugment-dels-costos-energetics\\\/\",\"name\":\"Efici\u00e8ncia energ\u00e8tica: la defensa m\u00e9s potent contra l'augment dels costos energ\u00e8tics | amec Positive Industry\",\"isPartOf\":{\"@id\":\"https:\\\/\\\/amec.es\\\/#website\"},\"primaryImageOfPage\":{\"@id\":\"https:\\\/\\\/amec.es\\\/ca\\\/articles-dexperts\\\/eficiencia-energetica-la-defensa-mes-potent-contra-laugment-dels-costos-energetics\\\/#primaryimage\"},\"image\":{\"@id\":\"https:\\\/\\\/amec.es\\\/ca\\\/articles-dexperts\\\/eficiencia-energetica-la-defensa-mes-potent-contra-laugment-dels-costos-energetics\\\/#primaryimage\"},\"thumbnailUrl\":\"\",\"datePublished\":\"2022-04-01T07:17:19+00:00\",\"breadcrumb\":{\"@id\":\"https:\\\/\\\/amec.es\\\/ca\\\/articles-dexperts\\\/eficiencia-energetica-la-defensa-mes-potent-contra-laugment-dels-costos-energetics\\\/#breadcrumb\"},\"inLanguage\":\"ca\",\"potentialAction\":[{\"@type\":\"ReadAction\",\"target\":[\"https:\\\/\\\/amec.es\\\/ca\\\/articles-dexperts\\\/eficiencia-energetica-la-defensa-mes-potent-contra-laugment-dels-costos-energetics\\\/\"]}]},{\"@type\":\"ImageObject\",\"inLanguage\":\"ca\",\"@id\":\"https:\\\/\\\/amec.es\\\/ca\\\/articles-dexperts\\\/eficiencia-energetica-la-defensa-mes-potent-contra-laugment-dels-costos-energetics\\\/#primaryimage\",\"url\":\"\",\"contentUrl\":\"\"},{\"@type\":\"BreadcrumbList\",\"@id\":\"https:\\\/\\\/amec.es\\\/ca\\\/articles-dexperts\\\/eficiencia-energetica-la-defensa-mes-potent-contra-laugment-dels-costos-energetics\\\/#breadcrumb\",\"itemListElement\":[{\"@type\":\"ListItem\",\"position\":1,\"name\":\"Portada\",\"item\":\"https:\\\/\\\/amec.es\\\/ca\\\/home-new\\\/\"},{\"@type\":\"ListItem\",\"position\":2,\"name\":\"Efici\u00e8ncia energ\u00e8tica: la defensa m\u00e9s potent contra l&#8217;augment dels costos energ\u00e8tics\"}]},{\"@type\":\"WebSite\",\"@id\":\"https:\\\/\\\/amec.es\\\/#website\",\"url\":\"https:\\\/\\\/amec.es\\\/\",\"name\":\"amec Positive Industry\",\"description\":\"\",\"publisher\":{\"@id\":\"https:\\\/\\\/amec.es\\\/#organization\"},\"potentialAction\":[{\"@type\":\"SearchAction\",\"target\":{\"@type\":\"EntryPoint\",\"urlTemplate\":\"https:\\\/\\\/amec.es\\\/?s={search_term_string}\"},\"query-input\":{\"@type\":\"PropertyValueSpecification\",\"valueRequired\":true,\"valueName\":\"search_term_string\"}}],\"inLanguage\":\"ca\"},{\"@type\":\"Organization\",\"@id\":\"https:\\\/\\\/amec.es\\\/#organization\",\"name\":\"amec Positive Industry\",\"url\":\"https:\\\/\\\/amec.es\\\/\",\"logo\":{\"@type\":\"ImageObject\",\"inLanguage\":\"ca\",\"@id\":\"https:\\\/\\\/amec.es\\\/#\\\/schema\\\/logo\\\/image\\\/\",\"url\":\"https:\\\/\\\/amec.es\\\/wp-content\\\/uploads\\\/2023\\\/07\\\/logoamec.png\",\"contentUrl\":\"https:\\\/\\\/amec.es\\\/wp-content\\\/uploads\\\/2023\\\/07\\\/logoamec.png\",\"width\":200,\"height\":48,\"caption\":\"amec Positive Industry\"},\"image\":{\"@id\":\"https:\\\/\\\/amec.es\\\/#\\\/schema\\\/logo\\\/image\\\/\"}},{\"@type\":\"Person\",\"@id\":\"https:\\\/\\\/amec.es\\\/#\\\/schema\\\/person\\\/377e1e145733915506a55297ad2fc830\",\"name\":\"webmaster\",\"image\":{\"@type\":\"ImageObject\",\"inLanguage\":\"ca\",\"@id\":\"https:\\\/\\\/secure.gravatar.com\\\/avatar\\\/1122ff7c82efe2079ddb19cd256fc39ab150caee9b258eeae8928e7f703c39f3?s=96&d=mm&r=g\",\"url\":\"https:\\\/\\\/secure.gravatar.com\\\/avatar\\\/1122ff7c82efe2079ddb19cd256fc39ab150caee9b258eeae8928e7f703c39f3?s=96&d=mm&r=g\",\"contentUrl\":\"https:\\\/\\\/secure.gravatar.com\\\/avatar\\\/1122ff7c82efe2079ddb19cd256fc39ab150caee9b258eeae8928e7f703c39f3?s=96&d=mm&r=g\",\"caption\":\"webmaster\"}}]}<\/script>\n<!-- \/ Yoast SEO plugin. -->","yoast_head_json":{"title":"Efici\u00e8ncia energ\u00e8tica: la defensa m\u00e9s potent contra l'augment dels costos energ\u00e8tics | amec Positive Industry","robots":{"index":"index","follow":"follow","max-snippet":"max-snippet:-1","max-image-preview":"max-image-preview:large","max-video-preview":"max-video-preview:-1"},"canonical":"https:\/\/amec.es\/ca\/articles-dexperts\/eficiencia-energetica-la-defensa-mes-potent-contra-laugment-dels-costos-energetics\/","og_locale":"ca_ES","og_type":"article","og_title":"Efici\u00e8ncia energ\u00e8tica: la defensa m\u00e9s potent contra l'augment dels costos energ\u00e8tics | amec Positive Industry","og_description":"Pastilles o diagn\u00f2stic? Imagini's entrant a la consulta del metge per una malaltia. Abans que pugui articular paraula el metge li est\u00e9n a la m\u00e0 unes pastilles i li diu que marxi. \u00bfEs prendria aquestes pastilles? Doncs aquest exemple \u00e9s...","og_url":"https:\/\/amec.es\/ca\/articles-dexperts\/eficiencia-energetica-la-defensa-mes-potent-contra-laugment-dels-costos-energetics\/","og_site_name":"amec Positive Industry","article_published_time":"2022-04-01T07:17:19+00:00","og_image":[{"width":1827,"height":438,"url":"https:\/\/amec.es\/wp-content\/uploads\/2024\/02\/Logo_AMEC.png","type":"image\/png"}],"author":"webmaster","twitter_card":"summary_large_image","twitter_misc":{"Escrit per":"webmaster","Temps estimat de lectura":"6 minuts"},"schema":{"@context":"https:\/\/schema.org","@graph":[{"@type":"Article","@id":"https:\/\/amec.es\/ca\/articles-dexperts\/eficiencia-energetica-la-defensa-mes-potent-contra-laugment-dels-costos-energetics\/#article","isPartOf":{"@id":"https:\/\/amec.es\/ca\/articles-dexperts\/eficiencia-energetica-la-defensa-mes-potent-contra-laugment-dels-costos-energetics\/"},"author":{"name":"webmaster","@id":"https:\/\/amec.es\/#\/schema\/person\/377e1e145733915506a55297ad2fc830"},"headline":"Efici\u00e8ncia energ\u00e8tica: la defensa m\u00e9s potent contra l&#8217;augment dels costos energ\u00e8tics","datePublished":"2022-04-01T07:17:19+00:00","mainEntityOfPage":{"@id":"https:\/\/amec.es\/ca\/articles-dexperts\/eficiencia-energetica-la-defensa-mes-potent-contra-laugment-dels-costos-energetics\/"},"wordCount":1256,"commentCount":0,"publisher":{"@id":"https:\/\/amec.es\/#organization"},"image":{"@id":"https:\/\/amec.es\/ca\/articles-dexperts\/eficiencia-energetica-la-defensa-mes-potent-contra-laugment-dels-costos-energetics\/#primaryimage"},"thumbnailUrl":"","articleSection":["Articles d'experts"],"inLanguage":"ca","potentialAction":[{"@type":"CommentAction","name":"Comment","target":["https:\/\/amec.es\/ca\/articles-dexperts\/eficiencia-energetica-la-defensa-mes-potent-contra-laugment-dels-costos-energetics\/#respond"]}]},{"@type":"WebPage","@id":"https:\/\/amec.es\/ca\/articles-dexperts\/eficiencia-energetica-la-defensa-mes-potent-contra-laugment-dels-costos-energetics\/","url":"https:\/\/amec.es\/ca\/articles-dexperts\/eficiencia-energetica-la-defensa-mes-potent-contra-laugment-dels-costos-energetics\/","name":"Efici\u00e8ncia energ\u00e8tica: la defensa m\u00e9s potent contra l'augment dels costos energ\u00e8tics | amec Positive Industry","isPartOf":{"@id":"https:\/\/amec.es\/#website"},"primaryImageOfPage":{"@id":"https:\/\/amec.es\/ca\/articles-dexperts\/eficiencia-energetica-la-defensa-mes-potent-contra-laugment-dels-costos-energetics\/#primaryimage"},"image":{"@id":"https:\/\/amec.es\/ca\/articles-dexperts\/eficiencia-energetica-la-defensa-mes-potent-contra-laugment-dels-costos-energetics\/#primaryimage"},"thumbnailUrl":"","datePublished":"2022-04-01T07:17:19+00:00","breadcrumb":{"@id":"https:\/\/amec.es\/ca\/articles-dexperts\/eficiencia-energetica-la-defensa-mes-potent-contra-laugment-dels-costos-energetics\/#breadcrumb"},"inLanguage":"ca","potentialAction":[{"@type":"ReadAction","target":["https:\/\/amec.es\/ca\/articles-dexperts\/eficiencia-energetica-la-defensa-mes-potent-contra-laugment-dels-costos-energetics\/"]}]},{"@type":"ImageObject","inLanguage":"ca","@id":"https:\/\/amec.es\/ca\/articles-dexperts\/eficiencia-energetica-la-defensa-mes-potent-contra-laugment-dels-costos-energetics\/#primaryimage","url":"","contentUrl":""},{"@type":"BreadcrumbList","@id":"https:\/\/amec.es\/ca\/articles-dexperts\/eficiencia-energetica-la-defensa-mes-potent-contra-laugment-dels-costos-energetics\/#breadcrumb","itemListElement":[{"@type":"ListItem","position":1,"name":"Portada","item":"https:\/\/amec.es\/ca\/home-new\/"},{"@type":"ListItem","position":2,"name":"Efici\u00e8ncia energ\u00e8tica: la defensa m\u00e9s potent contra l&#8217;augment dels costos energ\u00e8tics"}]},{"@type":"WebSite","@id":"https:\/\/amec.es\/#website","url":"https:\/\/amec.es\/","name":"amec Positive Industry","description":"","publisher":{"@id":"https:\/\/amec.es\/#organization"},"potentialAction":[{"@type":"SearchAction","target":{"@type":"EntryPoint","urlTemplate":"https:\/\/amec.es\/?s={search_term_string}"},"query-input":{"@type":"PropertyValueSpecification","valueRequired":true,"valueName":"search_term_string"}}],"inLanguage":"ca"},{"@type":"Organization","@id":"https:\/\/amec.es\/#organization","name":"amec Positive Industry","url":"https:\/\/amec.es\/","logo":{"@type":"ImageObject","inLanguage":"ca","@id":"https:\/\/amec.es\/#\/schema\/logo\/image\/","url":"https:\/\/amec.es\/wp-content\/uploads\/2023\/07\/logoamec.png","contentUrl":"https:\/\/amec.es\/wp-content\/uploads\/2023\/07\/logoamec.png","width":200,"height":48,"caption":"amec Positive Industry"},"image":{"@id":"https:\/\/amec.es\/#\/schema\/logo\/image\/"}},{"@type":"Person","@id":"https:\/\/amec.es\/#\/schema\/person\/377e1e145733915506a55297ad2fc830","name":"webmaster","image":{"@type":"ImageObject","inLanguage":"ca","@id":"https:\/\/secure.gravatar.com\/avatar\/1122ff7c82efe2079ddb19cd256fc39ab150caee9b258eeae8928e7f703c39f3?s=96&d=mm&r=g","url":"https:\/\/secure.gravatar.com\/avatar\/1122ff7c82efe2079ddb19cd256fc39ab150caee9b258eeae8928e7f703c39f3?s=96&d=mm&r=g","contentUrl":"https:\/\/secure.gravatar.com\/avatar\/1122ff7c82efe2079ddb19cd256fc39ab150caee9b258eeae8928e7f703c39f3?s=96&d=mm&r=g","caption":"webmaster"}}]}},"_links":{"self":[{"href":"https:\/\/amec.es\/ca\/wp-json\/wp\/v2\/posts\/6674","targetHints":{"allow":["GET"]}}],"collection":[{"href":"https:\/\/amec.es\/ca\/wp-json\/wp\/v2\/posts"}],"about":[{"href":"https:\/\/amec.es\/ca\/wp-json\/wp\/v2\/types\/post"}],"author":[{"embeddable":true,"href":"https:\/\/amec.es\/ca\/wp-json\/wp\/v2\/users\/1"}],"replies":[{"embeddable":true,"href":"https:\/\/amec.es\/ca\/wp-json\/wp\/v2\/comments?post=6674"}],"version-history":[{"count":0,"href":"https:\/\/amec.es\/ca\/wp-json\/wp\/v2\/posts\/6674\/revisions"}],"wp:featuredmedia":[{"embeddable":true,"href":"https:\/\/amec.es\/ca\/wp-json\/"}],"wp:attachment":[{"href":"https:\/\/amec.es\/ca\/wp-json\/wp\/v2\/media?parent=6674"}],"wp:term":[{"taxonomy":"category","embeddable":true,"href":"https:\/\/amec.es\/ca\/wp-json\/wp\/v2\/categories?post=6674"},{"taxonomy":"post_tag","embeddable":true,"href":"https:\/\/amec.es\/ca\/wp-json\/wp\/v2\/tags?post=6674"}],"curies":[{"name":"wp","href":"https:\/\/api.w.org\/{rel}","templated":true}]}}