{"id":6678,"date":"2022-06-01T05:21:18","date_gmt":"2022-06-01T05:21:18","guid":{"rendered":"https:\/\/wecreatedesign.co\/dev\/WP\/amec\/?p=5359"},"modified":"2022-06-01T05:21:18","modified_gmt":"2022-06-01T05:21:18","slug":"amec-sadhereix-al-pacte-per-la-moda-circular","status":"publish","type":"post","link":"https:\/\/amec.es\/ca\/actualitat\/amec-sadhereix-al-pacte-per-la-moda-circular\/","title":{"rendered":"amec s&#8217;adhereix al Pacte per la Moda Circular"},"content":{"rendered":"<p>Aquesta setmana s&#8217;ha presentat el Pacte per la Moda Circular, al qual amec est\u00e0 adherida, representant les empreses fabricants de maquin\u00e0ria t\u00e8xtil. A l&#8217;acte hi han assistit el president d&#8217;amec amtex, \u00d2scar Rius, i Jos\u00e9 Luis Gonz\u00e1lez, Key Account Manager d&#8217;amec.<\/p>\n<p>&nbsp;<\/p>\n<p>En un moment en qu\u00e8 s&#8217;estan definint mesures decisives per frenar l&#8217;impacte de la crisi clim\u00e0tica i avan\u00e7ar en l&#8217;economia circular, i despr\u00e9s d&#8217;un ampli proc\u00e9s de di\u00e0leg i consens, neix aquest pacte voluntari entre institucions i empreses de les diferents baules de la cadena de valor t\u00e8xtil de Catalunya que facilitar\u00e0 la incorporaci\u00f3 de mesures de circularitat, impuls de projectes col\u00b7laboratius i millora de la competitivitat del sector.<\/p>\n<p>Es tracta d&#8217;una iniciativa pionera i innovadora impulsada per empreses, organitzacions i administraci\u00f3, entre elles l&#8217;Ag\u00e8ncia Catalana de Residus, Texfor i Eurecat. Una nova mostra de la import\u00e0ncia de la col\u00b7laboraci\u00f3 per llaurar un millor futur!<\/p>\n","protected":false},"excerpt":{"rendered":"<p>Aquesta setmana s&#8217;ha presentat el Pacte per la Moda Circular, al qual amec est\u00e0 adherida, representant les empreses fabricants de maquin\u00e0ria t\u00e8xtil. A l&#8217;acte hi han assistit el president d&#8217;amec amtex, \u00d2scar Rius, i Jos\u00e9 Luis Gonz\u00e1lez, Key Account Manager d&#8217;amec. &nbsp; En un moment en qu\u00e8 s&#8217;estan definint mesures decisives per frenar l&#8217;impacte de [&hellip;]<\/p>\n","protected":false},"author":1,"featured_media":5363,"comment_status":"open","ping_status":"open","sticky":false,"template":"","format":"standard","meta":{"inline_featured_image":false,"footnotes":""},"categories":[27],"tags":[],"class_list":["post-6678","post","type-post","status-publish","format-standard","has-post-thumbnail","hentry","category-actualitat"],"yoast_head":"<!-- This site is optimized with the Yoast SEO plugin v27.3 - https:\/\/yoast.com\/product\/yoast-seo-wordpress\/ -->\n<title>amec s&#039;adhereix al Pacte per la Moda Circular | amec Positive Industry<\/title>\n<meta name=\"robots\" content=\"index, follow, max-snippet:-1, max-image-preview:large, max-video-preview:-1\" \/>\n<link rel=\"canonical\" href=\"https:\/\/amec.es\/ca\/actualitat\/amec-sadhereix-al-pacte-per-la-moda-circular\/\" \/>\n<meta property=\"og:locale\" content=\"ca_ES\" \/>\n<meta property=\"og:type\" content=\"article\" \/>\n<meta property=\"og:title\" content=\"amec s&#039;adhereix al Pacte per la Moda Circular | amec Positive Industry\" \/>\n<meta property=\"og:description\" content=\"Aquesta setmana s&#8217;ha presentat el Pacte per la Moda Circular, al qual amec est\u00e0 adherida, representant les empreses fabricants de maquin\u00e0ria t\u00e8xtil. A l&#8217;acte hi han assistit el president d&#8217;amec amtex, \u00d2scar Rius, i Jos\u00e9 Luis Gonz\u00e1lez, Key Account Manager d&#8217;amec. &nbsp; En un moment en qu\u00e8 s&#8217;estan definint mesures decisives per frenar l&#8217;impacte de [&hellip;]\" \/>\n<meta property=\"og:url\" content=\"https:\/\/amec.es\/ca\/actualitat\/amec-sadhereix-al-pacte-per-la-moda-circular\/\" \/>\n<meta property=\"og:site_name\" content=\"amec Positive Industry\" \/>\n<meta property=\"article:published_time\" content=\"2022-06-01T05:21:18+00:00\" \/>\n<meta property=\"og:image\" content=\"https:\/\/amec.es\/wp-content\/uploads\/2024\/02\/Logo_AMEC.png\" \/>\n\t<meta property=\"og:image:width\" content=\"1827\" \/>\n\t<meta property=\"og:image:height\" content=\"438\" \/>\n\t<meta property=\"og:image:type\" content=\"image\/png\" \/>\n<meta name=\"author\" content=\"webmaster\" \/>\n<meta name=\"twitter:card\" content=\"summary_large_image\" \/>\n<meta name=\"twitter:label1\" content=\"Escrit per\" \/>\n\t<meta name=\"twitter:data1\" content=\"webmaster\" \/>\n\t<meta name=\"twitter:label2\" content=\"Temps estimat de lectura\" \/>\n\t<meta name=\"twitter:data2\" content=\"1 minut\" \/>\n<script type=\"application\/ld+json\" class=\"yoast-schema-graph\">{\"@context\":\"https:\\\/\\\/schema.org\",\"@graph\":[{\"@type\":\"Article\",\"@id\":\"https:\\\/\\\/amec.es\\\/ca\\\/actualitat\\\/amec-sadhereix-al-pacte-per-la-moda-circular\\\/#article\",\"isPartOf\":{\"@id\":\"https:\\\/\\\/amec.es\\\/ca\\\/actualitat\\\/amec-sadhereix-al-pacte-per-la-moda-circular\\\/\"},\"author\":{\"name\":\"webmaster\",\"@id\":\"https:\\\/\\\/amec.es\\\/#\\\/schema\\\/person\\\/377e1e145733915506a55297ad2fc830\"},\"headline\":\"amec s&#8217;adhereix al Pacte per la Moda Circular\",\"datePublished\":\"2022-06-01T05:21:18+00:00\",\"mainEntityOfPage\":{\"@id\":\"https:\\\/\\\/amec.es\\\/ca\\\/actualitat\\\/amec-sadhereix-al-pacte-per-la-moda-circular\\\/\"},\"wordCount\":179,\"commentCount\":0,\"publisher\":{\"@id\":\"https:\\\/\\\/amec.es\\\/#organization\"},\"image\":{\"@id\":\"https:\\\/\\\/amec.es\\\/ca\\\/actualitat\\\/amec-sadhereix-al-pacte-per-la-moda-circular\\\/#primaryimage\"},\"thumbnailUrl\":\"\",\"articleSection\":[\"Actualitat\"],\"inLanguage\":\"ca\",\"potentialAction\":[{\"@type\":\"CommentAction\",\"name\":\"Comment\",\"target\":[\"https:\\\/\\\/amec.es\\\/ca\\\/actualitat\\\/amec-sadhereix-al-pacte-per-la-moda-circular\\\/#respond\"]}]},{\"@type\":\"WebPage\",\"@id\":\"https:\\\/\\\/amec.es\\\/ca\\\/actualitat\\\/amec-sadhereix-al-pacte-per-la-moda-circular\\\/\",\"url\":\"https:\\\/\\\/amec.es\\\/ca\\\/actualitat\\\/amec-sadhereix-al-pacte-per-la-moda-circular\\\/\",\"name\":\"amec s'adhereix al Pacte per la Moda Circular | amec Positive Industry\",\"isPartOf\":{\"@id\":\"https:\\\/\\\/amec.es\\\/#website\"},\"primaryImageOfPage\":{\"@id\":\"https:\\\/\\\/amec.es\\\/ca\\\/actualitat\\\/amec-sadhereix-al-pacte-per-la-moda-circular\\\/#primaryimage\"},\"image\":{\"@id\":\"https:\\\/\\\/amec.es\\\/ca\\\/actualitat\\\/amec-sadhereix-al-pacte-per-la-moda-circular\\\/#primaryimage\"},\"thumbnailUrl\":\"\",\"datePublished\":\"2022-06-01T05:21:18+00:00\",\"breadcrumb\":{\"@id\":\"https:\\\/\\\/amec.es\\\/ca\\\/actualitat\\\/amec-sadhereix-al-pacte-per-la-moda-circular\\\/#breadcrumb\"},\"inLanguage\":\"ca\",\"potentialAction\":[{\"@type\":\"ReadAction\",\"target\":[\"https:\\\/\\\/amec.es\\\/ca\\\/actualitat\\\/amec-sadhereix-al-pacte-per-la-moda-circular\\\/\"]}]},{\"@type\":\"ImageObject\",\"inLanguage\":\"ca\",\"@id\":\"https:\\\/\\\/amec.es\\\/ca\\\/actualitat\\\/amec-sadhereix-al-pacte-per-la-moda-circular\\\/#primaryimage\",\"url\":\"\",\"contentUrl\":\"\"},{\"@type\":\"BreadcrumbList\",\"@id\":\"https:\\\/\\\/amec.es\\\/ca\\\/actualitat\\\/amec-sadhereix-al-pacte-per-la-moda-circular\\\/#breadcrumb\",\"itemListElement\":[{\"@type\":\"ListItem\",\"position\":1,\"name\":\"Portada\",\"item\":\"https:\\\/\\\/amec.es\\\/ca\\\/home-new\\\/\"},{\"@type\":\"ListItem\",\"position\":2,\"name\":\"amec s&#8217;adhereix al Pacte per la Moda Circular\"}]},{\"@type\":\"WebSite\",\"@id\":\"https:\\\/\\\/amec.es\\\/#website\",\"url\":\"https:\\\/\\\/amec.es\\\/\",\"name\":\"amec Positive Industry\",\"description\":\"\",\"publisher\":{\"@id\":\"https:\\\/\\\/amec.es\\\/#organization\"},\"potentialAction\":[{\"@type\":\"SearchAction\",\"target\":{\"@type\":\"EntryPoint\",\"urlTemplate\":\"https:\\\/\\\/amec.es\\\/?s={search_term_string}\"},\"query-input\":{\"@type\":\"PropertyValueSpecification\",\"valueRequired\":true,\"valueName\":\"search_term_string\"}}],\"inLanguage\":\"ca\"},{\"@type\":\"Organization\",\"@id\":\"https:\\\/\\\/amec.es\\\/#organization\",\"name\":\"amec Positive Industry\",\"url\":\"https:\\\/\\\/amec.es\\\/\",\"logo\":{\"@type\":\"ImageObject\",\"inLanguage\":\"ca\",\"@id\":\"https:\\\/\\\/amec.es\\\/#\\\/schema\\\/logo\\\/image\\\/\",\"url\":\"https:\\\/\\\/amec.es\\\/wp-content\\\/uploads\\\/2023\\\/07\\\/logoamec.png\",\"contentUrl\":\"https:\\\/\\\/amec.es\\\/wp-content\\\/uploads\\\/2023\\\/07\\\/logoamec.png\",\"width\":200,\"height\":48,\"caption\":\"amec Positive Industry\"},\"image\":{\"@id\":\"https:\\\/\\\/amec.es\\\/#\\\/schema\\\/logo\\\/image\\\/\"}},{\"@type\":\"Person\",\"@id\":\"https:\\\/\\\/amec.es\\\/#\\\/schema\\\/person\\\/377e1e145733915506a55297ad2fc830\",\"name\":\"webmaster\",\"image\":{\"@type\":\"ImageObject\",\"inLanguage\":\"ca\",\"@id\":\"https:\\\/\\\/secure.gravatar.com\\\/avatar\\\/1122ff7c82efe2079ddb19cd256fc39ab150caee9b258eeae8928e7f703c39f3?s=96&d=mm&r=g\",\"url\":\"https:\\\/\\\/secure.gravatar.com\\\/avatar\\\/1122ff7c82efe2079ddb19cd256fc39ab150caee9b258eeae8928e7f703c39f3?s=96&d=mm&r=g\",\"contentUrl\":\"https:\\\/\\\/secure.gravatar.com\\\/avatar\\\/1122ff7c82efe2079ddb19cd256fc39ab150caee9b258eeae8928e7f703c39f3?s=96&d=mm&r=g\",\"caption\":\"webmaster\"}}]}<\/script>\n<!-- \/ Yoast SEO plugin. -->","yoast_head_json":{"title":"amec s'adhereix al Pacte per la Moda Circular | amec Positive Industry","robots":{"index":"index","follow":"follow","max-snippet":"max-snippet:-1","max-image-preview":"max-image-preview:large","max-video-preview":"max-video-preview:-1"},"canonical":"https:\/\/amec.es\/ca\/actualitat\/amec-sadhereix-al-pacte-per-la-moda-circular\/","og_locale":"ca_ES","og_type":"article","og_title":"amec s'adhereix al Pacte per la Moda Circular | amec Positive Industry","og_description":"Aquesta setmana s&#8217;ha presentat el Pacte per la Moda Circular, al qual amec est\u00e0 adherida, representant les empreses fabricants de maquin\u00e0ria t\u00e8xtil. A l&#8217;acte hi han assistit el president d&#8217;amec amtex, \u00d2scar Rius, i Jos\u00e9 Luis Gonz\u00e1lez, Key Account Manager d&#8217;amec. &nbsp; En un moment en qu\u00e8 s&#8217;estan definint mesures decisives per frenar l&#8217;impacte de [&hellip;]","og_url":"https:\/\/amec.es\/ca\/actualitat\/amec-sadhereix-al-pacte-per-la-moda-circular\/","og_site_name":"amec Positive Industry","article_published_time":"2022-06-01T05:21:18+00:00","og_image":[{"width":1827,"height":438,"url":"https:\/\/amec.es\/wp-content\/uploads\/2024\/02\/Logo_AMEC.png","type":"image\/png"}],"author":"webmaster","twitter_card":"summary_large_image","twitter_misc":{"Escrit per":"webmaster","Temps estimat de lectura":"1 minut"},"schema":{"@context":"https:\/\/schema.org","@graph":[{"@type":"Article","@id":"https:\/\/amec.es\/ca\/actualitat\/amec-sadhereix-al-pacte-per-la-moda-circular\/#article","isPartOf":{"@id":"https:\/\/amec.es\/ca\/actualitat\/amec-sadhereix-al-pacte-per-la-moda-circular\/"},"author":{"name":"webmaster","@id":"https:\/\/amec.es\/#\/schema\/person\/377e1e145733915506a55297ad2fc830"},"headline":"amec s&#8217;adhereix al Pacte per la Moda Circular","datePublished":"2022-06-01T05:21:18+00:00","mainEntityOfPage":{"@id":"https:\/\/amec.es\/ca\/actualitat\/amec-sadhereix-al-pacte-per-la-moda-circular\/"},"wordCount":179,"commentCount":0,"publisher":{"@id":"https:\/\/amec.es\/#organization"},"image":{"@id":"https:\/\/amec.es\/ca\/actualitat\/amec-sadhereix-al-pacte-per-la-moda-circular\/#primaryimage"},"thumbnailUrl":"","articleSection":["Actualitat"],"inLanguage":"ca","potentialAction":[{"@type":"CommentAction","name":"Comment","target":["https:\/\/amec.es\/ca\/actualitat\/amec-sadhereix-al-pacte-per-la-moda-circular\/#respond"]}]},{"@type":"WebPage","@id":"https:\/\/amec.es\/ca\/actualitat\/amec-sadhereix-al-pacte-per-la-moda-circular\/","url":"https:\/\/amec.es\/ca\/actualitat\/amec-sadhereix-al-pacte-per-la-moda-circular\/","name":"amec s'adhereix al Pacte per la Moda Circular | amec Positive Industry","isPartOf":{"@id":"https:\/\/amec.es\/#website"},"primaryImageOfPage":{"@id":"https:\/\/amec.es\/ca\/actualitat\/amec-sadhereix-al-pacte-per-la-moda-circular\/#primaryimage"},"image":{"@id":"https:\/\/amec.es\/ca\/actualitat\/amec-sadhereix-al-pacte-per-la-moda-circular\/#primaryimage"},"thumbnailUrl":"","datePublished":"2022-06-01T05:21:18+00:00","breadcrumb":{"@id":"https:\/\/amec.es\/ca\/actualitat\/amec-sadhereix-al-pacte-per-la-moda-circular\/#breadcrumb"},"inLanguage":"ca","potentialAction":[{"@type":"ReadAction","target":["https:\/\/amec.es\/ca\/actualitat\/amec-sadhereix-al-pacte-per-la-moda-circular\/"]}]},{"@type":"ImageObject","inLanguage":"ca","@id":"https:\/\/amec.es\/ca\/actualitat\/amec-sadhereix-al-pacte-per-la-moda-circular\/#primaryimage","url":"","contentUrl":""},{"@type":"BreadcrumbList","@id":"https:\/\/amec.es\/ca\/actualitat\/amec-sadhereix-al-pacte-per-la-moda-circular\/#breadcrumb","itemListElement":[{"@type":"ListItem","position":1,"name":"Portada","item":"https:\/\/amec.es\/ca\/home-new\/"},{"@type":"ListItem","position":2,"name":"amec s&#8217;adhereix al Pacte per la Moda Circular"}]},{"@type":"WebSite","@id":"https:\/\/amec.es\/#website","url":"https:\/\/amec.es\/","name":"amec Positive Industry","description":"","publisher":{"@id":"https:\/\/amec.es\/#organization"},"potentialAction":[{"@type":"SearchAction","target":{"@type":"EntryPoint","urlTemplate":"https:\/\/amec.es\/?s={search_term_string}"},"query-input":{"@type":"PropertyValueSpecification","valueRequired":true,"valueName":"search_term_string"}}],"inLanguage":"ca"},{"@type":"Organization","@id":"https:\/\/amec.es\/#organization","name":"amec Positive Industry","url":"https:\/\/amec.es\/","logo":{"@type":"ImageObject","inLanguage":"ca","@id":"https:\/\/amec.es\/#\/schema\/logo\/image\/","url":"https:\/\/amec.es\/wp-content\/uploads\/2023\/07\/logoamec.png","contentUrl":"https:\/\/amec.es\/wp-content\/uploads\/2023\/07\/logoamec.png","width":200,"height":48,"caption":"amec Positive Industry"},"image":{"@id":"https:\/\/amec.es\/#\/schema\/logo\/image\/"}},{"@type":"Person","@id":"https:\/\/amec.es\/#\/schema\/person\/377e1e145733915506a55297ad2fc830","name":"webmaster","image":{"@type":"ImageObject","inLanguage":"ca","@id":"https:\/\/secure.gravatar.com\/avatar\/1122ff7c82efe2079ddb19cd256fc39ab150caee9b258eeae8928e7f703c39f3?s=96&d=mm&r=g","url":"https:\/\/secure.gravatar.com\/avatar\/1122ff7c82efe2079ddb19cd256fc39ab150caee9b258eeae8928e7f703c39f3?s=96&d=mm&r=g","contentUrl":"https:\/\/secure.gravatar.com\/avatar\/1122ff7c82efe2079ddb19cd256fc39ab150caee9b258eeae8928e7f703c39f3?s=96&d=mm&r=g","caption":"webmaster"}}]}},"_links":{"self":[{"href":"https:\/\/amec.es\/ca\/wp-json\/wp\/v2\/posts\/6678","targetHints":{"allow":["GET"]}}],"collection":[{"href":"https:\/\/amec.es\/ca\/wp-json\/wp\/v2\/posts"}],"about":[{"href":"https:\/\/amec.es\/ca\/wp-json\/wp\/v2\/types\/post"}],"author":[{"embeddable":true,"href":"https:\/\/amec.es\/ca\/wp-json\/wp\/v2\/users\/1"}],"replies":[{"embeddable":true,"href":"https:\/\/amec.es\/ca\/wp-json\/wp\/v2\/comments?post=6678"}],"version-history":[{"count":0,"href":"https:\/\/amec.es\/ca\/wp-json\/wp\/v2\/posts\/6678\/revisions"}],"wp:featuredmedia":[{"embeddable":true,"href":"https:\/\/amec.es\/ca\/wp-json\/"}],"wp:attachment":[{"href":"https:\/\/amec.es\/ca\/wp-json\/wp\/v2\/media?parent=6678"}],"wp:term":[{"taxonomy":"category","embeddable":true,"href":"https:\/\/amec.es\/ca\/wp-json\/wp\/v2\/categories?post=6678"},{"taxonomy":"post_tag","embeddable":true,"href":"https:\/\/amec.es\/ca\/wp-json\/wp\/v2\/tags?post=6678"}],"curies":[{"name":"wp","href":"https:\/\/api.w.org\/{rel}","templated":true}]}}