{"id":6680,"date":"2022-05-13T05:37:29","date_gmt":"2022-05-13T05:37:29","guid":{"rendered":"https:\/\/wecreatedesign.co\/dev\/WP\/amec\/?p=5408"},"modified":"2022-05-13T05:37:29","modified_gmt":"2022-05-13T05:37:29","slug":"el-pais-la-inflacio-es-modera-a-labril-fins-al-83-pero-la-seva-carrega-colpeja-mes-les-llars-de-menys-recursos","status":"publish","type":"post","link":"https:\/\/amec.es\/ca\/amec-als-mitjans\/el-pais-la-inflacio-es-modera-a-labril-fins-al-83-pero-la-seva-carrega-colpeja-mes-les-llars-de-menys-recursos\/","title":{"rendered":"El Pa\u00eds: La inflaci\u00f3 es modera a l&#8217;abril fins al 8,3%, per\u00f2 la seva c\u00e0rrega colpeja m\u00e9s les llars de menys recursos"},"content":{"rendered":"<p><img fetchpriority=\"high\" decoding=\"async\" src=\"http:\/\/wecreatedesign.co\/dev\/WP\/amec\/wp-content\/uploads\/2023\/03\/20220513-elpais-inflacion-redim-w686-h1920.jpg alt=\"20220513-ElPais-inflacion.jpg\" width=\"686\" height=\"1920\" \/><\/p>\n","protected":false},"excerpt":{"rendered":"","protected":false},"author":1,"featured_media":0,"comment_status":"open","ping_status":"open","sticky":false,"template":"","format":"standard","meta":{"inline_featured_image":false,"footnotes":""},"categories":[25],"tags":[],"class_list":["post-6680","post","type-post","status-publish","format-standard","hentry","category-amec-als-mitjans"],"yoast_head":"<!-- This site is optimized with the Yoast SEO plugin v27.3 - https:\/\/yoast.com\/product\/yoast-seo-wordpress\/ -->\n<title>El Pa\u00eds: La inflaci\u00f3 es modera a l&#039;abril fins al 8,3%, per\u00f2 la seva c\u00e0rrega colpeja m\u00e9s les llars de menys recursos | amec Positive Industry<\/title>\n<meta name=\"robots\" content=\"index, follow, max-snippet:-1, max-image-preview:large, max-video-preview:-1\" \/>\n<link rel=\"canonical\" href=\"https:\/\/amec.es\/ca\/amec-als-mitjans\/el-pais-la-inflacio-es-modera-a-labril-fins-al-83-pero-la-seva-carrega-colpeja-mes-les-llars-de-menys-recursos\/\" \/>\n<meta property=\"og:locale\" content=\"ca_ES\" \/>\n<meta property=\"og:type\" content=\"article\" \/>\n<meta property=\"og:title\" content=\"El Pa\u00eds: La inflaci\u00f3 es modera a l&#039;abril fins al 8,3%, per\u00f2 la seva c\u00e0rrega colpeja m\u00e9s les llars de menys recursos | amec Positive Industry\" \/>\n<meta property=\"og:url\" content=\"https:\/\/amec.es\/ca\/amec-als-mitjans\/el-pais-la-inflacio-es-modera-a-labril-fins-al-83-pero-la-seva-carrega-colpeja-mes-les-llars-de-menys-recursos\/\" \/>\n<meta property=\"og:site_name\" content=\"amec Positive Industry\" \/>\n<meta property=\"article:published_time\" content=\"2022-05-13T05:37:29+00:00\" \/>\n<meta property=\"og:image\" content=\"https:\/\/amec.es\/wp-content\/uploads\/2024\/02\/Logo_AMEC.png\" \/>\n\t<meta property=\"og:image:width\" content=\"1827\" \/>\n\t<meta property=\"og:image:height\" content=\"438\" \/>\n\t<meta property=\"og:image:type\" content=\"image\/png\" \/>\n<meta name=\"author\" content=\"webmaster\" \/>\n<meta name=\"twitter:card\" content=\"summary_large_image\" \/>\n<meta name=\"twitter:label1\" content=\"Escrit per\" \/>\n\t<meta name=\"twitter:data1\" content=\"webmaster\" \/>\n<script type=\"application\/ld+json\" class=\"yoast-schema-graph\">{\"@context\":\"https:\\\/\\\/schema.org\",\"@graph\":[{\"@type\":\"Article\",\"@id\":\"https:\\\/\\\/amec.es\\\/ca\\\/amec-als-mitjans\\\/el-pais-la-inflacio-es-modera-a-labril-fins-al-83-pero-la-seva-carrega-colpeja-mes-les-llars-de-menys-recursos\\\/#article\",\"isPartOf\":{\"@id\":\"https:\\\/\\\/amec.es\\\/ca\\\/amec-als-mitjans\\\/el-pais-la-inflacio-es-modera-a-labril-fins-al-83-pero-la-seva-carrega-colpeja-mes-les-llars-de-menys-recursos\\\/\"},\"author\":{\"name\":\"webmaster\",\"@id\":\"https:\\\/\\\/amec.es\\\/#\\\/schema\\\/person\\\/377e1e145733915506a55297ad2fc830\"},\"headline\":\"El Pa\u00eds: La inflaci\u00f3 es modera a l&#8217;abril fins al 8,3%, per\u00f2 la seva c\u00e0rrega colpeja m\u00e9s les llars de menys recursos\",\"datePublished\":\"2022-05-13T05:37:29+00:00\",\"mainEntityOfPage\":{\"@id\":\"https:\\\/\\\/amec.es\\\/ca\\\/amec-als-mitjans\\\/el-pais-la-inflacio-es-modera-a-labril-fins-al-83-pero-la-seva-carrega-colpeja-mes-les-llars-de-menys-recursos\\\/\"},\"wordCount\":25,\"commentCount\":0,\"publisher\":{\"@id\":\"https:\\\/\\\/amec.es\\\/#organization\"},\"articleSection\":[\"amec&nbsp;ALS MITJANS\"],\"inLanguage\":\"ca\",\"potentialAction\":[{\"@type\":\"CommentAction\",\"name\":\"Comment\",\"target\":[\"https:\\\/\\\/amec.es\\\/ca\\\/amec-als-mitjans\\\/el-pais-la-inflacio-es-modera-a-labril-fins-al-83-pero-la-seva-carrega-colpeja-mes-les-llars-de-menys-recursos\\\/#respond\"]}]},{\"@type\":\"WebPage\",\"@id\":\"https:\\\/\\\/amec.es\\\/ca\\\/amec-als-mitjans\\\/el-pais-la-inflacio-es-modera-a-labril-fins-al-83-pero-la-seva-carrega-colpeja-mes-les-llars-de-menys-recursos\\\/\",\"url\":\"https:\\\/\\\/amec.es\\\/ca\\\/amec-als-mitjans\\\/el-pais-la-inflacio-es-modera-a-labril-fins-al-83-pero-la-seva-carrega-colpeja-mes-les-llars-de-menys-recursos\\\/\",\"name\":\"El Pa\u00eds: La inflaci\u00f3 es modera a l'abril fins al 8,3%, per\u00f2 la seva c\u00e0rrega colpeja m\u00e9s les llars de menys recursos | amec Positive Industry\",\"isPartOf\":{\"@id\":\"https:\\\/\\\/amec.es\\\/#website\"},\"datePublished\":\"2022-05-13T05:37:29+00:00\",\"breadcrumb\":{\"@id\":\"https:\\\/\\\/amec.es\\\/ca\\\/amec-als-mitjans\\\/el-pais-la-inflacio-es-modera-a-labril-fins-al-83-pero-la-seva-carrega-colpeja-mes-les-llars-de-menys-recursos\\\/#breadcrumb\"},\"inLanguage\":\"ca\",\"potentialAction\":[{\"@type\":\"ReadAction\",\"target\":[\"https:\\\/\\\/amec.es\\\/ca\\\/amec-als-mitjans\\\/el-pais-la-inflacio-es-modera-a-labril-fins-al-83-pero-la-seva-carrega-colpeja-mes-les-llars-de-menys-recursos\\\/\"]}]},{\"@type\":\"BreadcrumbList\",\"@id\":\"https:\\\/\\\/amec.es\\\/ca\\\/amec-als-mitjans\\\/el-pais-la-inflacio-es-modera-a-labril-fins-al-83-pero-la-seva-carrega-colpeja-mes-les-llars-de-menys-recursos\\\/#breadcrumb\",\"itemListElement\":[{\"@type\":\"ListItem\",\"position\":1,\"name\":\"Portada\",\"item\":\"https:\\\/\\\/amec.es\\\/ca\\\/home-new\\\/\"},{\"@type\":\"ListItem\",\"position\":2,\"name\":\"El Pa\u00eds: La inflaci\u00f3 es modera a l&#8217;abril fins al 8,3%, per\u00f2 la seva c\u00e0rrega colpeja m\u00e9s les llars de menys recursos\"}]},{\"@type\":\"WebSite\",\"@id\":\"https:\\\/\\\/amec.es\\\/#website\",\"url\":\"https:\\\/\\\/amec.es\\\/\",\"name\":\"amec Positive Industry\",\"description\":\"\",\"publisher\":{\"@id\":\"https:\\\/\\\/amec.es\\\/#organization\"},\"potentialAction\":[{\"@type\":\"SearchAction\",\"target\":{\"@type\":\"EntryPoint\",\"urlTemplate\":\"https:\\\/\\\/amec.es\\\/?s={search_term_string}\"},\"query-input\":{\"@type\":\"PropertyValueSpecification\",\"valueRequired\":true,\"valueName\":\"search_term_string\"}}],\"inLanguage\":\"ca\"},{\"@type\":\"Organization\",\"@id\":\"https:\\\/\\\/amec.es\\\/#organization\",\"name\":\"amec Positive Industry\",\"url\":\"https:\\\/\\\/amec.es\\\/\",\"logo\":{\"@type\":\"ImageObject\",\"inLanguage\":\"ca\",\"@id\":\"https:\\\/\\\/amec.es\\\/#\\\/schema\\\/logo\\\/image\\\/\",\"url\":\"https:\\\/\\\/amec.es\\\/wp-content\\\/uploads\\\/2023\\\/07\\\/logoamec.png\",\"contentUrl\":\"https:\\\/\\\/amec.es\\\/wp-content\\\/uploads\\\/2023\\\/07\\\/logoamec.png\",\"width\":200,\"height\":48,\"caption\":\"amec Positive Industry\"},\"image\":{\"@id\":\"https:\\\/\\\/amec.es\\\/#\\\/schema\\\/logo\\\/image\\\/\"}},{\"@type\":\"Person\",\"@id\":\"https:\\\/\\\/amec.es\\\/#\\\/schema\\\/person\\\/377e1e145733915506a55297ad2fc830\",\"name\":\"webmaster\",\"image\":{\"@type\":\"ImageObject\",\"inLanguage\":\"ca\",\"@id\":\"https:\\\/\\\/secure.gravatar.com\\\/avatar\\\/1122ff7c82efe2079ddb19cd256fc39ab150caee9b258eeae8928e7f703c39f3?s=96&d=mm&r=g\",\"url\":\"https:\\\/\\\/secure.gravatar.com\\\/avatar\\\/1122ff7c82efe2079ddb19cd256fc39ab150caee9b258eeae8928e7f703c39f3?s=96&d=mm&r=g\",\"contentUrl\":\"https:\\\/\\\/secure.gravatar.com\\\/avatar\\\/1122ff7c82efe2079ddb19cd256fc39ab150caee9b258eeae8928e7f703c39f3?s=96&d=mm&r=g\",\"caption\":\"webmaster\"}}]}<\/script>\n<!-- \/ Yoast SEO plugin. -->","yoast_head_json":{"title":"El Pa\u00eds: La inflaci\u00f3 es modera a l'abril fins al 8,3%, per\u00f2 la seva c\u00e0rrega colpeja m\u00e9s les llars de menys recursos | amec Positive Industry","robots":{"index":"index","follow":"follow","max-snippet":"max-snippet:-1","max-image-preview":"max-image-preview:large","max-video-preview":"max-video-preview:-1"},"canonical":"https:\/\/amec.es\/ca\/amec-als-mitjans\/el-pais-la-inflacio-es-modera-a-labril-fins-al-83-pero-la-seva-carrega-colpeja-mes-les-llars-de-menys-recursos\/","og_locale":"ca_ES","og_type":"article","og_title":"El Pa\u00eds: La inflaci\u00f3 es modera a l'abril fins al 8,3%, per\u00f2 la seva c\u00e0rrega colpeja m\u00e9s les llars de menys recursos | amec Positive Industry","og_url":"https:\/\/amec.es\/ca\/amec-als-mitjans\/el-pais-la-inflacio-es-modera-a-labril-fins-al-83-pero-la-seva-carrega-colpeja-mes-les-llars-de-menys-recursos\/","og_site_name":"amec Positive Industry","article_published_time":"2022-05-13T05:37:29+00:00","og_image":[{"width":1827,"height":438,"url":"https:\/\/amec.es\/wp-content\/uploads\/2024\/02\/Logo_AMEC.png","type":"image\/png"}],"author":"webmaster","twitter_card":"summary_large_image","twitter_misc":{"Escrit per":"webmaster"},"schema":{"@context":"https:\/\/schema.org","@graph":[{"@type":"Article","@id":"https:\/\/amec.es\/ca\/amec-als-mitjans\/el-pais-la-inflacio-es-modera-a-labril-fins-al-83-pero-la-seva-carrega-colpeja-mes-les-llars-de-menys-recursos\/#article","isPartOf":{"@id":"https:\/\/amec.es\/ca\/amec-als-mitjans\/el-pais-la-inflacio-es-modera-a-labril-fins-al-83-pero-la-seva-carrega-colpeja-mes-les-llars-de-menys-recursos\/"},"author":{"name":"webmaster","@id":"https:\/\/amec.es\/#\/schema\/person\/377e1e145733915506a55297ad2fc830"},"headline":"El Pa\u00eds: La inflaci\u00f3 es modera a l&#8217;abril fins al 8,3%, per\u00f2 la seva c\u00e0rrega colpeja m\u00e9s les llars de menys recursos","datePublished":"2022-05-13T05:37:29+00:00","mainEntityOfPage":{"@id":"https:\/\/amec.es\/ca\/amec-als-mitjans\/el-pais-la-inflacio-es-modera-a-labril-fins-al-83-pero-la-seva-carrega-colpeja-mes-les-llars-de-menys-recursos\/"},"wordCount":25,"commentCount":0,"publisher":{"@id":"https:\/\/amec.es\/#organization"},"articleSection":["amec&nbsp;ALS MITJANS"],"inLanguage":"ca","potentialAction":[{"@type":"CommentAction","name":"Comment","target":["https:\/\/amec.es\/ca\/amec-als-mitjans\/el-pais-la-inflacio-es-modera-a-labril-fins-al-83-pero-la-seva-carrega-colpeja-mes-les-llars-de-menys-recursos\/#respond"]}]},{"@type":"WebPage","@id":"https:\/\/amec.es\/ca\/amec-als-mitjans\/el-pais-la-inflacio-es-modera-a-labril-fins-al-83-pero-la-seva-carrega-colpeja-mes-les-llars-de-menys-recursos\/","url":"https:\/\/amec.es\/ca\/amec-als-mitjans\/el-pais-la-inflacio-es-modera-a-labril-fins-al-83-pero-la-seva-carrega-colpeja-mes-les-llars-de-menys-recursos\/","name":"El Pa\u00eds: La inflaci\u00f3 es modera a l'abril fins al 8,3%, per\u00f2 la seva c\u00e0rrega colpeja m\u00e9s les llars de menys recursos | amec Positive Industry","isPartOf":{"@id":"https:\/\/amec.es\/#website"},"datePublished":"2022-05-13T05:37:29+00:00","breadcrumb":{"@id":"https:\/\/amec.es\/ca\/amec-als-mitjans\/el-pais-la-inflacio-es-modera-a-labril-fins-al-83-pero-la-seva-carrega-colpeja-mes-les-llars-de-menys-recursos\/#breadcrumb"},"inLanguage":"ca","potentialAction":[{"@type":"ReadAction","target":["https:\/\/amec.es\/ca\/amec-als-mitjans\/el-pais-la-inflacio-es-modera-a-labril-fins-al-83-pero-la-seva-carrega-colpeja-mes-les-llars-de-menys-recursos\/"]}]},{"@type":"BreadcrumbList","@id":"https:\/\/amec.es\/ca\/amec-als-mitjans\/el-pais-la-inflacio-es-modera-a-labril-fins-al-83-pero-la-seva-carrega-colpeja-mes-les-llars-de-menys-recursos\/#breadcrumb","itemListElement":[{"@type":"ListItem","position":1,"name":"Portada","item":"https:\/\/amec.es\/ca\/home-new\/"},{"@type":"ListItem","position":2,"name":"El Pa\u00eds: La inflaci\u00f3 es modera a l&#8217;abril fins al 8,3%, per\u00f2 la seva c\u00e0rrega colpeja m\u00e9s les llars de menys recursos"}]},{"@type":"WebSite","@id":"https:\/\/amec.es\/#website","url":"https:\/\/amec.es\/","name":"amec Positive Industry","description":"","publisher":{"@id":"https:\/\/amec.es\/#organization"},"potentialAction":[{"@type":"SearchAction","target":{"@type":"EntryPoint","urlTemplate":"https:\/\/amec.es\/?s={search_term_string}"},"query-input":{"@type":"PropertyValueSpecification","valueRequired":true,"valueName":"search_term_string"}}],"inLanguage":"ca"},{"@type":"Organization","@id":"https:\/\/amec.es\/#organization","name":"amec Positive Industry","url":"https:\/\/amec.es\/","logo":{"@type":"ImageObject","inLanguage":"ca","@id":"https:\/\/amec.es\/#\/schema\/logo\/image\/","url":"https:\/\/amec.es\/wp-content\/uploads\/2023\/07\/logoamec.png","contentUrl":"https:\/\/amec.es\/wp-content\/uploads\/2023\/07\/logoamec.png","width":200,"height":48,"caption":"amec Positive Industry"},"image":{"@id":"https:\/\/amec.es\/#\/schema\/logo\/image\/"}},{"@type":"Person","@id":"https:\/\/amec.es\/#\/schema\/person\/377e1e145733915506a55297ad2fc830","name":"webmaster","image":{"@type":"ImageObject","inLanguage":"ca","@id":"https:\/\/secure.gravatar.com\/avatar\/1122ff7c82efe2079ddb19cd256fc39ab150caee9b258eeae8928e7f703c39f3?s=96&d=mm&r=g","url":"https:\/\/secure.gravatar.com\/avatar\/1122ff7c82efe2079ddb19cd256fc39ab150caee9b258eeae8928e7f703c39f3?s=96&d=mm&r=g","contentUrl":"https:\/\/secure.gravatar.com\/avatar\/1122ff7c82efe2079ddb19cd256fc39ab150caee9b258eeae8928e7f703c39f3?s=96&d=mm&r=g","caption":"webmaster"}}]}},"_links":{"self":[{"href":"https:\/\/amec.es\/ca\/wp-json\/wp\/v2\/posts\/6680","targetHints":{"allow":["GET"]}}],"collection":[{"href":"https:\/\/amec.es\/ca\/wp-json\/wp\/v2\/posts"}],"about":[{"href":"https:\/\/amec.es\/ca\/wp-json\/wp\/v2\/types\/post"}],"author":[{"embeddable":true,"href":"https:\/\/amec.es\/ca\/wp-json\/wp\/v2\/users\/1"}],"replies":[{"embeddable":true,"href":"https:\/\/amec.es\/ca\/wp-json\/wp\/v2\/comments?post=6680"}],"version-history":[{"count":0,"href":"https:\/\/amec.es\/ca\/wp-json\/wp\/v2\/posts\/6680\/revisions"}],"wp:attachment":[{"href":"https:\/\/amec.es\/ca\/wp-json\/wp\/v2\/media?parent=6680"}],"wp:term":[{"taxonomy":"category","embeddable":true,"href":"https:\/\/amec.es\/ca\/wp-json\/wp\/v2\/categories?post=6680"},{"taxonomy":"post_tag","embeddable":true,"href":"https:\/\/amec.es\/ca\/wp-json\/wp\/v2\/tags?post=6680"}],"curies":[{"name":"wp","href":"https:\/\/api.w.org\/{rel}","templated":true}]}}