{"id":6694,"date":"2022-06-02T09:54:32","date_gmt":"2022-06-02T09:54:32","guid":{"rendered":"https:\/\/wecreatedesign.co\/dev\/WP\/amec\/?p=5723"},"modified":"2022-06-02T09:54:32","modified_gmt":"2022-06-02T09:54:32","slug":"ael-forum-amec-2022-tractara-lanticipacio-com-a-clau-per-a-la-nova-industria","status":"publish","type":"post","link":"https:\/\/amec.es\/ca\/notes-de-premsa\/ael-forum-amec-2022-tractara-lanticipacio-com-a-clau-per-a-la-nova-industria\/","title":{"rendered":"El F\u00f2rum amec 2022 tractar\u00e0 l&#8217;anticipaci\u00f3 com a clau per a la nova industria"},"content":{"rendered":"<div class=\"portletDetailNoticies\">\n<div class=\"amplada-pagina descripcion\">\n<ul>\n<li><strong>La tem\u00e0tica del F\u00f2rum 2022 sorgeix arrel de la necessitat detectada a les empreses sobre com fer front al repte de respondre a un entorn que canvia cada cop de forma m\u00e9s accelerada.<\/strong><\/li>\n<\/ul>\n<p><strong>\u00a0<\/strong><\/p>\n<p><strong>Barcelona,\u00a0<\/strong><strong>\u200b\u200b<\/strong><strong>2 de juny de 2022.<\/strong>\u00a0El\u00a0<strong>F\u00f2rum\u00a0<em>amec<\/em><\/strong>, la refer\u00e8ncia en prospectiva industrial, dedicar\u00e0 la propera edici\u00f3, que tindr\u00e0 lloc el 6 de juliol, a la ind\u00fastria anticipativa. La tem\u00e0tica del F\u00f2rum 2022 sorgeix arrel de la necessitat detectada a les empreses sobre com fer front al repte de respondre a un entorn que canvia cada cop de forma m\u00e9s accelerada. Les empreses industrials s&#8217;estan veient obligades a ampliar les seves previsions a llarg termini i alhora ser m\u00e9s \u00e0gils i adaptables davant de constants canvis imprevistos.<\/p>\n<p>&nbsp;<\/p>\n<p>En els dos darrers anys les empreses industrials han hagut de fer front a les conseq\u00fc\u00e8ncies del Brexit, la pand\u00e8mia de la Covid-19, la crisi log\u00edstica i d&#8217;acc\u00e9s a les mat\u00e8ries primeres i ara a la guerra de R\u00fassia a Ucra\u00efna, que ha alterat l\u2019ordre mundial. Amb tot aix\u00f2, l\u2019anticipaci\u00f3 s\u2019ha convertit en un factor clau de competitivitat. El F\u00f2rum 2022 oferir\u00e0 a les empreses eines de prospectiva per detectar, interpretar i actuar sobre els senyals de l\u2019entorn, i la base per evitar o minimitzar les amenaces i crear les oportunitats per cr\u00e9ixer i construir un nou futur. Ho far\u00e0 inspirant els presents amb casos d&#8217;\u00e8xit d&#8217;empreses industrials i tamb\u00e9 mitjan\u00e7ant la intervenci\u00f3 d&#8217;experts.<\/p>\n<p>&nbsp;<\/p>\n<p>La pon\u00e8ncia principal la protagonitzar\u00e0 Miguel Jim\u00e9nez, CEO de Futures Intelligence, prestigi\u00f3s futurista amb m\u00e9s de 19 anys d&#8217;experi\u00e8ncia ajudant empreses i governs de tot el m\u00f3n a elevar els est\u00e0ndards d&#8217;innovaci\u00f3, pensament estrat\u00e8gic i revolucionant la classe mundial. Utilitza la previsi\u00f3, anticipaci\u00f3 del futur, la intel\u00b7lig\u00e8ncia artificial, el pensament \u00e0gil, les metodologies d&#8217;aprenentatge, el disseny de serveis i de negocis i els marcs col\u00b7laboratius oberts per produir escenaris excel\u00b7lents per a la innovaci\u00f3 disruptiva. La seva missi\u00f3 al F\u00f2rum ser\u00e0 motivar a les empreses per impulsar la innovaci\u00f3 per a un futur m\u00e9s brillant.<\/p>\n<p>&nbsp;<\/p>\n<p>Els casos d&#8217;\u00e8xit es centraran en experi\u00e8ncies en qu\u00e8 persones directives d&#8217;empreses industrials explicaran com la prospectiva els ha perm\u00e8s esmorteir l&#8217;impacte de situacions que podrien haver suposat un perill per a la seva continu\u00eftat i com n&#8217;han sortit refor\u00e7ats. El debat s&#8217;obrir\u00e0 despr\u00e9s perqu\u00e8 les empreses membres d\u2019<em>amec<\/em>\u00a0dialoguin sobre com convertir la incertesa en oportunitats.<\/p>\n<p>&nbsp;<\/p>\n<p>La responsable de l&#8217;Observatori\u00a0<em>amec<\/em>, Susana Gonz\u00e1lez, explicar\u00e0 com la mateixa\u00a0<em>amec<\/em>\u00a0ha treballat els \u00faltims anys, des de l&#8217;inici de la pand\u00e8mia fins a la guerra d&#8217;Ucra\u00efna, en el tra\u00e7at de diferents escenaris per fer front a un entorn incert, i avan\u00e7ar\u00e0 com s&#8217;observen els escenaris previstos per als propers dos anys.<\/p>\n<p>&nbsp;<\/p>\n<p>El F\u00f2rum 2022 torna al seu tradicional escenari, l&#8217;IESE, despr\u00e9s de dos anys en qu\u00e8 la pand\u00e8mia ha obligat a realitzar un esdeveniment retransm\u00e8s en streaming el 2020 i una trobada h\u00edbrida -presencial i online- el 2021. Aquest any, eliminades les restriccions a actes i congressos, m\u00e9s de 350 persones directives de les empreses industrials, es tornaran a reunir i recuperar aix\u00ed tamb\u00e9 el valu\u00f3s networking que es genera entre elles.<\/p>\n<p><strong>\u00a0<\/strong><\/p>\n<p><strong><em>amec<\/em><\/strong><strong>\u00a0impulsa els nous factors clau de competitivitat a les empreses<\/strong><\/p>\n<p><strong>\u00a0<\/strong><\/p>\n<p>La comunitat de les empreses industrials internacionalitzades\u00a0<strong><em>amec<\/em><\/strong>\u00a0impulsa els\u00a0<a href=\"https:\/\/www.youtube.com\/watch?v=SDztjgsQdBk&amp;feature=youtu.be\">nous factors clau de competitivitat a les empreses espanyoles<\/a>: anticipaci\u00f3, adaptabilitat, col\u00b7laboraci\u00f3, globalitzaci\u00f3 i sostenibilitat. Les empreses que formen part d&#8217;<strong><em>amec<\/em><\/strong>\u00a0generen un volum d&#8217;exportaci\u00f3 superior als 6.200 milions d&#8217;euros, exporten de mitjana el 56,3% de la facturaci\u00f3 i inverteixen el 4,4% en innovaci\u00f3.<\/p>\n<p><strong>\u00a0<\/strong><\/p>\n<p><strong>Per a m\u00e9s informaci\u00f3:<\/strong><\/p>\n<p>Gl\u00f2ria Ayuso<\/p>\n<p><a href=\"mailto:Gloria.ayuso@ga-binet.com\">Gloria.ayuso@ga-binet.com<\/a><\/p>\n<p>Tel. 654609518<\/p>\n<\/div>\n<\/div>\n<div class=\"registre-accions amplada-pagina\">\n<div class=\"addthis_inline_share_toolbox\" data-url=\"https:\/\/www.amec.es\/ca\/pl191\/amecnews\/notas-de-prensa\/id589\/emamecem-?i-l-fegp-signen-un-acord-de-col-laboracio-per-impactar-en-la-competitivitat-de-les-empreses-del-territori.htm?fcat_191=378\" data-title=\"El F\u00f2rum amec 2022 tractar\u00e0 l'anticipaci\u00f3 com a clau per a la nova industria\">\n<div id=\"atstbx2\" class=\"at-resp-share-element at-style-responsive addthis-smartlayers addthis-animated at4-show\" role=\"region\" aria-labelledby=\"at-dd689fa6-addd-45e8-8175-256d5f84b65a\"><span id=\"at-dd689fa6-addd-45e8-8175-256d5f84b65a\" class=\"at4-visually-hidden\"><\/span><\/p>\n<div class=\"at-share-btn-elements\"><\/div>\n<\/div>\n<\/div>\n<\/div>\n","protected":false},"excerpt":{"rendered":"<p>La tem\u00e0tica del F\u00f2rum 2022 sorgeix arrel de la necessitat detectada a les empreses sobre com fer front al repte de respondre a un entorn que canvia cada cop de forma m\u00e9s accelerada. \u00a0 Barcelona,\u00a0\u200b\u200b2 de juny de 2022.\u00a0El\u00a0F\u00f2rum\u00a0amec, la refer\u00e8ncia en prospectiva industrial, dedicar\u00e0 la propera edici\u00f3, que tindr\u00e0 lloc el 6 de juliol, [&hellip;]<\/p>\n","protected":false},"author":1,"featured_media":0,"comment_status":"open","ping_status":"open","sticky":false,"template":"","format":"standard","meta":{"inline_featured_image":false,"footnotes":""},"categories":[28],"tags":[],"class_list":["post-6694","post","type-post","status-publish","format-standard","hentry","category-notes-de-premsa"],"yoast_head":"<!-- This site is optimized with the Yoast SEO plugin v27.3 - https:\/\/yoast.com\/product\/yoast-seo-wordpress\/ -->\n<title>El F\u00f2rum amec 2022 tractar\u00e0 l&#039;anticipaci\u00f3 com a clau per a la nova industria | amec Positive Industry<\/title>\n<meta name=\"robots\" content=\"index, follow, max-snippet:-1, max-image-preview:large, max-video-preview:-1\" \/>\n<link rel=\"canonical\" href=\"https:\/\/amec.es\/ca\/notes-de-premsa\/ael-forum-amec-2022-tractara-lanticipacio-com-a-clau-per-a-la-nova-industria\/\" \/>\n<meta property=\"og:locale\" content=\"ca_ES\" \/>\n<meta property=\"og:type\" content=\"article\" \/>\n<meta property=\"og:title\" content=\"El F\u00f2rum amec 2022 tractar\u00e0 l&#039;anticipaci\u00f3 com a clau per a la nova industria | amec Positive Industry\" \/>\n<meta property=\"og:description\" content=\"La tem\u00e0tica del F\u00f2rum 2022 sorgeix arrel de la necessitat detectada a les empreses sobre com fer front al repte de respondre a un entorn que canvia cada cop de forma m\u00e9s accelerada. \u00a0 Barcelona,\u00a0\u200b\u200b2 de juny de 2022.\u00a0El\u00a0F\u00f2rum\u00a0amec, la refer\u00e8ncia en prospectiva industrial, dedicar\u00e0 la propera edici\u00f3, que tindr\u00e0 lloc el 6 de juliol, [&hellip;]\" \/>\n<meta property=\"og:url\" content=\"https:\/\/amec.es\/ca\/notes-de-premsa\/ael-forum-amec-2022-tractara-lanticipacio-com-a-clau-per-a-la-nova-industria\/\" \/>\n<meta property=\"og:site_name\" content=\"amec Positive Industry\" \/>\n<meta property=\"article:published_time\" content=\"2022-06-02T09:54:32+00:00\" \/>\n<meta property=\"og:image\" content=\"https:\/\/amec.es\/wp-content\/uploads\/2024\/02\/Logo_AMEC.png\" \/>\n\t<meta property=\"og:image:width\" content=\"1827\" \/>\n\t<meta property=\"og:image:height\" content=\"438\" \/>\n\t<meta property=\"og:image:type\" content=\"image\/png\" \/>\n<meta name=\"author\" content=\"webmaster\" \/>\n<meta name=\"twitter:card\" content=\"summary_large_image\" \/>\n<meta name=\"twitter:label1\" content=\"Escrit per\" \/>\n\t<meta name=\"twitter:data1\" content=\"webmaster\" \/>\n\t<meta name=\"twitter:label2\" content=\"Temps estimat de lectura\" \/>\n\t<meta name=\"twitter:data2\" content=\"3 minuts\" \/>\n<script type=\"application\/ld+json\" class=\"yoast-schema-graph\">{\"@context\":\"https:\\\/\\\/schema.org\",\"@graph\":[{\"@type\":\"Article\",\"@id\":\"https:\\\/\\\/amec.es\\\/ca\\\/notes-de-premsa\\\/ael-forum-amec-2022-tractara-lanticipacio-com-a-clau-per-a-la-nova-industria\\\/#article\",\"isPartOf\":{\"@id\":\"https:\\\/\\\/amec.es\\\/ca\\\/notes-de-premsa\\\/ael-forum-amec-2022-tractara-lanticipacio-com-a-clau-per-a-la-nova-industria\\\/\"},\"author\":{\"name\":\"webmaster\",\"@id\":\"https:\\\/\\\/amec.es\\\/#\\\/schema\\\/person\\\/377e1e145733915506a55297ad2fc830\"},\"headline\":\"El F\u00f2rum amec 2022 tractar\u00e0 l&#8217;anticipaci\u00f3 com a clau per a la nova industria\",\"datePublished\":\"2022-06-02T09:54:32+00:00\",\"mainEntityOfPage\":{\"@id\":\"https:\\\/\\\/amec.es\\\/ca\\\/notes-de-premsa\\\/ael-forum-amec-2022-tractara-lanticipacio-com-a-clau-per-a-la-nova-industria\\\/\"},\"wordCount\":673,\"commentCount\":0,\"publisher\":{\"@id\":\"https:\\\/\\\/amec.es\\\/#organization\"},\"articleSection\":[\"Notes de premsa\"],\"inLanguage\":\"ca\",\"potentialAction\":[{\"@type\":\"CommentAction\",\"name\":\"Comment\",\"target\":[\"https:\\\/\\\/amec.es\\\/ca\\\/notes-de-premsa\\\/ael-forum-amec-2022-tractara-lanticipacio-com-a-clau-per-a-la-nova-industria\\\/#respond\"]}]},{\"@type\":\"WebPage\",\"@id\":\"https:\\\/\\\/amec.es\\\/ca\\\/notes-de-premsa\\\/ael-forum-amec-2022-tractara-lanticipacio-com-a-clau-per-a-la-nova-industria\\\/\",\"url\":\"https:\\\/\\\/amec.es\\\/ca\\\/notes-de-premsa\\\/ael-forum-amec-2022-tractara-lanticipacio-com-a-clau-per-a-la-nova-industria\\\/\",\"name\":\"El F\u00f2rum amec 2022 tractar\u00e0 l'anticipaci\u00f3 com a clau per a la nova industria | amec Positive Industry\",\"isPartOf\":{\"@id\":\"https:\\\/\\\/amec.es\\\/#website\"},\"datePublished\":\"2022-06-02T09:54:32+00:00\",\"breadcrumb\":{\"@id\":\"https:\\\/\\\/amec.es\\\/ca\\\/notes-de-premsa\\\/ael-forum-amec-2022-tractara-lanticipacio-com-a-clau-per-a-la-nova-industria\\\/#breadcrumb\"},\"inLanguage\":\"ca\",\"potentialAction\":[{\"@type\":\"ReadAction\",\"target\":[\"https:\\\/\\\/amec.es\\\/ca\\\/notes-de-premsa\\\/ael-forum-amec-2022-tractara-lanticipacio-com-a-clau-per-a-la-nova-industria\\\/\"]}]},{\"@type\":\"BreadcrumbList\",\"@id\":\"https:\\\/\\\/amec.es\\\/ca\\\/notes-de-premsa\\\/ael-forum-amec-2022-tractara-lanticipacio-com-a-clau-per-a-la-nova-industria\\\/#breadcrumb\",\"itemListElement\":[{\"@type\":\"ListItem\",\"position\":1,\"name\":\"Portada\",\"item\":\"https:\\\/\\\/amec.es\\\/ca\\\/home-new\\\/\"},{\"@type\":\"ListItem\",\"position\":2,\"name\":\"El F\u00f2rum amec 2022 tractar\u00e0 l&#8217;anticipaci\u00f3 com a clau per a la nova industria\"}]},{\"@type\":\"WebSite\",\"@id\":\"https:\\\/\\\/amec.es\\\/#website\",\"url\":\"https:\\\/\\\/amec.es\\\/\",\"name\":\"amec Positive Industry\",\"description\":\"\",\"publisher\":{\"@id\":\"https:\\\/\\\/amec.es\\\/#organization\"},\"potentialAction\":[{\"@type\":\"SearchAction\",\"target\":{\"@type\":\"EntryPoint\",\"urlTemplate\":\"https:\\\/\\\/amec.es\\\/?s={search_term_string}\"},\"query-input\":{\"@type\":\"PropertyValueSpecification\",\"valueRequired\":true,\"valueName\":\"search_term_string\"}}],\"inLanguage\":\"ca\"},{\"@type\":\"Organization\",\"@id\":\"https:\\\/\\\/amec.es\\\/#organization\",\"name\":\"amec Positive Industry\",\"url\":\"https:\\\/\\\/amec.es\\\/\",\"logo\":{\"@type\":\"ImageObject\",\"inLanguage\":\"ca\",\"@id\":\"https:\\\/\\\/amec.es\\\/#\\\/schema\\\/logo\\\/image\\\/\",\"url\":\"https:\\\/\\\/amec.es\\\/wp-content\\\/uploads\\\/2023\\\/07\\\/logoamec.png\",\"contentUrl\":\"https:\\\/\\\/amec.es\\\/wp-content\\\/uploads\\\/2023\\\/07\\\/logoamec.png\",\"width\":200,\"height\":48,\"caption\":\"amec Positive Industry\"},\"image\":{\"@id\":\"https:\\\/\\\/amec.es\\\/#\\\/schema\\\/logo\\\/image\\\/\"}},{\"@type\":\"Person\",\"@id\":\"https:\\\/\\\/amec.es\\\/#\\\/schema\\\/person\\\/377e1e145733915506a55297ad2fc830\",\"name\":\"webmaster\",\"image\":{\"@type\":\"ImageObject\",\"inLanguage\":\"ca\",\"@id\":\"https:\\\/\\\/secure.gravatar.com\\\/avatar\\\/1122ff7c82efe2079ddb19cd256fc39ab150caee9b258eeae8928e7f703c39f3?s=96&d=mm&r=g\",\"url\":\"https:\\\/\\\/secure.gravatar.com\\\/avatar\\\/1122ff7c82efe2079ddb19cd256fc39ab150caee9b258eeae8928e7f703c39f3?s=96&d=mm&r=g\",\"contentUrl\":\"https:\\\/\\\/secure.gravatar.com\\\/avatar\\\/1122ff7c82efe2079ddb19cd256fc39ab150caee9b258eeae8928e7f703c39f3?s=96&d=mm&r=g\",\"caption\":\"webmaster\"}}]}<\/script>\n<!-- \/ Yoast SEO plugin. -->","yoast_head_json":{"title":"El F\u00f2rum amec 2022 tractar\u00e0 l'anticipaci\u00f3 com a clau per a la nova industria | amec Positive Industry","robots":{"index":"index","follow":"follow","max-snippet":"max-snippet:-1","max-image-preview":"max-image-preview:large","max-video-preview":"max-video-preview:-1"},"canonical":"https:\/\/amec.es\/ca\/notes-de-premsa\/ael-forum-amec-2022-tractara-lanticipacio-com-a-clau-per-a-la-nova-industria\/","og_locale":"ca_ES","og_type":"article","og_title":"El F\u00f2rum amec 2022 tractar\u00e0 l'anticipaci\u00f3 com a clau per a la nova industria | amec Positive Industry","og_description":"La tem\u00e0tica del F\u00f2rum 2022 sorgeix arrel de la necessitat detectada a les empreses sobre com fer front al repte de respondre a un entorn que canvia cada cop de forma m\u00e9s accelerada. \u00a0 Barcelona,\u00a0\u200b\u200b2 de juny de 2022.\u00a0El\u00a0F\u00f2rum\u00a0amec, la refer\u00e8ncia en prospectiva industrial, dedicar\u00e0 la propera edici\u00f3, que tindr\u00e0 lloc el 6 de juliol, [&hellip;]","og_url":"https:\/\/amec.es\/ca\/notes-de-premsa\/ael-forum-amec-2022-tractara-lanticipacio-com-a-clau-per-a-la-nova-industria\/","og_site_name":"amec Positive Industry","article_published_time":"2022-06-02T09:54:32+00:00","og_image":[{"width":1827,"height":438,"url":"https:\/\/amec.es\/wp-content\/uploads\/2024\/02\/Logo_AMEC.png","type":"image\/png"}],"author":"webmaster","twitter_card":"summary_large_image","twitter_misc":{"Escrit per":"webmaster","Temps estimat de lectura":"3 minuts"},"schema":{"@context":"https:\/\/schema.org","@graph":[{"@type":"Article","@id":"https:\/\/amec.es\/ca\/notes-de-premsa\/ael-forum-amec-2022-tractara-lanticipacio-com-a-clau-per-a-la-nova-industria\/#article","isPartOf":{"@id":"https:\/\/amec.es\/ca\/notes-de-premsa\/ael-forum-amec-2022-tractara-lanticipacio-com-a-clau-per-a-la-nova-industria\/"},"author":{"name":"webmaster","@id":"https:\/\/amec.es\/#\/schema\/person\/377e1e145733915506a55297ad2fc830"},"headline":"El F\u00f2rum amec 2022 tractar\u00e0 l&#8217;anticipaci\u00f3 com a clau per a la nova industria","datePublished":"2022-06-02T09:54:32+00:00","mainEntityOfPage":{"@id":"https:\/\/amec.es\/ca\/notes-de-premsa\/ael-forum-amec-2022-tractara-lanticipacio-com-a-clau-per-a-la-nova-industria\/"},"wordCount":673,"commentCount":0,"publisher":{"@id":"https:\/\/amec.es\/#organization"},"articleSection":["Notes de premsa"],"inLanguage":"ca","potentialAction":[{"@type":"CommentAction","name":"Comment","target":["https:\/\/amec.es\/ca\/notes-de-premsa\/ael-forum-amec-2022-tractara-lanticipacio-com-a-clau-per-a-la-nova-industria\/#respond"]}]},{"@type":"WebPage","@id":"https:\/\/amec.es\/ca\/notes-de-premsa\/ael-forum-amec-2022-tractara-lanticipacio-com-a-clau-per-a-la-nova-industria\/","url":"https:\/\/amec.es\/ca\/notes-de-premsa\/ael-forum-amec-2022-tractara-lanticipacio-com-a-clau-per-a-la-nova-industria\/","name":"El F\u00f2rum amec 2022 tractar\u00e0 l'anticipaci\u00f3 com a clau per a la nova industria | amec Positive Industry","isPartOf":{"@id":"https:\/\/amec.es\/#website"},"datePublished":"2022-06-02T09:54:32+00:00","breadcrumb":{"@id":"https:\/\/amec.es\/ca\/notes-de-premsa\/ael-forum-amec-2022-tractara-lanticipacio-com-a-clau-per-a-la-nova-industria\/#breadcrumb"},"inLanguage":"ca","potentialAction":[{"@type":"ReadAction","target":["https:\/\/amec.es\/ca\/notes-de-premsa\/ael-forum-amec-2022-tractara-lanticipacio-com-a-clau-per-a-la-nova-industria\/"]}]},{"@type":"BreadcrumbList","@id":"https:\/\/amec.es\/ca\/notes-de-premsa\/ael-forum-amec-2022-tractara-lanticipacio-com-a-clau-per-a-la-nova-industria\/#breadcrumb","itemListElement":[{"@type":"ListItem","position":1,"name":"Portada","item":"https:\/\/amec.es\/ca\/home-new\/"},{"@type":"ListItem","position":2,"name":"El F\u00f2rum amec 2022 tractar\u00e0 l&#8217;anticipaci\u00f3 com a clau per a la nova industria"}]},{"@type":"WebSite","@id":"https:\/\/amec.es\/#website","url":"https:\/\/amec.es\/","name":"amec Positive Industry","description":"","publisher":{"@id":"https:\/\/amec.es\/#organization"},"potentialAction":[{"@type":"SearchAction","target":{"@type":"EntryPoint","urlTemplate":"https:\/\/amec.es\/?s={search_term_string}"},"query-input":{"@type":"PropertyValueSpecification","valueRequired":true,"valueName":"search_term_string"}}],"inLanguage":"ca"},{"@type":"Organization","@id":"https:\/\/amec.es\/#organization","name":"amec Positive Industry","url":"https:\/\/amec.es\/","logo":{"@type":"ImageObject","inLanguage":"ca","@id":"https:\/\/amec.es\/#\/schema\/logo\/image\/","url":"https:\/\/amec.es\/wp-content\/uploads\/2023\/07\/logoamec.png","contentUrl":"https:\/\/amec.es\/wp-content\/uploads\/2023\/07\/logoamec.png","width":200,"height":48,"caption":"amec Positive Industry"},"image":{"@id":"https:\/\/amec.es\/#\/schema\/logo\/image\/"}},{"@type":"Person","@id":"https:\/\/amec.es\/#\/schema\/person\/377e1e145733915506a55297ad2fc830","name":"webmaster","image":{"@type":"ImageObject","inLanguage":"ca","@id":"https:\/\/secure.gravatar.com\/avatar\/1122ff7c82efe2079ddb19cd256fc39ab150caee9b258eeae8928e7f703c39f3?s=96&d=mm&r=g","url":"https:\/\/secure.gravatar.com\/avatar\/1122ff7c82efe2079ddb19cd256fc39ab150caee9b258eeae8928e7f703c39f3?s=96&d=mm&r=g","contentUrl":"https:\/\/secure.gravatar.com\/avatar\/1122ff7c82efe2079ddb19cd256fc39ab150caee9b258eeae8928e7f703c39f3?s=96&d=mm&r=g","caption":"webmaster"}}]}},"_links":{"self":[{"href":"https:\/\/amec.es\/ca\/wp-json\/wp\/v2\/posts\/6694","targetHints":{"allow":["GET"]}}],"collection":[{"href":"https:\/\/amec.es\/ca\/wp-json\/wp\/v2\/posts"}],"about":[{"href":"https:\/\/amec.es\/ca\/wp-json\/wp\/v2\/types\/post"}],"author":[{"embeddable":true,"href":"https:\/\/amec.es\/ca\/wp-json\/wp\/v2\/users\/1"}],"replies":[{"embeddable":true,"href":"https:\/\/amec.es\/ca\/wp-json\/wp\/v2\/comments?post=6694"}],"version-history":[{"count":0,"href":"https:\/\/amec.es\/ca\/wp-json\/wp\/v2\/posts\/6694\/revisions"}],"wp:attachment":[{"href":"https:\/\/amec.es\/ca\/wp-json\/wp\/v2\/media?parent=6694"}],"wp:term":[{"taxonomy":"category","embeddable":true,"href":"https:\/\/amec.es\/ca\/wp-json\/wp\/v2\/categories?post=6694"},{"taxonomy":"post_tag","embeddable":true,"href":"https:\/\/amec.es\/ca\/wp-json\/wp\/v2\/tags?post=6694"}],"curies":[{"name":"wp","href":"https:\/\/api.w.org\/{rel}","templated":true}]}}