{"id":6706,"date":"2022-10-02T07:14:36","date_gmt":"2022-10-02T07:14:36","guid":{"rendered":"https:\/\/wecreatedesign.co\/dev\/WP\/amec\/?p=5608"},"modified":"2022-10-02T07:14:36","modified_gmt":"2022-10-02T07:14:36","slug":"les-noves-cadenes-de-subministrament-glocals","status":"publish","type":"post","link":"https:\/\/amec.es\/ca\/articles-dexperts\/les-noves-cadenes-de-subministrament-glocals\/","title":{"rendered":"Les noves cadenes de subministrament glocals"},"content":{"rendered":"<p>Avui est\u00e0 en boca de tots el problema de subministraments mundial, per tensions i ruptures a les cadenes d&#8217;aprovisionament globals que generen inflaci\u00f3 i desprove\u00efment.<\/p>\n<p>&nbsp;<\/p>\n<p>A\u00a0<strong><em>Amec<\/em><\/strong>\u00a0ja vam notar els primers senyals el novembre del 2020, en qu\u00e8 les empreses de la nostra comunitat ens comunicaven la pujada dels preus de moure contenidors entre Europa i la Xina. Uns mesos despr\u00e9s tot es va desbordar.<\/p>\n<p>&nbsp;<\/p>\n<p>L&#8217;explicaci\u00f3 a aquest fenomen habitualment es atribueix al xoc d&#8217;oferta produ\u00eft per la reducci\u00f3 de capacitats productives i log\u00edstiques despr\u00e9s de l&#8217;aturada dels primers mesos de pand\u00e8mia. Una r\u00e0pida recuperaci\u00f3 de la demanda davant d&#8217;una oferta inel\u00e0stica per reprendre el ritme normal van portar com a conseq\u00fc\u00e8ncia la crisi actual.<\/p>\n<p>&nbsp;<\/p>\n<p>Un cop m\u00e9s, per\u00f2, la Covid19 no ens deixa veure un bosc de tend\u00e8ncies de fons, ja pr\u00e8vies a la pand\u00e8mia, que expliquen aspectes estructurals d&#8217;aquesta crisi. La guerra geopol\u00edtic-tecnol\u00f2gica entre els Estats Units i la Xina, la digitalitzaci\u00f3, els requeriments mediambientals m\u00e9s grans, o la lluita pel talent global, entre d&#8217;altres, constitueixen una f\u00f3rmula de factors que ja estaven afectant les cadenes productives globals. Aquestes ja havien iniciat un proc\u00e9s de reorganitzaci\u00f3 abans del primer cas de coronavirus a Wuhan, i la Covid19 no ha estat res m\u00e9s que un accelerador o catalitzador molt efica\u00e7 d&#8217;aquesta f\u00f3rmula.<\/p>\n<p>&nbsp;<\/p>\n<p>Ens trobem aix\u00ed en un nou escenari econ\u00f2mic mundial. Alguns parlen d&#8217;un alentiment de la globalitzaci\u00f3 o\u00a0<em>slowbalization<\/em>\u00a0, d&#8217;altres d&#8217;una nova etapa de la globalitzaci\u00f3. Fins i tot hi ha qui vaticina la fi. No ho crec, per\u00f2 tot sembla indicar que, en els propers anys, i potser d\u00e8cades, el m\u00f3n no ser\u00e0 tan pla com apuntava Thomas Friedman al seu\u00a0<em>best-seller<\/em>\u00a0, sin\u00f3 m\u00e9s gran o punxegut.<\/p>\n<p>&nbsp;<\/p>\n<p>Davant aquest nou panorama, les empreses han de canviar necess\u00e0riament les seves estrat\u00e8gies i t\u00e0ctiques per operar al mercat, que continua sent mundial. En concret, s&#8217;ha posat d&#8217;evid\u00e8ncia la necessitat de dotar m\u00e9s agilitat les cadenes de subministrament global, i s&#8217;ha revelat la necessitat d&#8217;apropar alguns subministraments.<\/p>\n<p>&nbsp;<\/p>\n<p>L&#8217;equaci\u00f3 de les cadenes de subministrament globals s&#8217;ha tornat molt m\u00e9s complexa, passant d&#8217;una maximitzaci\u00f3 de l&#8217;efici\u00e8ncia en costos, a haver de combinar factors com ara costos, qualitat, resili\u00e8ncia, seguretat i sostenibilitat. S\u00f3n de vegades forces contraposades que exigeixen una nova concepci\u00f3 de les cadenes globals, mutant cap a cadenes glocals que tinguin en compte aquests factors.<\/p>\n<p>&nbsp;<\/p>\n<p>S\u00f3n cadenes que han de combinar l&#8217;efici\u00e8ncia i les economies d&#8217;escala de la pres\u00e8ncia global, amb les noves exig\u00e8ncies de proximitat al client i als mercats. La constituci\u00f3 de\u00a0<em>hubs<\/em>\u00a0regionals de subministrament a zones estrat\u00e8giques del m\u00f3n, una creixent utilitzaci\u00f3 de la rob\u00f2tica i l&#8217;automatitzaci\u00f3 per a la fabricaci\u00f3 i la log\u00edstica, i un canvi del model de costos que inclogui factors com la sostenibilitat o la resili\u00e8ncia, seran els elements definitoris d&#8217;aquestes cadenes glocals.<\/p>\n<p>&nbsp;<\/p>\n<p>Les oportunitats i els riscos de la glocalitzaci\u00f3 de les cadenes de subministrament variaran en funci\u00f3 de les regions i sectors, per\u00f2 hi haur\u00e0 alguns elements comuns que hauran de tenir en compte les empreses en les seves estrat\u00e8gies:<\/p>\n<p>&nbsp;<\/p>\n<ul>\n<li>Refor\u00e7ar la resili\u00e8ncia davant les crisis: examinar tota la cadena de subministrament, fins i tot \u201criu amunt\u201d dels mateixos prove\u00efdors. Diversificar i estocar. Parafrasejant Xavier Ferr\u00e0s, passar del\u00a0<em>just-in-time<\/em>\u00a0al\u00a0<em>just-in-case<\/em><\/li>\n<li>Desenvolupar unes operacions distribu\u00efdes en\u00a0<em>hubs<\/em>\u00a0regionalitzats, per apropar-se al client, estant atent a unes necessitats canviants i oferint-li seguretat. La crisi actual ha revelat com a fonamental posar les operacions al\u00a0<em>front office<\/em>\u00a0de l&#8217;empresa<\/li>\n<li>Potenciar la prospectiva per avan\u00e7ar riscos, preveure necessitats dels clients i gestionar estocs. L&#8217;\u00fas de dades a temps real i la Intel\u00b7lig\u00e8ncia Artificial promouen les cadenes de subministrament cognitives, que permeten predir canvis futurs i avan\u00e7ar-se a les solucions<\/li>\n<li>Refor\u00e7ar la innovaci\u00f3 digital, especialment l&#8217;automatitzaci\u00f3, la robotitzaci\u00f3 i l&#8217;an\u00e0lisi de dades. La digitalitzaci\u00f3 ofereix la possibilitat de relocalitzar activitats en pa\u00efsos amb un cost superior de m\u00e0 d&#8217;obra, i especialment t\u00e9 un potencial enorme per a transformacions estrat\u00e8giques, for\u00e7ant les empreses a q\u00fcestionar-se elements fonamentals de la seva estrat\u00e8gia a llarg termini.<\/li>\n<li>Promoure el canvi cultural a l&#8217;empresa cap a una major agilitat i nous models de negoci m\u00e9s digitals i col\u00b7laboratius<\/li>\n<li>Explorar partenariats i ecosistemes per afrontar nous reptes multiplicant capacitats<\/li>\n<\/ul>\n<p>&nbsp;<\/p>\n<p>Per acabar, i potser el m\u00e9s important, en aquest nou entorn \u00e9s fonamental que els empresaris es posin al comandament, per pilotar l&#8217;empresa amb una visi\u00f3 emprenedora renovada que permeti realinear l&#8217;estrat\u00e8gia i assegurar la sostenibilitat de l&#8217;empresa davant dels nous riscos i incerteses .<\/p>\n<p>&nbsp;<\/p>\n<p>Les empreses guanyadores d&#8217;aquesta crisi seran aquelles que tinguin al capdavant l\u00edders que siguin capa\u00e7os de comprendre la complexitat de l&#8217;entorn, i fer un pas endavant per governar el seu dest\u00ed.<\/p>\n<p>&nbsp;<\/p>\n<p><img decoding=\"async\" src=\"http:\/\/wecreatedesign.co\/dev\/WP\/amec\/wp-content\/uploads\/2023\/03\/diego-guri-4-bw-redim-w200-h150.jpg\" alt=\"Diego Guri -4 bw.jpg\" width=\"200\" height=\"150\" \/><\/p>\n","protected":false},"excerpt":{"rendered":"<p>Avui est\u00e0 en boca de tots el problema de subministraments mundial, per tensions i ruptures a les cadenes d&#8217;aprovisionament globals que generen inflaci\u00f3 i desprove\u00efment.<\/p>\n","protected":false},"author":1,"featured_media":5611,"comment_status":"open","ping_status":"open","sticky":false,"template":"","format":"standard","meta":{"inline_featured_image":false,"footnotes":""},"categories":[29],"tags":[],"class_list":["post-6706","post","type-post","status-publish","format-standard","has-post-thumbnail","hentry","category-articles-dexperts"],"yoast_head":"<!-- This site is optimized with the Yoast SEO plugin v27.3 - https:\/\/yoast.com\/product\/yoast-seo-wordpress\/ -->\n<title>Les noves cadenes de subministrament glocals | amec Positive Industry<\/title>\n<meta name=\"robots\" content=\"index, follow, max-snippet:-1, max-image-preview:large, max-video-preview:-1\" \/>\n<link rel=\"canonical\" href=\"https:\/\/amec.es\/ca\/articles-dexperts\/les-noves-cadenes-de-subministrament-glocals\/\" \/>\n<meta property=\"og:locale\" content=\"ca_ES\" \/>\n<meta property=\"og:type\" content=\"article\" \/>\n<meta property=\"og:title\" content=\"Les noves cadenes de subministrament glocals | amec Positive Industry\" \/>\n<meta property=\"og:description\" content=\"Avui est\u00e0 en boca de tots el problema de subministraments mundial, per tensions i ruptures a les cadenes d&#039;aprovisionament globals que generen inflaci\u00f3 i desprove\u00efment.\" \/>\n<meta property=\"og:url\" content=\"https:\/\/amec.es\/ca\/articles-dexperts\/les-noves-cadenes-de-subministrament-glocals\/\" \/>\n<meta property=\"og:site_name\" content=\"amec Positive Industry\" \/>\n<meta property=\"article:published_time\" content=\"2022-10-02T07:14:36+00:00\" \/>\n<meta property=\"og:image\" content=\"https:\/\/amec.es\/wp-content\/uploads\/2024\/02\/Logo_AMEC.png\" \/>\n\t<meta property=\"og:image:width\" content=\"1827\" \/>\n\t<meta property=\"og:image:height\" content=\"438\" \/>\n\t<meta property=\"og:image:type\" content=\"image\/png\" \/>\n<meta name=\"author\" content=\"webmaster\" \/>\n<meta name=\"twitter:card\" content=\"summary_large_image\" \/>\n<meta name=\"twitter:label1\" content=\"Escrit per\" \/>\n\t<meta name=\"twitter:data1\" content=\"webmaster\" \/>\n\t<meta name=\"twitter:label2\" content=\"Temps estimat de lectura\" \/>\n\t<meta name=\"twitter:data2\" content=\"4 minuts\" \/>\n<script type=\"application\/ld+json\" class=\"yoast-schema-graph\">{\"@context\":\"https:\\\/\\\/schema.org\",\"@graph\":[{\"@type\":\"Article\",\"@id\":\"https:\\\/\\\/amec.es\\\/ca\\\/articles-dexperts\\\/les-noves-cadenes-de-subministrament-glocals\\\/#article\",\"isPartOf\":{\"@id\":\"https:\\\/\\\/amec.es\\\/ca\\\/articles-dexperts\\\/les-noves-cadenes-de-subministrament-glocals\\\/\"},\"author\":{\"name\":\"webmaster\",\"@id\":\"https:\\\/\\\/amec.es\\\/#\\\/schema\\\/person\\\/377e1e145733915506a55297ad2fc830\"},\"headline\":\"Les noves cadenes de subministrament glocals\",\"datePublished\":\"2022-10-02T07:14:36+00:00\",\"mainEntityOfPage\":{\"@id\":\"https:\\\/\\\/amec.es\\\/ca\\\/articles-dexperts\\\/les-noves-cadenes-de-subministrament-glocals\\\/\"},\"wordCount\":880,\"commentCount\":0,\"publisher\":{\"@id\":\"https:\\\/\\\/amec.es\\\/#organization\"},\"image\":{\"@id\":\"https:\\\/\\\/amec.es\\\/ca\\\/articles-dexperts\\\/les-noves-cadenes-de-subministrament-glocals\\\/#primaryimage\"},\"thumbnailUrl\":\"\",\"articleSection\":[\"Articles d'experts\"],\"inLanguage\":\"ca\",\"potentialAction\":[{\"@type\":\"CommentAction\",\"name\":\"Comment\",\"target\":[\"https:\\\/\\\/amec.es\\\/ca\\\/articles-dexperts\\\/les-noves-cadenes-de-subministrament-glocals\\\/#respond\"]}]},{\"@type\":\"WebPage\",\"@id\":\"https:\\\/\\\/amec.es\\\/ca\\\/articles-dexperts\\\/les-noves-cadenes-de-subministrament-glocals\\\/\",\"url\":\"https:\\\/\\\/amec.es\\\/ca\\\/articles-dexperts\\\/les-noves-cadenes-de-subministrament-glocals\\\/\",\"name\":\"Les noves cadenes de subministrament glocals | amec Positive Industry\",\"isPartOf\":{\"@id\":\"https:\\\/\\\/amec.es\\\/#website\"},\"primaryImageOfPage\":{\"@id\":\"https:\\\/\\\/amec.es\\\/ca\\\/articles-dexperts\\\/les-noves-cadenes-de-subministrament-glocals\\\/#primaryimage\"},\"image\":{\"@id\":\"https:\\\/\\\/amec.es\\\/ca\\\/articles-dexperts\\\/les-noves-cadenes-de-subministrament-glocals\\\/#primaryimage\"},\"thumbnailUrl\":\"\",\"datePublished\":\"2022-10-02T07:14:36+00:00\",\"breadcrumb\":{\"@id\":\"https:\\\/\\\/amec.es\\\/ca\\\/articles-dexperts\\\/les-noves-cadenes-de-subministrament-glocals\\\/#breadcrumb\"},\"inLanguage\":\"ca\",\"potentialAction\":[{\"@type\":\"ReadAction\",\"target\":[\"https:\\\/\\\/amec.es\\\/ca\\\/articles-dexperts\\\/les-noves-cadenes-de-subministrament-glocals\\\/\"]}]},{\"@type\":\"ImageObject\",\"inLanguage\":\"ca\",\"@id\":\"https:\\\/\\\/amec.es\\\/ca\\\/articles-dexperts\\\/les-noves-cadenes-de-subministrament-glocals\\\/#primaryimage\",\"url\":\"\",\"contentUrl\":\"\"},{\"@type\":\"BreadcrumbList\",\"@id\":\"https:\\\/\\\/amec.es\\\/ca\\\/articles-dexperts\\\/les-noves-cadenes-de-subministrament-glocals\\\/#breadcrumb\",\"itemListElement\":[{\"@type\":\"ListItem\",\"position\":1,\"name\":\"Portada\",\"item\":\"https:\\\/\\\/amec.es\\\/ca\\\/home-new\\\/\"},{\"@type\":\"ListItem\",\"position\":2,\"name\":\"Les noves cadenes de subministrament glocals\"}]},{\"@type\":\"WebSite\",\"@id\":\"https:\\\/\\\/amec.es\\\/#website\",\"url\":\"https:\\\/\\\/amec.es\\\/\",\"name\":\"amec Positive Industry\",\"description\":\"\",\"publisher\":{\"@id\":\"https:\\\/\\\/amec.es\\\/#organization\"},\"potentialAction\":[{\"@type\":\"SearchAction\",\"target\":{\"@type\":\"EntryPoint\",\"urlTemplate\":\"https:\\\/\\\/amec.es\\\/?s={search_term_string}\"},\"query-input\":{\"@type\":\"PropertyValueSpecification\",\"valueRequired\":true,\"valueName\":\"search_term_string\"}}],\"inLanguage\":\"ca\"},{\"@type\":\"Organization\",\"@id\":\"https:\\\/\\\/amec.es\\\/#organization\",\"name\":\"amec Positive Industry\",\"url\":\"https:\\\/\\\/amec.es\\\/\",\"logo\":{\"@type\":\"ImageObject\",\"inLanguage\":\"ca\",\"@id\":\"https:\\\/\\\/amec.es\\\/#\\\/schema\\\/logo\\\/image\\\/\",\"url\":\"https:\\\/\\\/amec.es\\\/wp-content\\\/uploads\\\/2023\\\/07\\\/logoamec.png\",\"contentUrl\":\"https:\\\/\\\/amec.es\\\/wp-content\\\/uploads\\\/2023\\\/07\\\/logoamec.png\",\"width\":200,\"height\":48,\"caption\":\"amec Positive Industry\"},\"image\":{\"@id\":\"https:\\\/\\\/amec.es\\\/#\\\/schema\\\/logo\\\/image\\\/\"}},{\"@type\":\"Person\",\"@id\":\"https:\\\/\\\/amec.es\\\/#\\\/schema\\\/person\\\/377e1e145733915506a55297ad2fc830\",\"name\":\"webmaster\",\"image\":{\"@type\":\"ImageObject\",\"inLanguage\":\"ca\",\"@id\":\"https:\\\/\\\/secure.gravatar.com\\\/avatar\\\/1122ff7c82efe2079ddb19cd256fc39ab150caee9b258eeae8928e7f703c39f3?s=96&d=mm&r=g\",\"url\":\"https:\\\/\\\/secure.gravatar.com\\\/avatar\\\/1122ff7c82efe2079ddb19cd256fc39ab150caee9b258eeae8928e7f703c39f3?s=96&d=mm&r=g\",\"contentUrl\":\"https:\\\/\\\/secure.gravatar.com\\\/avatar\\\/1122ff7c82efe2079ddb19cd256fc39ab150caee9b258eeae8928e7f703c39f3?s=96&d=mm&r=g\",\"caption\":\"webmaster\"}}]}<\/script>\n<!-- \/ Yoast SEO plugin. -->","yoast_head_json":{"title":"Les noves cadenes de subministrament glocals | amec Positive Industry","robots":{"index":"index","follow":"follow","max-snippet":"max-snippet:-1","max-image-preview":"max-image-preview:large","max-video-preview":"max-video-preview:-1"},"canonical":"https:\/\/amec.es\/ca\/articles-dexperts\/les-noves-cadenes-de-subministrament-glocals\/","og_locale":"ca_ES","og_type":"article","og_title":"Les noves cadenes de subministrament glocals | amec Positive Industry","og_description":"Avui est\u00e0 en boca de tots el problema de subministraments mundial, per tensions i ruptures a les cadenes d'aprovisionament globals que generen inflaci\u00f3 i desprove\u00efment.","og_url":"https:\/\/amec.es\/ca\/articles-dexperts\/les-noves-cadenes-de-subministrament-glocals\/","og_site_name":"amec Positive Industry","article_published_time":"2022-10-02T07:14:36+00:00","og_image":[{"width":1827,"height":438,"url":"https:\/\/amec.es\/wp-content\/uploads\/2024\/02\/Logo_AMEC.png","type":"image\/png"}],"author":"webmaster","twitter_card":"summary_large_image","twitter_misc":{"Escrit per":"webmaster","Temps estimat de lectura":"4 minuts"},"schema":{"@context":"https:\/\/schema.org","@graph":[{"@type":"Article","@id":"https:\/\/amec.es\/ca\/articles-dexperts\/les-noves-cadenes-de-subministrament-glocals\/#article","isPartOf":{"@id":"https:\/\/amec.es\/ca\/articles-dexperts\/les-noves-cadenes-de-subministrament-glocals\/"},"author":{"name":"webmaster","@id":"https:\/\/amec.es\/#\/schema\/person\/377e1e145733915506a55297ad2fc830"},"headline":"Les noves cadenes de subministrament glocals","datePublished":"2022-10-02T07:14:36+00:00","mainEntityOfPage":{"@id":"https:\/\/amec.es\/ca\/articles-dexperts\/les-noves-cadenes-de-subministrament-glocals\/"},"wordCount":880,"commentCount":0,"publisher":{"@id":"https:\/\/amec.es\/#organization"},"image":{"@id":"https:\/\/amec.es\/ca\/articles-dexperts\/les-noves-cadenes-de-subministrament-glocals\/#primaryimage"},"thumbnailUrl":"","articleSection":["Articles d'experts"],"inLanguage":"ca","potentialAction":[{"@type":"CommentAction","name":"Comment","target":["https:\/\/amec.es\/ca\/articles-dexperts\/les-noves-cadenes-de-subministrament-glocals\/#respond"]}]},{"@type":"WebPage","@id":"https:\/\/amec.es\/ca\/articles-dexperts\/les-noves-cadenes-de-subministrament-glocals\/","url":"https:\/\/amec.es\/ca\/articles-dexperts\/les-noves-cadenes-de-subministrament-glocals\/","name":"Les noves cadenes de subministrament glocals | amec Positive Industry","isPartOf":{"@id":"https:\/\/amec.es\/#website"},"primaryImageOfPage":{"@id":"https:\/\/amec.es\/ca\/articles-dexperts\/les-noves-cadenes-de-subministrament-glocals\/#primaryimage"},"image":{"@id":"https:\/\/amec.es\/ca\/articles-dexperts\/les-noves-cadenes-de-subministrament-glocals\/#primaryimage"},"thumbnailUrl":"","datePublished":"2022-10-02T07:14:36+00:00","breadcrumb":{"@id":"https:\/\/amec.es\/ca\/articles-dexperts\/les-noves-cadenes-de-subministrament-glocals\/#breadcrumb"},"inLanguage":"ca","potentialAction":[{"@type":"ReadAction","target":["https:\/\/amec.es\/ca\/articles-dexperts\/les-noves-cadenes-de-subministrament-glocals\/"]}]},{"@type":"ImageObject","inLanguage":"ca","@id":"https:\/\/amec.es\/ca\/articles-dexperts\/les-noves-cadenes-de-subministrament-glocals\/#primaryimage","url":"","contentUrl":""},{"@type":"BreadcrumbList","@id":"https:\/\/amec.es\/ca\/articles-dexperts\/les-noves-cadenes-de-subministrament-glocals\/#breadcrumb","itemListElement":[{"@type":"ListItem","position":1,"name":"Portada","item":"https:\/\/amec.es\/ca\/home-new\/"},{"@type":"ListItem","position":2,"name":"Les noves cadenes de subministrament glocals"}]},{"@type":"WebSite","@id":"https:\/\/amec.es\/#website","url":"https:\/\/amec.es\/","name":"amec Positive Industry","description":"","publisher":{"@id":"https:\/\/amec.es\/#organization"},"potentialAction":[{"@type":"SearchAction","target":{"@type":"EntryPoint","urlTemplate":"https:\/\/amec.es\/?s={search_term_string}"},"query-input":{"@type":"PropertyValueSpecification","valueRequired":true,"valueName":"search_term_string"}}],"inLanguage":"ca"},{"@type":"Organization","@id":"https:\/\/amec.es\/#organization","name":"amec Positive Industry","url":"https:\/\/amec.es\/","logo":{"@type":"ImageObject","inLanguage":"ca","@id":"https:\/\/amec.es\/#\/schema\/logo\/image\/","url":"https:\/\/amec.es\/wp-content\/uploads\/2023\/07\/logoamec.png","contentUrl":"https:\/\/amec.es\/wp-content\/uploads\/2023\/07\/logoamec.png","width":200,"height":48,"caption":"amec Positive Industry"},"image":{"@id":"https:\/\/amec.es\/#\/schema\/logo\/image\/"}},{"@type":"Person","@id":"https:\/\/amec.es\/#\/schema\/person\/377e1e145733915506a55297ad2fc830","name":"webmaster","image":{"@type":"ImageObject","inLanguage":"ca","@id":"https:\/\/secure.gravatar.com\/avatar\/1122ff7c82efe2079ddb19cd256fc39ab150caee9b258eeae8928e7f703c39f3?s=96&d=mm&r=g","url":"https:\/\/secure.gravatar.com\/avatar\/1122ff7c82efe2079ddb19cd256fc39ab150caee9b258eeae8928e7f703c39f3?s=96&d=mm&r=g","contentUrl":"https:\/\/secure.gravatar.com\/avatar\/1122ff7c82efe2079ddb19cd256fc39ab150caee9b258eeae8928e7f703c39f3?s=96&d=mm&r=g","caption":"webmaster"}}]}},"_links":{"self":[{"href":"https:\/\/amec.es\/ca\/wp-json\/wp\/v2\/posts\/6706","targetHints":{"allow":["GET"]}}],"collection":[{"href":"https:\/\/amec.es\/ca\/wp-json\/wp\/v2\/posts"}],"about":[{"href":"https:\/\/amec.es\/ca\/wp-json\/wp\/v2\/types\/post"}],"author":[{"embeddable":true,"href":"https:\/\/amec.es\/ca\/wp-json\/wp\/v2\/users\/1"}],"replies":[{"embeddable":true,"href":"https:\/\/amec.es\/ca\/wp-json\/wp\/v2\/comments?post=6706"}],"version-history":[{"count":0,"href":"https:\/\/amec.es\/ca\/wp-json\/wp\/v2\/posts\/6706\/revisions"}],"wp:featuredmedia":[{"embeddable":true,"href":"https:\/\/amec.es\/ca\/wp-json\/"}],"wp:attachment":[{"href":"https:\/\/amec.es\/ca\/wp-json\/wp\/v2\/media?parent=6706"}],"wp:term":[{"taxonomy":"category","embeddable":true,"href":"https:\/\/amec.es\/ca\/wp-json\/wp\/v2\/categories?post=6706"},{"taxonomy":"post_tag","embeddable":true,"href":"https:\/\/amec.es\/ca\/wp-json\/wp\/v2\/tags?post=6706"}],"curies":[{"name":"wp","href":"https:\/\/api.w.org\/{rel}","templated":true}]}}