{"id":6710,"date":"2023-02-16T09:59:37","date_gmt":"2023-02-16T09:59:37","guid":{"rendered":"https:\/\/wecreatedesign.co\/dev\/WP\/amec\/?p=5732"},"modified":"2023-02-16T09:59:37","modified_gmt":"2023-02-16T09:59:37","slug":"la-industria-segueix-augmentant-les-seves-exportacions-tot-i-lalca-de-preus","status":"publish","type":"post","link":"https:\/\/amec.es\/ca\/notes-de-premsa\/la-industria-segueix-augmentant-les-seves-exportacions-tot-i-lalca-de-preus\/","title":{"rendered":"La ind\u00fastria segueix augmentant les seves exportacions tot i l\u2019al\u00e7a de preus"},"content":{"rendered":"<ul>\n<li><strong>\u201cLa geopol\u00edtica sempre ha tingut un impacte en l\u2019economia, per\u00f2 aquesta vegada succeeix de forma especial. La internacionalitzaci\u00f3 ha d\u2019estar atenta a les situacions geopol\u00edtiques\u201d, remarca el director general d\u2019amec, Joan Tristany.<\/strong><\/li>\n<\/ul>\n<p><strong><em>\u00a0<\/em><\/strong><\/p>\n<p><strong>Barcelona, \u200b\u200b16 de febrer de 2023.\u00a0<\/strong>El Ministeri d&#8217;Ind\u00fastria, Comer\u00e7 i Turisme ha publicat avui l\u2019informe de comer\u00e7 exterior, gener-desembre 2022, que indica que\u00a0<strong>les exportacions espanyoles van augmentar un 22,9% respecte l\u2019any anterior<\/strong>, fins als 389.208,9 milions d\u2019euros. Una vegada m\u00e9s, les exportacions se situen en un m\u00e0xim hist\u00f2ric. El creixement supera l&#8217;experimentat per la zona euro (21,0%) i la resta dels principals pa\u00efsos exportadors europeus, com s\u00f3n Alemanya (14,1%), Fran\u00e7a (19,1%) i It\u00e0lia (19,9%). Descomptant els efectes de la inflaci\u00f3, les exportacions van pujar en volum un 3,9% interanual, at\u00e8s que els preus, aproximats pels \u00edndexs de valor unitari, van cr\u00e9ixer un 18,3%.<\/p>\n<p>&nbsp;<\/p>\n<p>Les exportacions catalanes van augmentar un 17,9%, essent la segona en contribuir a l\u2019increment del conjunt de les vendes a l\u2019exterior, per darrera de Madrid, que va experimentar un 48,2% de creixement.<strong>\u00a0\u201cCatalunya ha tingut un augment constant perqu\u00e8 el sector industrial no va experimentar una davallada tan gran durant la pand\u00e8mia\u201d<\/strong>, explica el director general d\u2019<strong>amec<\/strong>, Joan Tristany, que afegeix que\u00a0<strong>\u201cles dades mostren com les comunitats on la ind\u00fastria juga un paper m\u00e9s important experimenten un comportament m\u00e9s resilient\u201d<\/strong>.<\/p>\n<p>&nbsp;<\/p>\n<p>Les exportacions de productes no energ\u00e8tics van augmentar un 2,7% en volum el 2022, despr\u00e9s de cr\u00e9ixer un 11,6% el 2021 per l\u2019efecte rebot despr\u00e9s de la pand\u00e8mia.\u00a0<strong>&#8220;Malgrat l&#8217;augment de preus i un entorn complex i molt incert, les empreses industrials espanyoles continuen augmentant les exportacions&#8221;<\/strong>, destaca el director general d&#8217;<strong>amec<\/strong>.\u00a0<strong>\u201cHem viscut en una incertesa en qu\u00e8 fins i tot hi havia qui vaticinava una recessi\u00f3 el juny del 2022. Aquest escenari es va anar posposant durant els mesos seg\u00fcents, una situaci\u00f3 cr\u00edtica que no anava arribant, i no ha arribat\u201d<\/strong>. Pel que fa al moment actual,\u00a0<strong>\u201dencara s\u2019aprecia l\u2019efecte de la inflaci\u00f3, que es troba en percentatges elevats en comparaci\u00f3 amb l\u2019\u00e8poca precovid. Tot i aix\u00f2, es constata que ja ha tocat sostre, i si b\u00e9 \u00e9s dif\u00edcil que els preus tornin als nivells anteriors, la veritat \u00e9s que l&#8217;economia segueix creixent\u201d<\/strong>, afegeix el director general d&#8217;<strong>amec<\/strong>.<\/p>\n<p>&nbsp;<\/p>\n<p>Cap sector va experimentar el 2022 un comportament negatiu.<strong>\u00a0\u201cComptem amb un sector exportador diversificat, cosa que brinda fortalesa a l&#8217;economia espanyola, tal com reflecteix l&#8217;\u00cdndex de Solidesa de la Internacionalitzaci\u00f3\u201d<\/strong>, destaca el director general d&#8217;<strong>amec<\/strong>.<\/p>\n<p>&nbsp;<\/p>\n<p>Tot i aix\u00ed, i davant d&#8217;un entorn de grans tensions geopol\u00edtiques,\u00a0<strong>amec<\/strong>\u00a0incideix en la import\u00e0ncia per a les empreses de fer prospectiva per tal de tenir capacitat d&#8217;anticipaci\u00f3 i d&#8217;adaptaci\u00f3 davant de qualsevol situaci\u00f3.<strong>\u00a0\u201cLa geopol\u00edtica sempre ha tingut un impacte a l&#8217;economia, per\u00f2 aquesta vegada passa de manera especial. La internacionalitzaci\u00f3 ha d&#8217;estar atenta a les situacions geopol\u00edtiques\u201d<\/strong>, remarca Tristany. Si b\u00e9 R\u00fassia estava en els \u00faltims anys experimentant un important creixement com a mercat, aquesta evoluci\u00f3 va canviar dr\u00e0sticament despr\u00e9s de l&#8217;inici de la guerra, i les exportacions van caure m\u00e9s del 42% el 2022, el mateix que les dirigides a Alg\u00e8ria (-45,9%), que al juny va bloquejar els intercanvis comercials amb Espanya per la disputa del S\u00e0hara Occidental.<\/p>\n<p>&nbsp;<\/p>\n<p>La Uni\u00f3 Europea mant\u00e9 el seu pes com a principal destinaci\u00f3 de les exportacions, amb un lleu augment fins a situar-se en el 62,8% del total. La Xina va passar d&#8217;un inici d&#8217;any amb caigudes per sobre del 30% a una millora important despr\u00e9s de la relaxaci\u00f3 de les pol\u00edtiques de contenci\u00f3 de la Covid-19, tancant l&#8217;any amb un descens de nom\u00e9s el 7,5%. Els EUA van experimentar un creixement del 28,1%, corroborant-se com el mercat m\u00e9s fiable per a les empreses exportadores, tal com va pronosticar el R\u00e0nquing de Mercats d&#8217;<strong>amec<\/strong>, dif\u00f3s el desembre de 2021, sobre els pa\u00efsos m\u00e9s interessants per a les empreses per al 2022.<\/p>\n<p>&nbsp;<\/p>\n<p>D&#8217;altra banda, pa\u00efsos com Brasil (37,6%), M\u00e8xic (26,2%) i l&#8217;\u00cdndia (21,9%) on, pels efectes de la pand\u00e8mia, es van prolongar els problemes d&#8217;intercanvi comercial, van experimentar el 2022 un rebot important. Marroc i Portugal, van mantenir al seu torn un creixement sostingut durant tot l&#8217;any.<\/p>\n<p>&nbsp;<\/p>\n<p><strong>amec impulsa els nous factors clau de competitivitat en les empreses<\/strong><\/p>\n<p>La comunitat de les empreses industrials internacionalitzades\u00a0<strong>amec<\/strong>\u00a0impulsa els nous factors clau de competitivitat en les empreses de tot l\u2019Estat:\u00a0<a href=\"https:\/\/www.youtube.com\/watch?v=SDztjgsQdBk&amp;feature=youtu.be\"><strong>anticipaci\u00f3, adaptabilitat, col\u00b7laboraci\u00f3, glocalitzaci\u00f3 i sostenibilitat<\/strong><\/a>. S\u00f3n uns factors que estan esdevenint essencials en l\u2019actual situaci\u00f3 de crisi per l\u2019impacte de la Covid-19 en l\u2019activitat industrial del nostre pa\u00eds. Les empreses que formen part d\u2019<strong>amec<\/strong>\u00a0generen un volum d&#8217;exportaci\u00f3 superior als 6.200 milions d&#8217;euros, exporten una mitjana del 56,3% de la seva facturaci\u00f3 i inverteixen el 4,4% en innovaci\u00f3.<\/p>\n<p>&nbsp;<\/p>\n<p><strong>Per a m\u00e9s informaci\u00f3:<\/strong><\/p>\n<p>Gl\u00f2ria Ayuso\u00a0<a href=\"mailto:Gloria.ayuso@ga-binet.com\">Gloria.ayuso@ga-binet.com<\/a><\/p>\n<p>Tel. 654609518<\/p>\n","protected":false},"excerpt":{"rendered":"<p>\u201cLa geopol\u00edtica sempre ha tingut un impacte en l\u2019economia, per\u00f2 aquesta vegada succeeix de forma especial. La internacionalitzaci\u00f3 ha d\u2019estar atenta a les situacions geopol\u00edtiques\u201d, remarca el director general d\u2019amec, Joan Tristany. \u00a0 Barcelona, \u200b\u200b16 de febrer de 2023.\u00a0El Ministeri d&#8217;Ind\u00fastria, Comer\u00e7 i Turisme ha publicat avui l\u2019informe de comer\u00e7 exterior, gener-desembre 2022, que indica [&hellip;]<\/p>\n","protected":false},"author":1,"featured_media":0,"comment_status":"open","ping_status":"open","sticky":false,"template":"","format":"standard","meta":{"inline_featured_image":false,"footnotes":""},"categories":[28],"tags":[],"class_list":["post-6710","post","type-post","status-publish","format-standard","hentry","category-notes-de-premsa"],"yoast_head":"<!-- This site is optimized with the Yoast SEO plugin v27.3 - https:\/\/yoast.com\/product\/yoast-seo-wordpress\/ -->\n<title>La ind\u00fastria segueix augmentant les seves exportacions tot i l\u2019al\u00e7a de preus | amec Positive Industry<\/title>\n<meta name=\"robots\" content=\"index, follow, max-snippet:-1, max-image-preview:large, max-video-preview:-1\" \/>\n<link rel=\"canonical\" href=\"https:\/\/amec.es\/ca\/notes-de-premsa\/la-industria-segueix-augmentant-les-seves-exportacions-tot-i-lalca-de-preus\/\" \/>\n<meta property=\"og:locale\" content=\"ca_ES\" \/>\n<meta property=\"og:type\" content=\"article\" \/>\n<meta property=\"og:title\" content=\"La ind\u00fastria segueix augmentant les seves exportacions tot i l\u2019al\u00e7a de preus | amec Positive Industry\" \/>\n<meta property=\"og:description\" content=\"\u201cLa geopol\u00edtica sempre ha tingut un impacte en l\u2019economia, per\u00f2 aquesta vegada succeeix de forma especial. La internacionalitzaci\u00f3 ha d\u2019estar atenta a les situacions geopol\u00edtiques\u201d, remarca el director general d\u2019amec, Joan Tristany. \u00a0 Barcelona, \u200b\u200b16 de febrer de 2023.\u00a0El Ministeri d&#8217;Ind\u00fastria, Comer\u00e7 i Turisme ha publicat avui l\u2019informe de comer\u00e7 exterior, gener-desembre 2022, que indica [&hellip;]\" \/>\n<meta property=\"og:url\" content=\"https:\/\/amec.es\/ca\/notes-de-premsa\/la-industria-segueix-augmentant-les-seves-exportacions-tot-i-lalca-de-preus\/\" \/>\n<meta property=\"og:site_name\" content=\"amec Positive Industry\" \/>\n<meta property=\"article:published_time\" content=\"2023-02-16T09:59:37+00:00\" \/>\n<meta property=\"og:image\" content=\"https:\/\/amec.es\/wp-content\/uploads\/2024\/02\/Logo_AMEC.png\" \/>\n\t<meta property=\"og:image:width\" content=\"1827\" \/>\n\t<meta property=\"og:image:height\" content=\"438\" \/>\n\t<meta property=\"og:image:type\" content=\"image\/png\" \/>\n<meta name=\"author\" content=\"webmaster\" \/>\n<meta name=\"twitter:card\" content=\"summary_large_image\" \/>\n<meta name=\"twitter:label1\" content=\"Escrit per\" \/>\n\t<meta name=\"twitter:data1\" content=\"webmaster\" \/>\n\t<meta name=\"twitter:label2\" content=\"Temps estimat de lectura\" \/>\n\t<meta name=\"twitter:data2\" content=\"4 minuts\" \/>\n<script type=\"application\/ld+json\" class=\"yoast-schema-graph\">{\"@context\":\"https:\\\/\\\/schema.org\",\"@graph\":[{\"@type\":\"Article\",\"@id\":\"https:\\\/\\\/amec.es\\\/ca\\\/notes-de-premsa\\\/la-industria-segueix-augmentant-les-seves-exportacions-tot-i-lalca-de-preus\\\/#article\",\"isPartOf\":{\"@id\":\"https:\\\/\\\/amec.es\\\/ca\\\/notes-de-premsa\\\/la-industria-segueix-augmentant-les-seves-exportacions-tot-i-lalca-de-preus\\\/\"},\"author\":{\"name\":\"webmaster\",\"@id\":\"https:\\\/\\\/amec.es\\\/#\\\/schema\\\/person\\\/377e1e145733915506a55297ad2fc830\"},\"headline\":\"La ind\u00fastria segueix augmentant les seves exportacions tot i l\u2019al\u00e7a de preus\",\"datePublished\":\"2023-02-16T09:59:37+00:00\",\"mainEntityOfPage\":{\"@id\":\"https:\\\/\\\/amec.es\\\/ca\\\/notes-de-premsa\\\/la-industria-segueix-augmentant-les-seves-exportacions-tot-i-lalca-de-preus\\\/\"},\"wordCount\":864,\"commentCount\":0,\"publisher\":{\"@id\":\"https:\\\/\\\/amec.es\\\/#organization\"},\"articleSection\":[\"Notes de premsa\"],\"inLanguage\":\"ca\",\"potentialAction\":[{\"@type\":\"CommentAction\",\"name\":\"Comment\",\"target\":[\"https:\\\/\\\/amec.es\\\/ca\\\/notes-de-premsa\\\/la-industria-segueix-augmentant-les-seves-exportacions-tot-i-lalca-de-preus\\\/#respond\"]}]},{\"@type\":\"WebPage\",\"@id\":\"https:\\\/\\\/amec.es\\\/ca\\\/notes-de-premsa\\\/la-industria-segueix-augmentant-les-seves-exportacions-tot-i-lalca-de-preus\\\/\",\"url\":\"https:\\\/\\\/amec.es\\\/ca\\\/notes-de-premsa\\\/la-industria-segueix-augmentant-les-seves-exportacions-tot-i-lalca-de-preus\\\/\",\"name\":\"La ind\u00fastria segueix augmentant les seves exportacions tot i l\u2019al\u00e7a de preus | amec Positive Industry\",\"isPartOf\":{\"@id\":\"https:\\\/\\\/amec.es\\\/#website\"},\"datePublished\":\"2023-02-16T09:59:37+00:00\",\"breadcrumb\":{\"@id\":\"https:\\\/\\\/amec.es\\\/ca\\\/notes-de-premsa\\\/la-industria-segueix-augmentant-les-seves-exportacions-tot-i-lalca-de-preus\\\/#breadcrumb\"},\"inLanguage\":\"ca\",\"potentialAction\":[{\"@type\":\"ReadAction\",\"target\":[\"https:\\\/\\\/amec.es\\\/ca\\\/notes-de-premsa\\\/la-industria-segueix-augmentant-les-seves-exportacions-tot-i-lalca-de-preus\\\/\"]}]},{\"@type\":\"BreadcrumbList\",\"@id\":\"https:\\\/\\\/amec.es\\\/ca\\\/notes-de-premsa\\\/la-industria-segueix-augmentant-les-seves-exportacions-tot-i-lalca-de-preus\\\/#breadcrumb\",\"itemListElement\":[{\"@type\":\"ListItem\",\"position\":1,\"name\":\"Portada\",\"item\":\"https:\\\/\\\/amec.es\\\/ca\\\/home-new\\\/\"},{\"@type\":\"ListItem\",\"position\":2,\"name\":\"La ind\u00fastria segueix augmentant les seves exportacions tot i l\u2019al\u00e7a de preus\"}]},{\"@type\":\"WebSite\",\"@id\":\"https:\\\/\\\/amec.es\\\/#website\",\"url\":\"https:\\\/\\\/amec.es\\\/\",\"name\":\"amec Positive Industry\",\"description\":\"\",\"publisher\":{\"@id\":\"https:\\\/\\\/amec.es\\\/#organization\"},\"potentialAction\":[{\"@type\":\"SearchAction\",\"target\":{\"@type\":\"EntryPoint\",\"urlTemplate\":\"https:\\\/\\\/amec.es\\\/?s={search_term_string}\"},\"query-input\":{\"@type\":\"PropertyValueSpecification\",\"valueRequired\":true,\"valueName\":\"search_term_string\"}}],\"inLanguage\":\"ca\"},{\"@type\":\"Organization\",\"@id\":\"https:\\\/\\\/amec.es\\\/#organization\",\"name\":\"amec Positive Industry\",\"url\":\"https:\\\/\\\/amec.es\\\/\",\"logo\":{\"@type\":\"ImageObject\",\"inLanguage\":\"ca\",\"@id\":\"https:\\\/\\\/amec.es\\\/#\\\/schema\\\/logo\\\/image\\\/\",\"url\":\"https:\\\/\\\/amec.es\\\/wp-content\\\/uploads\\\/2023\\\/07\\\/logoamec.png\",\"contentUrl\":\"https:\\\/\\\/amec.es\\\/wp-content\\\/uploads\\\/2023\\\/07\\\/logoamec.png\",\"width\":200,\"height\":48,\"caption\":\"amec Positive Industry\"},\"image\":{\"@id\":\"https:\\\/\\\/amec.es\\\/#\\\/schema\\\/logo\\\/image\\\/\"}},{\"@type\":\"Person\",\"@id\":\"https:\\\/\\\/amec.es\\\/#\\\/schema\\\/person\\\/377e1e145733915506a55297ad2fc830\",\"name\":\"webmaster\",\"image\":{\"@type\":\"ImageObject\",\"inLanguage\":\"ca\",\"@id\":\"https:\\\/\\\/secure.gravatar.com\\\/avatar\\\/1122ff7c82efe2079ddb19cd256fc39ab150caee9b258eeae8928e7f703c39f3?s=96&d=mm&r=g\",\"url\":\"https:\\\/\\\/secure.gravatar.com\\\/avatar\\\/1122ff7c82efe2079ddb19cd256fc39ab150caee9b258eeae8928e7f703c39f3?s=96&d=mm&r=g\",\"contentUrl\":\"https:\\\/\\\/secure.gravatar.com\\\/avatar\\\/1122ff7c82efe2079ddb19cd256fc39ab150caee9b258eeae8928e7f703c39f3?s=96&d=mm&r=g\",\"caption\":\"webmaster\"}}]}<\/script>\n<!-- \/ Yoast SEO plugin. -->","yoast_head_json":{"title":"La ind\u00fastria segueix augmentant les seves exportacions tot i l\u2019al\u00e7a de preus | amec Positive Industry","robots":{"index":"index","follow":"follow","max-snippet":"max-snippet:-1","max-image-preview":"max-image-preview:large","max-video-preview":"max-video-preview:-1"},"canonical":"https:\/\/amec.es\/ca\/notes-de-premsa\/la-industria-segueix-augmentant-les-seves-exportacions-tot-i-lalca-de-preus\/","og_locale":"ca_ES","og_type":"article","og_title":"La ind\u00fastria segueix augmentant les seves exportacions tot i l\u2019al\u00e7a de preus | amec Positive Industry","og_description":"\u201cLa geopol\u00edtica sempre ha tingut un impacte en l\u2019economia, per\u00f2 aquesta vegada succeeix de forma especial. La internacionalitzaci\u00f3 ha d\u2019estar atenta a les situacions geopol\u00edtiques\u201d, remarca el director general d\u2019amec, Joan Tristany. \u00a0 Barcelona, \u200b\u200b16 de febrer de 2023.\u00a0El Ministeri d&#8217;Ind\u00fastria, Comer\u00e7 i Turisme ha publicat avui l\u2019informe de comer\u00e7 exterior, gener-desembre 2022, que indica [&hellip;]","og_url":"https:\/\/amec.es\/ca\/notes-de-premsa\/la-industria-segueix-augmentant-les-seves-exportacions-tot-i-lalca-de-preus\/","og_site_name":"amec Positive Industry","article_published_time":"2023-02-16T09:59:37+00:00","og_image":[{"width":1827,"height":438,"url":"https:\/\/amec.es\/wp-content\/uploads\/2024\/02\/Logo_AMEC.png","type":"image\/png"}],"author":"webmaster","twitter_card":"summary_large_image","twitter_misc":{"Escrit per":"webmaster","Temps estimat de lectura":"4 minuts"},"schema":{"@context":"https:\/\/schema.org","@graph":[{"@type":"Article","@id":"https:\/\/amec.es\/ca\/notes-de-premsa\/la-industria-segueix-augmentant-les-seves-exportacions-tot-i-lalca-de-preus\/#article","isPartOf":{"@id":"https:\/\/amec.es\/ca\/notes-de-premsa\/la-industria-segueix-augmentant-les-seves-exportacions-tot-i-lalca-de-preus\/"},"author":{"name":"webmaster","@id":"https:\/\/amec.es\/#\/schema\/person\/377e1e145733915506a55297ad2fc830"},"headline":"La ind\u00fastria segueix augmentant les seves exportacions tot i l\u2019al\u00e7a de preus","datePublished":"2023-02-16T09:59:37+00:00","mainEntityOfPage":{"@id":"https:\/\/amec.es\/ca\/notes-de-premsa\/la-industria-segueix-augmentant-les-seves-exportacions-tot-i-lalca-de-preus\/"},"wordCount":864,"commentCount":0,"publisher":{"@id":"https:\/\/amec.es\/#organization"},"articleSection":["Notes de premsa"],"inLanguage":"ca","potentialAction":[{"@type":"CommentAction","name":"Comment","target":["https:\/\/amec.es\/ca\/notes-de-premsa\/la-industria-segueix-augmentant-les-seves-exportacions-tot-i-lalca-de-preus\/#respond"]}]},{"@type":"WebPage","@id":"https:\/\/amec.es\/ca\/notes-de-premsa\/la-industria-segueix-augmentant-les-seves-exportacions-tot-i-lalca-de-preus\/","url":"https:\/\/amec.es\/ca\/notes-de-premsa\/la-industria-segueix-augmentant-les-seves-exportacions-tot-i-lalca-de-preus\/","name":"La ind\u00fastria segueix augmentant les seves exportacions tot i l\u2019al\u00e7a de preus | amec Positive Industry","isPartOf":{"@id":"https:\/\/amec.es\/#website"},"datePublished":"2023-02-16T09:59:37+00:00","breadcrumb":{"@id":"https:\/\/amec.es\/ca\/notes-de-premsa\/la-industria-segueix-augmentant-les-seves-exportacions-tot-i-lalca-de-preus\/#breadcrumb"},"inLanguage":"ca","potentialAction":[{"@type":"ReadAction","target":["https:\/\/amec.es\/ca\/notes-de-premsa\/la-industria-segueix-augmentant-les-seves-exportacions-tot-i-lalca-de-preus\/"]}]},{"@type":"BreadcrumbList","@id":"https:\/\/amec.es\/ca\/notes-de-premsa\/la-industria-segueix-augmentant-les-seves-exportacions-tot-i-lalca-de-preus\/#breadcrumb","itemListElement":[{"@type":"ListItem","position":1,"name":"Portada","item":"https:\/\/amec.es\/ca\/home-new\/"},{"@type":"ListItem","position":2,"name":"La ind\u00fastria segueix augmentant les seves exportacions tot i l\u2019al\u00e7a de preus"}]},{"@type":"WebSite","@id":"https:\/\/amec.es\/#website","url":"https:\/\/amec.es\/","name":"amec Positive Industry","description":"","publisher":{"@id":"https:\/\/amec.es\/#organization"},"potentialAction":[{"@type":"SearchAction","target":{"@type":"EntryPoint","urlTemplate":"https:\/\/amec.es\/?s={search_term_string}"},"query-input":{"@type":"PropertyValueSpecification","valueRequired":true,"valueName":"search_term_string"}}],"inLanguage":"ca"},{"@type":"Organization","@id":"https:\/\/amec.es\/#organization","name":"amec Positive Industry","url":"https:\/\/amec.es\/","logo":{"@type":"ImageObject","inLanguage":"ca","@id":"https:\/\/amec.es\/#\/schema\/logo\/image\/","url":"https:\/\/amec.es\/wp-content\/uploads\/2023\/07\/logoamec.png","contentUrl":"https:\/\/amec.es\/wp-content\/uploads\/2023\/07\/logoamec.png","width":200,"height":48,"caption":"amec Positive Industry"},"image":{"@id":"https:\/\/amec.es\/#\/schema\/logo\/image\/"}},{"@type":"Person","@id":"https:\/\/amec.es\/#\/schema\/person\/377e1e145733915506a55297ad2fc830","name":"webmaster","image":{"@type":"ImageObject","inLanguage":"ca","@id":"https:\/\/secure.gravatar.com\/avatar\/1122ff7c82efe2079ddb19cd256fc39ab150caee9b258eeae8928e7f703c39f3?s=96&d=mm&r=g","url":"https:\/\/secure.gravatar.com\/avatar\/1122ff7c82efe2079ddb19cd256fc39ab150caee9b258eeae8928e7f703c39f3?s=96&d=mm&r=g","contentUrl":"https:\/\/secure.gravatar.com\/avatar\/1122ff7c82efe2079ddb19cd256fc39ab150caee9b258eeae8928e7f703c39f3?s=96&d=mm&r=g","caption":"webmaster"}}]}},"_links":{"self":[{"href":"https:\/\/amec.es\/ca\/wp-json\/wp\/v2\/posts\/6710","targetHints":{"allow":["GET"]}}],"collection":[{"href":"https:\/\/amec.es\/ca\/wp-json\/wp\/v2\/posts"}],"about":[{"href":"https:\/\/amec.es\/ca\/wp-json\/wp\/v2\/types\/post"}],"author":[{"embeddable":true,"href":"https:\/\/amec.es\/ca\/wp-json\/wp\/v2\/users\/1"}],"replies":[{"embeddable":true,"href":"https:\/\/amec.es\/ca\/wp-json\/wp\/v2\/comments?post=6710"}],"version-history":[{"count":0,"href":"https:\/\/amec.es\/ca\/wp-json\/wp\/v2\/posts\/6710\/revisions"}],"wp:attachment":[{"href":"https:\/\/amec.es\/ca\/wp-json\/wp\/v2\/media?parent=6710"}],"wp:term":[{"taxonomy":"category","embeddable":true,"href":"https:\/\/amec.es\/ca\/wp-json\/wp\/v2\/categories?post=6710"},{"taxonomy":"post_tag","embeddable":true,"href":"https:\/\/amec.es\/ca\/wp-json\/wp\/v2\/tags?post=6710"}],"curies":[{"name":"wp","href":"https:\/\/api.w.org\/{rel}","templated":true}]}}